{"id":113078,"date":"2020-07-03T11:58:21","date_gmt":"2020-07-03T14:58:21","guid":{"rendered":"http:\/\/www.hoymercedes.com.ar\/principal\/?p=113078"},"modified":"2020-07-03T23:27:00","modified_gmt":"2020-07-04T02:27:00","slug":"nuevos-matriculados-abogados-prestaron-juramento-virtual","status":"publish","type":"post","link":"https:\/\/www.hoymercedes.com.ar\/principal\/2020\/07\/03\/nuevos-matriculados-abogados-prestaron-juramento-virtual\/","title":{"rendered":"Nuevos matriculados: Abogados prestaron juramento virtual"},"content":{"rendered":"\n<p>El pasado martes 30 de junio el Colegio de Abogados del Departamento Judicial Mercedes (CADJM) llev\u00f3 a cabo la segunda ceremonia de juramento del 2020. En el marco de la actual emergencia sanitaria la instituci\u00f3n llev\u00f3 a cabo la jornada de manera virtual.<\/p>\n\n\n\n<div class=\"wp-block-image\"><figure class=\"aligncenter size-large\"><img loading=\"lazy\" decoding=\"async\" width=\"901\" height=\"601\" data-attachment-id=\"113079\" data-permalink=\"https:\/\/www.hoymercedes.com.ar\/principal\/2020\/07\/03\/nuevos-matriculados-abogados-prestaron-juramento-virtual\/03-abogados-virtual\/#main\" data-orig-file=\"https:\/\/www.hoymercedes.com.ar\/principal\/wp-content\/uploads\/2020\/07\/03-abogados-Virtual.png\" data-orig-size=\"901,601\" data-comments-opened=\"0\" data-image-meta=\"{&quot;aperture&quot;:&quot;0&quot;,&quot;credit&quot;:&quot;&quot;,&quot;camera&quot;:&quot;&quot;,&quot;caption&quot;:&quot;&quot;,&quot;created_timestamp&quot;:&quot;0&quot;,&quot;copyright&quot;:&quot;&quot;,&quot;focal_length&quot;:&quot;0&quot;,&quot;iso&quot;:&quot;0&quot;,&quot;shutter_speed&quot;:&quot;0&quot;,&quot;title&quot;:&quot;&quot;,&quot;orientation&quot;:&quot;0&quot;}\" data-image-title=\"03-abogados-Virtual\" data-image-description=\"\" data-image-caption=\"\" data-large-file=\"https:\/\/www.hoymercedes.com.ar\/principal\/wp-content\/uploads\/2020\/07\/03-abogados-Virtual.png\" src=\"https:\/\/www.hoymercedes.com.ar\/principal\/wp-content\/uploads\/2020\/07\/03-abogados-Virtual.png\" alt=\"\" class=\"wp-image-113079\"\/><\/figure><\/div>\n\n\n\n<p>En el mes del 104\u00b0 aniversario de la instituci\u00f3n las autoridades decidieron realizar la jura, por primera vez en su historia, mediante una plataforma de teleconferencia. Desde sus respectivos hogares fue el presidente del CADJM,\u00a0Dr. Mateo Laborde, quien tom\u00f3 juramento a los nuevos matriculados. \u200b<\/p>\n\n\n\n<p><em>\u00abEstamos agradecidos que ustedes se presten a jurar en este sistema que hemos reci\u00e9n inaugurado. En el futuro mucha de nuestra tarea se apoya en adelantos tecnol\u00f3gicos que mejorar\u00e1n nuestra profesi\u00f3n, el servicio de justicia y la vida de la sociedad\u00bb<\/em>&nbsp;coment\u00f3 el Dr. Laborde en el inicio de la sesi\u00f3n. \u200b<\/p>\n\n\n\n<p>Y agreg\u00f3:&nbsp;<em>\u00abesta es la bienvenida a una profesi\u00f3n maravillosa que nosotros amamos y defendemos, es la profesi\u00f3n donde ustedes van a ejercer los beneficios de la libertad, van a poder desarrollarse personalmente y ser pilares de la sociedad para mantener la paz social.\u00bb\u200b<\/em><\/p>\n\n\n\n<p>Tras tomar juramento a los 5 nuevos matriculados fue el&nbsp;<strong>Dr. Manuel Blanco<\/strong>&nbsp;quien se expres\u00f3 en representaci\u00f3n de sus pares:&nbsp;<em>\u00abestoy muy agradecido por la oportunidad de efectuar la jura de manera virtual, si no lo hubi\u00e9semos hecho as\u00ed no podr\u00edamos ejercer la profesi\u00f3n en esta \u00e9poca. Esto muestra un avance de los Colegios de Abogados del Departamento y la Provincia.\u00bb\u200b<\/em><\/p>\n\n\n\n<p>Mientras dure la actual pandemia, el CADJM seguir\u00e1 llevando a cabo la jura de manera virtual con el objetivo de asegurar el ingreso de los nuevos profesionales de la abogac\u00eda a la instituci\u00f3n y garantizar la seguridad sanitaria de los intervinientes. \u200b<\/p>\n\n\n\n<p>Tambi\u00e9n participaron de esta jura hist\u00f3rica las siguientes autoridades;&nbsp;<strong>Dr. Domingo De Paola<\/strong>, vicepresidente primero;&nbsp;<strong>Dr. Jorge Ludovico<\/strong>, vicepresidente segundo,&nbsp;<strong>Dr. Lucas G\u00f3mez<\/strong>, secretario,&nbsp;<strong>Dr. Leandro Vero<\/strong>, presidente de la Comisi\u00f3n de la Abogac\u00eda Joven del CADJM.\u200b<\/p>\n\n\n\n<p><strong>Juraron oficialmente:<\/strong><\/p>\n\n\n\n<p>DRA. Giunta Anyelen Anah\u00ed &#8211; T\u00b0XI F\u00b0254<br>DRA. Serrani Estefan\u00eda\u00a0 &#8211; T\u00b0XI F\u00b0255<br>DRA. Dova Micaela Milagros &#8211; T\u00b0XI F\u00b0256<br>DR. Blanco Manuel &#8211; T\u00b0XI F\u00b0257<br>DR. Morales Gerardo Oscar &#8211; T\u00b0XI F\u00b0258<\/p>\n","protected":false},"excerpt":{"rendered":"<p>El pasado martes 30 de junio el Colegio de Abogados del Departamento Judicial Mercedes (CADJM) llev\u00f3 a cabo la segunda &#8230; <a title=\"Nuevos matriculados: Abogados prestaron juramento virtual\" class=\"read-more\" href=\"https:\/\/www.hoymercedes.com.ar\/principal\/2020\/07\/03\/nuevos-matriculados-abogados-prestaron-juramento-virtual\/\" aria-label=\"Leer m\u00e1s sobre Nuevos matriculados: Abogados prestaron juramento virtual\">Leer m\u00e1s<\/a><\/p>\n","protected":false},"author":1,"featured_media":113079,"comment_status":"closed","ping_status":"open","sticky":false,"template":"","format":"standard","meta":{"_monsterinsights_skip_tracking":false,"_monsterinsights_sitenote_active":false,"_monsterinsights_sitenote_note":"","_monsterinsights_sitenote_category":0,"jetpack_post_was_ever_published":false,"_jetpack_newsletter_access":"","_jetpack_dont_email_post_to_subs":false,"_jetpack_newsletter_tier_id":0,"_jetpack_memberships_contains_paywalled_content":false,"_jetpack_memberships_contains_paid_content":false,"footnotes":"","jetpack_publicize_message":"","jetpack_publicize_feature_enabled":true,"jetpack_social_post_already_shared":true,"jetpack_social_options":{"image_generator_settings":{"template":"highway","default_image_id":0,"font":"","enabled":false},"version":2},"_wpas_customize_per_network":false},"categories":[8],"tags":[928,16804,12400,10792],"class_list":["post-113078","post","type-post","status-publish","format-standard","has-post-thumbnail","hentry","category-sociedad","tag-colegio-de-abogados","tag-depto-judicial-mercedes","tag-juramento","tag-matriculados","generate-columns","tablet-grid-50","mobile-grid-100","grid-parent","grid-50"],"jetpack_publicize_connections":[],"jetpack_featured_media_url":"https:\/\/www.hoymercedes.com.ar\/principal\/wp-content\/uploads\/2020\/07\/03-abogados-Virtual.png","wps_subtitle":"Profesionales en el Depto Judicial","jetpack_sharing_enabled":true,"_links":{"self":[{"href":"https:\/\/www.hoymercedes.com.ar\/principal\/wp-json\/wp\/v2\/posts\/113078","targetHints":{"allow":["GET"]}}],"collection":[{"href":"https:\/\/www.hoymercedes.com.ar\/principal\/wp-json\/wp\/v2\/posts"}],"about":[{"href":"https:\/\/www.hoymercedes.com.ar\/principal\/wp-json\/wp\/v2\/types\/post"}],"author":[{"embeddable":true,"href":"https:\/\/www.hoymercedes.com.ar\/principal\/wp-json\/wp\/v2\/users\/1"}],"replies":[{"embeddable":true,"href":"https:\/\/www.hoymercedes.com.ar\/principal\/wp-json\/wp\/v2\/comments?post=113078"}],"version-history":[{"count":0,"href":"https:\/\/www.hoymercedes.com.ar\/principal\/wp-json\/wp\/v2\/posts\/113078\/revisions"}],"wp:featuredmedia":[{"embeddable":true,"href":"https:\/\/www.hoymercedes.com.ar\/principal\/wp-json\/wp\/v2\/media\/113079"}],"wp:attachment":[{"href":"https:\/\/www.hoymercedes.com.ar\/principal\/wp-json\/wp\/v2\/media?parent=113078"}],"wp:term":[{"taxonomy":"category","embeddable":true,"href":"https:\/\/www.hoymercedes.com.ar\/principal\/wp-json\/wp\/v2\/categories?post=113078"},{"taxonomy":"post_tag","embeddable":true,"href":"https:\/\/www.hoymercedes.com.ar\/principal\/wp-json\/wp\/v2\/tags?post=113078"}],"curies":[{"name":"wp","href":"https:\/\/api.w.org\/{rel}","templated":true}]}}