{"id":113096,"date":"2020-07-03T22:05:14","date_gmt":"2020-07-04T01:05:14","guid":{"rendered":"http:\/\/www.hoymercedes.com.ar\/principal\/?p=113096"},"modified":"2020-07-03T22:52:05","modified_gmt":"2020-07-04T01:52:05","slug":"coronavirus-crecen-los-casos-positivos-en-la-region","status":"publish","type":"post","link":"https:\/\/www.hoymercedes.com.ar\/principal\/2020\/07\/03\/coronavirus-crecen-los-casos-positivos-en-la-region\/","title":{"rendered":"Coronavirus: crecen los casos positivos en la regi\u00f3n"},"content":{"rendered":"\n<p>La regi\u00f3n presenta casos nuevos de covid-19 cada d\u00eda. Luj\u00e1n contin\u00faa con su curva ascendente de casos, Chivilcoy super\u00f3 los 30 casos positivos, Suipacha cierra su Hospital por el aislamiento obligatorio de sus m\u00e9dicos, San Andr\u00e9s de Giles est\u00e1 atento a potenciales contagios en un geri\u00e1trico, San Antonio y Carmen de Areco tambi\u00e9n sumaron nuevos casos positivos de COVID-19 en los \u00faltimos d\u00edas. <\/p>\n\n\n\n<p>Mercedes super\u00f3 los 40 casos positivos de coronavirus y ayer se anticip\u00f3 que estamos rumbo a que la transmisi\u00f3n comunitaria se concrete. Uno de los motivos de esto es el crecimiento de casos confirmados en la regi\u00f3n. En Luj\u00e1n, al estar dentro del tercer cord\u00f3n del conurbano y formar parte del AMBA, transita una cuarentena estricta hasta el 17 de julio. Con m\u00e1s de 180 casos positivos, cada d\u00eda confirma nuevos casos, entre ellos varios ni\u00f1os  y m\u00e1s adultos mayores, y cada d\u00eda tienen nuevos casos en estudio. <\/p>\n\n\n\n<p>En la regi\u00f3n preocupa Chivilcoy y Suipacha. Las dos localidades hasta hace diez d\u00edas estaban iniciando la fase 5. Pero debieron dar marcha atr\u00e1s. En poco m\u00e1s de una semana, Chivilcoy super\u00f3 los 30 casos positivos de covid-19. De los 33 pacientes afectados en la ciudad, siete fueron dados de alta, una se\u00f1ora falleci\u00f3 y 25 est\u00e1n activos. Lo particular es que 11 casos est\u00e1n relacionados con trabajadores de la salud. No obstante, su intendente Guillermo Britos remarc\u00f3 en conferencia de prensa en la ma\u00f1ana del jueves que \u00abno tienen circulaci\u00f3n del virus\u00bb. <\/p>\n\n\n\n<p>Por su parte, Suipacha tiene como principal preocupaci\u00f3n los contagios entre los m\u00e9dicos relacionados con el Dr. Castillo, que hab\u00eda sido contratado por el Municipio para atender en la localidad, pero hace unos d\u00edas falleci\u00f3 con Covid-19, alertando a los profesionales de la salud de la vecina localidad. En la tarde del viernes, el Intendente Alejandro Federico anunci\u00f3 que los profesionales de la salud que tuvieron contacto estrecho con el m\u00e9dico, cinco de ellos dieron positivo. Luego de anunciar la reducci\u00f3n de la atenci\u00f3n solo a las emergencias y partos, anunciaron que los profesionales estar\u00e1n en aislamiento pero est\u00e1n a la espera de la situaci\u00f3n y de la propuesta que puedan dar desde la  Regi\u00f3n Sanitaria. Asimismo, el Jefe Comunal confirm\u00f3 la fase 4 y ma\u00f1ana, s\u00e1bado, decidir\u00e1n c\u00f3mo continuar\u00e1n a partir del lunes.  <\/p>\n\n\n\n<p>El Municipio de San Andr\u00e9s de Giles expres\u00f3 su preocupaci\u00f3n ante la confirmaci\u00f3n de covid-19 de una m\u00e9dica de Mercedes (uno de los casos positivos a confirmarse en la noche del viernes) La preocupaci\u00f3n radica en que la profesional asiste al Hogar Geri\u00e1trico Nuestra Se\u00f1ora de Luj\u00e1n de la vecina localidad. Esto motiv\u00f3 a activar un protocolo de aislamiento para el personal que mantuvo contacto estrecho con la profesional. Ninguno de los residentes del Hogar manifest\u00f3 s\u00edntomas hasta ahora aunque ya se encuentran en aislamiento preventivo.<\/p>\n\n\n\n<p>En tanto, en Carmen de Areco ayer se confirm\u00f3 un nuevo caso de coronavirus. Actualmente son 4 los casos activos de coronavirus y 6 los sospechosos que esperan resultados. Mientras tanto, desde el Municipio convocan a todos los vecinos que hayan concurrido a dos comercios (una queser\u00eda y una muebleria). Deben contactarse a la brevedad para saber si presentan s\u00edntomas y testear casos sospechosos. Por su parte, San Antonio de Areco sum\u00f3 dos nuevos casos, alcanzando los 29 casos positivos desde que inici\u00f3 la pandemia. Esto los llev\u00f3 a volver a fase 4 manteniendo las restricciones para las reuniones sociales y suspendieron actividades deportivas. <\/p>\n\n\n\n<p><strong>Informe nacional<\/strong><\/p>\n\n\n\n<p>En el informe del d\u00eda que se realiz\u00f3 a nivel nacional se confirmaron 2.845 nuevos casos de COVID-19. Del total, la provincia de Buenos Aires tuvo 1849 y la ciudad de Buenos Aires sum\u00f3 835. Despu\u00e9s de m\u00e1s de 100, la provincia de Catamarca confirm\u00f3 su primer caso. el resto se distribuy\u00f3 entre Chaco (37); Chubut (12); C\u00f3rdoba (8); Entre R\u00edos (11); Jujuy (20); La Rioja (3); Mendoza (3); Neuqu\u00e9n (28); R\u00edo Negro (23); Salta (8); Santa Fe (5); y Tucum\u00e1n (2). Con estos registros, suman 72.786 positivos en el pa\u00eds.<\/p>\n\n\n\n<p>Del total de esos casos, 1.068 (1,5%) son importados, 25.848 (35,5%) son contactos estrechos de casos confirmados, 33.867 (46,5%) son casos de circulaci\u00f3n comunitaria y el resto se encuentra en investigaci\u00f3n epidemiol\u00f3gica.<\/p>\n\n\n\n<p>En las \u00faltimas 24 horas, fallecieron 52 personas por covid-19. A la ma\u00f1ana confirmaron las primeras 18 muertes: 10 hombres (cinco de 54, 59, 79, 75 y 60 a\u00f1os, residentes en la provincia de Buenos Aires; cinco de 77, 86, 95, 91 y 89 a\u00f1os, residentes en la Ciudad de Buenos Aires); y 8 mujeres (cuatro de 64, 67, 57 y 67 a\u00f1os, residentes en la provincia de Buenos Aires; tres de 88, 78 y 79 a\u00f1os, residentes en la Ciudad de Buenos Aires; y una de 74 a\u00f1os, residente en la provincia de Chaco)<\/p>\n\n\n\n<p>En el informe vespertino confirmaron las restantes: 16 hombres (siete de 87, 64, 30, 82, 51, 80 y 83 a\u00f1os, residentes en la provincia de Buenos Aires; siete de 66, 85, 72, 73, 84, 71 y 76 a\u00f1os, residentes en la Ciudad de Buenos Aires; uno de 66 a\u00f1os, residente en la provincia de Chaco; uno de 67 a\u00f1os, residente en la provincia de Santa F\u00e9); y 18 mujeres (diez de 87, 70, 91, 82, 90, 73, 82, 90, 67 y 49 a\u00f1os, residentes en la provincia de Buenos Aires; siete de 55, 70, 98, 70, 90, 92 y 85 a\u00f1os, residentes en la Ciudad de Buenos Aires; y una de 91 a\u00f1os, residente en la provincia de Chaco). Al momento la cantidad de personas fallecidas es 1.437.<\/p>\n","protected":false},"excerpt":{"rendered":"<p>La regi\u00f3n presenta casos nuevos de covid-19 cada d\u00eda. Luj\u00e1n contin\u00faa con su curva ascendente de casos, Chivilcoy super\u00f3 los &#8230; <a title=\"Coronavirus: crecen los casos positivos en la regi\u00f3n\" class=\"read-more\" href=\"https:\/\/www.hoymercedes.com.ar\/principal\/2020\/07\/03\/coronavirus-crecen-los-casos-positivos-en-la-region\/\" aria-label=\"Leer m\u00e1s sobre Coronavirus: crecen los casos positivos en la regi\u00f3n\">Leer m\u00e1s<\/a><\/p>\n","protected":false},"author":1,"featured_media":111592,"comment_status":"closed","ping_status":"open","sticky":false,"template":"","format":"standard","meta":{"_monsterinsights_skip_tracking":false,"_monsterinsights_sitenote_active":false,"_monsterinsights_sitenote_note":"","_monsterinsights_sitenote_category":0,"jetpack_post_was_ever_published":false,"_jetpack_newsletter_access":"","_jetpack_dont_email_post_to_subs":false,"_jetpack_newsletter_tier_id":0,"_jetpack_memberships_contains_paywalled_content":false,"_jetpack_memberships_contains_paid_content":false,"footnotes":"","jetpack_publicize_message":"","jetpack_publicize_feature_enabled":true,"jetpack_social_post_already_shared":true,"jetpack_social_options":{"image_generator_settings":{"template":"highway","default_image_id":0,"font":"","enabled":false},"version":2},"_wpas_customize_per_network":false},"categories":[8],"tags":[16428,16175,16313,9322],"class_list":["post-113096","post","type-post","status-publish","format-standard","has-post-thumbnail","hentry","category-sociedad","tag-casos-positivos","tag-coronavirus","tag-covid-19","tag-region","generate-columns","tablet-grid-50","mobile-grid-100","grid-parent","grid-50"],"jetpack_publicize_connections":[],"jetpack_featured_media_url":"https:\/\/www.hoymercedes.com.ar\/principal\/wp-content\/uploads\/2020\/06\/03-coronavirus_analisis_muestras.jpg","wps_subtitle":"Covid-19 en la regi\u00f3n","jetpack_sharing_enabled":true,"_links":{"self":[{"href":"https:\/\/www.hoymercedes.com.ar\/principal\/wp-json\/wp\/v2\/posts\/113096","targetHints":{"allow":["GET"]}}],"collection":[{"href":"https:\/\/www.hoymercedes.com.ar\/principal\/wp-json\/wp\/v2\/posts"}],"about":[{"href":"https:\/\/www.hoymercedes.com.ar\/principal\/wp-json\/wp\/v2\/types\/post"}],"author":[{"embeddable":true,"href":"https:\/\/www.hoymercedes.com.ar\/principal\/wp-json\/wp\/v2\/users\/1"}],"replies":[{"embeddable":true,"href":"https:\/\/www.hoymercedes.com.ar\/principal\/wp-json\/wp\/v2\/comments?post=113096"}],"version-history":[{"count":0,"href":"https:\/\/www.hoymercedes.com.ar\/principal\/wp-json\/wp\/v2\/posts\/113096\/revisions"}],"wp:featuredmedia":[{"embeddable":true,"href":"https:\/\/www.hoymercedes.com.ar\/principal\/wp-json\/wp\/v2\/media\/111592"}],"wp:attachment":[{"href":"https:\/\/www.hoymercedes.com.ar\/principal\/wp-json\/wp\/v2\/media?parent=113096"}],"wp:term":[{"taxonomy":"category","embeddable":true,"href":"https:\/\/www.hoymercedes.com.ar\/principal\/wp-json\/wp\/v2\/categories?post=113096"},{"taxonomy":"post_tag","embeddable":true,"href":"https:\/\/www.hoymercedes.com.ar\/principal\/wp-json\/wp\/v2\/tags?post=113096"}],"curies":[{"name":"wp","href":"https:\/\/api.w.org\/{rel}","templated":true}]}}