{"id":113122,"date":"2020-07-04T11:54:40","date_gmt":"2020-07-04T14:54:40","guid":{"rendered":"http:\/\/www.hoymercedes.com.ar\/principal\/?p=113122"},"modified":"2020-07-04T16:19:16","modified_gmt":"2020-07-04T19:19:16","slug":"declararon-de-interes-legislativo-la-donacion-de-plasma","status":"publish","type":"post","link":"https:\/\/www.hoymercedes.com.ar\/principal\/2020\/07\/04\/declararon-de-interes-legislativo-la-donacion-de-plasma\/","title":{"rendered":"Declararon de inter\u00e9s legislativo la donaci\u00f3n de plasma"},"content":{"rendered":"\n<p>La C\u00e1mara de Diputados de la Provincia de Buenos Aires realiz\u00f3 una nueva sesi\u00f3n ordinaria encabezada por el presidente del cuerpo, Federico Oterm\u00edn, quien particip\u00f3 desde el recinto junto a las autoridades y los presidentes de bloque.\u00a0<\/p>\n\n\n\n<div class=\"wp-block-image\"><figure class=\"aligncenter size-large\"><img loading=\"lazy\" decoding=\"async\" width=\"800\" height=\"534\" data-attachment-id=\"113123\" data-permalink=\"https:\/\/www.hoymercedes.com.ar\/principal\/2020\/07\/04\/declararon-de-interes-legislativo-la-donacion-de-plasma\/04-diputado-provi\/#main\" data-orig-file=\"https:\/\/www.hoymercedes.com.ar\/principal\/wp-content\/uploads\/2020\/07\/04-diputado-provi.jpeg\" data-orig-size=\"800,534\" data-comments-opened=\"0\" data-image-meta=\"{&quot;aperture&quot;:&quot;0&quot;,&quot;credit&quot;:&quot;&quot;,&quot;camera&quot;:&quot;&quot;,&quot;caption&quot;:&quot;&quot;,&quot;created_timestamp&quot;:&quot;0&quot;,&quot;copyright&quot;:&quot;&quot;,&quot;focal_length&quot;:&quot;0&quot;,&quot;iso&quot;:&quot;0&quot;,&quot;shutter_speed&quot;:&quot;0&quot;,&quot;title&quot;:&quot;&quot;,&quot;orientation&quot;:&quot;0&quot;}\" data-image-title=\"04 diputado provi\" data-image-description=\"\" data-image-caption=\"\" data-large-file=\"https:\/\/www.hoymercedes.com.ar\/principal\/wp-content\/uploads\/2020\/07\/04-diputado-provi.jpeg\" src=\"https:\/\/www.hoymercedes.com.ar\/principal\/wp-content\/uploads\/2020\/07\/04-diputado-provi.jpeg\" alt=\"\" class=\"wp-image-113123\"\/><\/figure><\/div>\n\n\n\n<p>Durante la sesi\u00f3n, se convirti\u00f3 en ley un proyecto aprobado previamente en el Senado, que declara de inter\u00e9s provincial la Donaci\u00f3n de Plasma rico en anticuerpos a pacientes infectados de COVID-19, por parte de pacientes recuperados. A trav\u00e9s de la iniciativa, los pacientes recuperados de COVID-19 podr\u00e1n acercarse voluntariamente a los centros de Hemoterapia y\/o Bancos de Sangre Intrahospitalarios habilitados para realizar la captaci\u00f3n y recolecci\u00f3n de plasma.<\/p>\n\n\n\n<p>La declaraci\u00f3n del presidente de la C\u00e1mara baja, el diputado Federico Oterm\u00edn, que considera de inter\u00e9s legislativo las campa\u00f1as de difusi\u00f3n promovidas por la Defensor\u00eda del Pueblo bonaerense, tendientes a alentar la donaci\u00f3n de plasma por parte de personas recuperadas de covid-19, se dio en el marco de la sesi\u00f3n que aprob\u00f3 el proyecto de ley para la creaci\u00f3n del Plan Provincial de Donaci\u00f3n de Plasma de Personas Convalecientes.\u00a0<\/p>\n\n\n\n<p>Al mismo tiempo, la resoluci\u00f3n impulsa el trabajo en conjunto entre el organismo que conduce Guido Lorenzino y la C\u00e1mara baja, para el dise\u00f1o de estrategias de divulgaci\u00f3n, la gestaci\u00f3n de acciones y\/o pol\u00edticas p\u00fablicas, y el acompa\u00f1amiento a las investigaciones orientadas a constatar su eficacia como tratamiento en pacientes contagiados.<\/p>\n\n\n\n<p>Entre sus fundamentos, la C\u00e1mara de Diputados puntualiza que la Constituci\u00f3n de la Provincia en su art\u00edculo 36 inciso 8 contempla el derecho a la salud, estableciendo que \u00bb la provincia de Buenos Aires, garantiza a todos sus habitantes el acceso a la salud en los aspectos preventivos, asistenciales y terap\u00e9uticos. El medicamento por su condici\u00f3n de bien social integra el derecho a la salud\u00bb.<\/p>\n","protected":false},"excerpt":{"rendered":"<p>La C\u00e1mara de Diputados de la Provincia de Buenos Aires realiz\u00f3 una nueva sesi\u00f3n ordinaria encabezada por el presidente del &#8230; <a title=\"Declararon de inter\u00e9s legislativo la donaci\u00f3n de plasma\" class=\"read-more\" href=\"https:\/\/www.hoymercedes.com.ar\/principal\/2020\/07\/04\/declararon-de-interes-legislativo-la-donacion-de-plasma\/\" aria-label=\"Leer m\u00e1s sobre Declararon de inter\u00e9s legislativo la donaci\u00f3n de plasma\">Leer m\u00e1s<\/a><\/p>\n","protected":false},"author":1,"featured_media":113123,"comment_status":"closed","ping_status":"open","sticky":false,"template":"","format":"standard","meta":{"_monsterinsights_skip_tracking":false,"_monsterinsights_sitenote_active":false,"_monsterinsights_sitenote_note":"","_monsterinsights_sitenote_category":0,"jetpack_post_was_ever_published":false,"_jetpack_newsletter_access":"","_jetpack_dont_email_post_to_subs":false,"_jetpack_newsletter_tier_id":0,"_jetpack_memberships_contains_paywalled_content":false,"_jetpack_memberships_contains_paid_content":false,"footnotes":"","jetpack_publicize_message":"","jetpack_publicize_feature_enabled":true,"jetpack_social_post_already_shared":true,"jetpack_social_options":{"image_generator_settings":{"template":"highway","default_image_id":0,"font":"","enabled":false},"version":2},"_wpas_customize_per_network":false},"categories":[8881],"tags":[161,16682,1803],"class_list":["post-113122","post","type-post","status-publish","format-standard","has-post-thumbnail","hentry","category-provincia","tag-diputados","tag-donacion-de-plasma","tag-provincia","generate-columns","tablet-grid-50","mobile-grid-100","grid-parent","grid-50"],"jetpack_publicize_connections":[],"jetpack_featured_media_url":"https:\/\/www.hoymercedes.com.ar\/principal\/wp-content\/uploads\/2020\/07\/04-diputado-provi.jpeg","wps_subtitle":"","jetpack_sharing_enabled":true,"_links":{"self":[{"href":"https:\/\/www.hoymercedes.com.ar\/principal\/wp-json\/wp\/v2\/posts\/113122","targetHints":{"allow":["GET"]}}],"collection":[{"href":"https:\/\/www.hoymercedes.com.ar\/principal\/wp-json\/wp\/v2\/posts"}],"about":[{"href":"https:\/\/www.hoymercedes.com.ar\/principal\/wp-json\/wp\/v2\/types\/post"}],"author":[{"embeddable":true,"href":"https:\/\/www.hoymercedes.com.ar\/principal\/wp-json\/wp\/v2\/users\/1"}],"replies":[{"embeddable":true,"href":"https:\/\/www.hoymercedes.com.ar\/principal\/wp-json\/wp\/v2\/comments?post=113122"}],"version-history":[{"count":0,"href":"https:\/\/www.hoymercedes.com.ar\/principal\/wp-json\/wp\/v2\/posts\/113122\/revisions"}],"wp:featuredmedia":[{"embeddable":true,"href":"https:\/\/www.hoymercedes.com.ar\/principal\/wp-json\/wp\/v2\/media\/113123"}],"wp:attachment":[{"href":"https:\/\/www.hoymercedes.com.ar\/principal\/wp-json\/wp\/v2\/media?parent=113122"}],"wp:term":[{"taxonomy":"category","embeddable":true,"href":"https:\/\/www.hoymercedes.com.ar\/principal\/wp-json\/wp\/v2\/categories?post=113122"},{"taxonomy":"post_tag","embeddable":true,"href":"https:\/\/www.hoymercedes.com.ar\/principal\/wp-json\/wp\/v2\/tags?post=113122"}],"curies":[{"name":"wp","href":"https:\/\/api.w.org\/{rel}","templated":true}]}}