{"id":113141,"date":"2020-07-04T13:33:18","date_gmt":"2020-07-04T16:33:18","guid":{"rendered":"http:\/\/www.hoymercedes.com.ar\/principal\/?p=113141"},"modified":"2020-07-04T14:20:48","modified_gmt":"2020-07-04T17:20:48","slug":"en-siniestro-vial-fallece-joven-de-16-anos","status":"publish","type":"post","link":"https:\/\/www.hoymercedes.com.ar\/principal\/2020\/07\/04\/en-siniestro-vial-fallece-joven-de-16-anos\/","title":{"rendered":"En siniestro vial fallece joven de 16 a\u00f1os"},"content":{"rendered":"\n<p>Durante la madrugada de este s\u00e1bado, una joven de 16 a\u00f1os falleci\u00f3 luego de que el auto en el circulaba junto a otros j\u00f3venes volc\u00f3 en las inmediaciones de la calle 19 y 122.  Trascendi\u00f3 que la adolescente, Magal\u00ed D\u00edaz, era llevada por dos j\u00f3venes en un VW Gol a la casa de su padre cerca de la 1:30 hora. <\/p>\n\n\n\n<p>De acuerdo a la informaci\u00f3n, dentro del veh\u00edculo fue encontrada la menor ya fallecido. El auto estaba volcado con sus cuatros ruedas hacia arriba en un zanj\u00f3n de unos 60cm de profundidad. El auto lo manejaba un joven de 23 a\u00f1os y estaban acompa\u00f1ados de otro adolescente de 17 a\u00f1os. <\/p>\n\n\n\n<p>Las causas del vuelco se tratan de establecer, pero algunos vecinos aseguran que perdieron el control del auto y habr\u00edan primero chocado con uno de los \u00e1rboles. <\/p>\n\n\n\n<p>Investiga la UFI N\u00b0 3 del Depto Judicial Mercedes a cargo del Fiscal Pedro Illanes. <\/p>\n\n\n\n<p> <\/p>\n","protected":false},"excerpt":{"rendered":"<p>Durante la madrugada de este s\u00e1bado, una joven de 16 a\u00f1os falleci\u00f3 luego de que el auto en el circulaba &#8230; <a title=\"En siniestro vial fallece joven de 16 a\u00f1os\" class=\"read-more\" href=\"https:\/\/www.hoymercedes.com.ar\/principal\/2020\/07\/04\/en-siniestro-vial-fallece-joven-de-16-anos\/\" aria-label=\"Leer m\u00e1s sobre En siniestro vial fallece joven de 16 a\u00f1os\">Leer m\u00e1s<\/a><\/p>\n","protected":false},"author":1,"featured_media":113143,"comment_status":"closed","ping_status":"open","sticky":false,"template":"","format":"standard","meta":{"_monsterinsights_skip_tracking":false,"_monsterinsights_sitenote_active":false,"_monsterinsights_sitenote_note":"","_monsterinsights_sitenote_category":0,"jetpack_post_was_ever_published":false,"_jetpack_newsletter_access":"","_jetpack_dont_email_post_to_subs":false,"_jetpack_newsletter_tier_id":0,"_jetpack_memberships_contains_paywalled_content":false,"_jetpack_memberships_contains_paid_content":false,"footnotes":"","jetpack_publicize_message":"","jetpack_publicize_feature_enabled":true,"jetpack_social_post_already_shared":true,"jetpack_social_options":{"image_generator_settings":{"template":"highway","default_image_id":0,"font":"","enabled":false},"version":2},"_wpas_customize_per_network":false},"categories":[85],"tags":[8777,96,10395],"class_list":["post-113141","post","type-post","status-publish","format-standard","has-post-thumbnail","hentry","category-policial","tag-fallecimiento","tag-policial-2","tag-siniestro-vial","generate-columns","tablet-grid-50","mobile-grid-100","grid-parent","grid-50"],"jetpack_publicize_connections":[],"jetpack_featured_media_url":"https:\/\/www.hoymercedes.com.ar\/principal\/wp-content\/uploads\/2020\/07\/04-siniestro.jpg","wps_subtitle":"En la madrugada del s\u00e1bado","jetpack_sharing_enabled":true,"_links":{"self":[{"href":"https:\/\/www.hoymercedes.com.ar\/principal\/wp-json\/wp\/v2\/posts\/113141","targetHints":{"allow":["GET"]}}],"collection":[{"href":"https:\/\/www.hoymercedes.com.ar\/principal\/wp-json\/wp\/v2\/posts"}],"about":[{"href":"https:\/\/www.hoymercedes.com.ar\/principal\/wp-json\/wp\/v2\/types\/post"}],"author":[{"embeddable":true,"href":"https:\/\/www.hoymercedes.com.ar\/principal\/wp-json\/wp\/v2\/users\/1"}],"replies":[{"embeddable":true,"href":"https:\/\/www.hoymercedes.com.ar\/principal\/wp-json\/wp\/v2\/comments?post=113141"}],"version-history":[{"count":0,"href":"https:\/\/www.hoymercedes.com.ar\/principal\/wp-json\/wp\/v2\/posts\/113141\/revisions"}],"wp:featuredmedia":[{"embeddable":true,"href":"https:\/\/www.hoymercedes.com.ar\/principal\/wp-json\/wp\/v2\/media\/113143"}],"wp:attachment":[{"href":"https:\/\/www.hoymercedes.com.ar\/principal\/wp-json\/wp\/v2\/media?parent=113141"}],"wp:term":[{"taxonomy":"category","embeddable":true,"href":"https:\/\/www.hoymercedes.com.ar\/principal\/wp-json\/wp\/v2\/categories?post=113141"},{"taxonomy":"post_tag","embeddable":true,"href":"https:\/\/www.hoymercedes.com.ar\/principal\/wp-json\/wp\/v2\/tags?post=113141"}],"curies":[{"name":"wp","href":"https:\/\/api.w.org\/{rel}","templated":true}]}}