{"id":113167,"date":"2020-07-04T22:18:26","date_gmt":"2020-07-05T01:18:26","guid":{"rendered":"http:\/\/www.hoymercedes.com.ar\/principal\/?p=113167"},"modified":"2020-07-04T22:21:21","modified_gmt":"2020-07-05T01:21:21","slug":"cierre-del-dia-con-11-nuevos-casos-positivos-de-covid-19","status":"publish","type":"post","link":"https:\/\/www.hoymercedes.com.ar\/principal\/2020\/07\/04\/cierre-del-dia-con-11-nuevos-casos-positivos-de-covid-19\/","title":{"rendered":"Cierre del d\u00eda con 11 nuevos casos positivos de covid-19"},"content":{"rendered":"\n<p>Este cierre del d\u00eda y tras el anuncio del Municipio con las nuevas medidas a partir del lunes, se confirmaron 11 nuevos casos positivos de covid-19 en Mercedes de los 30 test realizados este d\u00eda. Algo esperado a partir de los dichos del Intendente Ustarroz y el doctor Cassiani. <\/p>\n\n\n\n<p>Con estos n\u00fameros, los casos desde la llegada de la pandemia a Argentina, nuestra ciudad sumar 73 casos y casi la totalidad de los pacientes se dieron desde el 27 de mayo \u00faltimo y de ellos, 18 ya se han recuperados y uno de ellos falleci\u00f3. <\/p>\n\n\n\n<p>\u00abCon mucho efuerzo y dedicaci\u00f3n, todos los estamentos estatales y privados dedicados a la lucha contra la pandemia, contin\u00faan en sus labores dando alerta, aviso y contenci\u00f3n, a cada persona con ra\u00edces y rastreos epidemiol\u00f3gicos. A medida que vayan surgiendo y est\u00e9n las novedades debidamente documentadas, se ir\u00e1 informando a la comunidad de la manera m\u00e1s justa, clara y precisa\u00bb expresan desde el municipio de manera oficial.<\/p>\n\n\n\n<p>\u00abEn estos momentos se est\u00e1 trabajando denodadamente y sin descanso en los rastreos y ra\u00edces epidemiol\u00f3gicas los cuales est\u00e1n 100% identificados. En el centro de tele seguimiento ubicado en el CDI Municipal los equipos siguen actuando en pos del cuidado, contenci\u00f3n, prevenci\u00f3n y control de los mercedinos y mercedinas. Es importante no dejar de mantener firmes las medidas de prevenci\u00f3n, distanciamiento social y cuidados socio sanitarios para evitar el coronavirus\u00bb, agregan. <\/p>\n\n\n\n<div class=\"wp-block-image\"><figure class=\"aligncenter size-large\"><img loading=\"lazy\" decoding=\"async\" width=\"900\" height=\"900\" data-attachment-id=\"113179\" data-permalink=\"https:\/\/www.hoymercedes.com.ar\/principal\/2020\/07\/04\/cierre-del-dia-con-11-nuevos-casos-positivos-de-covid-19\/whatsapp-image-2020-07-04-at-22-03-58\/#main\" data-orig-file=\"https:\/\/www.hoymercedes.com.ar\/principal\/wp-content\/uploads\/2020\/07\/WhatsApp-Image-2020-07-04-at-22.03.58.jpeg\" data-orig-size=\"900,900\" data-comments-opened=\"0\" data-image-meta=\"{&quot;aperture&quot;:&quot;0&quot;,&quot;credit&quot;:&quot;&quot;,&quot;camera&quot;:&quot;&quot;,&quot;caption&quot;:&quot;&quot;,&quot;created_timestamp&quot;:&quot;0&quot;,&quot;copyright&quot;:&quot;&quot;,&quot;focal_length&quot;:&quot;0&quot;,&quot;iso&quot;:&quot;0&quot;,&quot;shutter_speed&quot;:&quot;0&quot;,&quot;title&quot;:&quot;&quot;,&quot;orientation&quot;:&quot;0&quot;}\" data-image-title=\"WhatsApp Image 2020-07-04 at 22.03.58\" data-image-description=\"\" data-image-caption=\"\" data-large-file=\"https:\/\/www.hoymercedes.com.ar\/principal\/wp-content\/uploads\/2020\/07\/WhatsApp-Image-2020-07-04-at-22.03.58.jpeg\" src=\"https:\/\/www.hoymercedes.com.ar\/principal\/wp-content\/uploads\/2020\/07\/WhatsApp-Image-2020-07-04-at-22.03.58.jpeg\" alt=\"\" class=\"wp-image-113179\"\/><\/figure><\/div>\n\n\n\n<p>En tanto, en el informe nacional del d\u00eda se confirmaron 2590 nuevos casos de COVID-19.  De los cuales, 1517 corresponden a la provincia de Buenos Aires y 899 a la ciudad de Buenos Aires.  El resto se divide en el resto del pa\u00eds:  Catamarca 5; Chaco 53; C\u00f3rdoba 13; Entre R\u00edos 5; Jujuy 14; La Rioja 5; Mendoza 4; Neuqu\u00e9n 20; R\u00edo Negro 28; Salta 16; San Luis 1; Santa Fe 5; Tierra del Fuego 4 y Tucum\u00e1n 1. Con estos registros, suman 75.376 positivos en el pa\u00eds.<\/p>\n\n\n\n<p>En las \u00faltimas 24 horas se registraron 44 fallecimientos por covid-19. En la ma\u00f1ana, anunciaron las primeras 16: diez hombres (seis de 67, 76, 73, 82, 76 y 48 a\u00f1os, residentes en la provincia de Buenos Aires; tres de 73, 61 y 82 a\u00f1os, residentes en la Ciudad de Buenos Aires y uno de 72 a\u00f1os, residente en la provincia de Neuqu\u00e9n) y sesi mujeres (cuatro de 85, 56, 88 y 75 a\u00f1os, residentes en la provincia de Buenos Aires; y dos de 97 y 90 a\u00f1os, residentes en la Ciudad de Buenos Aires). En el informe vespertino dieron cuenta de las restantes: diez  hombres (cuatro de 68, 85, 66 y 70 a\u00f1os, residentes en la provincia de Buenos Aires; tres de 82, 75 y 84 a\u00f1os, residentes en la Ciudad de Buenos Aires; dos de 63 y 64 a\u00f1os, residentes en la provincia de Chaco; y uno de 76 a\u00f1os, residente en la provincia de Santa F\u00e9) y 18 mujeres, (doce de 60, 90, 92, 54, 88, 80, 83, 84, 74, 75, 85 y 76 a\u00f1os, residentes en la provincia de Buenos Aires; cinco de 85, 94, 74, 83 y 71 a\u00f1os, residentes en la Ciudad de Buenos Aires; y una de 33 a\u00f1os, residente en la provincia de Chaco). Al momento la cantidad de personas fallecidas es 1481.<\/p>\n","protected":false},"excerpt":{"rendered":"<p>Este cierre del d\u00eda y tras el anuncio del Municipio con las nuevas medidas a partir del lunes, se confirmaron &#8230; <a title=\"Cierre del d\u00eda con 11 nuevos casos positivos de covid-19\" class=\"read-more\" href=\"https:\/\/www.hoymercedes.com.ar\/principal\/2020\/07\/04\/cierre-del-dia-con-11-nuevos-casos-positivos-de-covid-19\/\" aria-label=\"Leer m\u00e1s sobre Cierre del d\u00eda con 11 nuevos casos positivos de covid-19\">Leer m\u00e1s<\/a><\/p>\n","protected":false},"author":1,"featured_media":113179,"comment_status":"closed","ping_status":"open","sticky":false,"template":"","format":"standard","meta":{"_monsterinsights_skip_tracking":false,"_monsterinsights_sitenote_active":false,"_monsterinsights_sitenote_note":"","_monsterinsights_sitenote_category":0,"jetpack_post_was_ever_published":false,"_jetpack_newsletter_access":"","_jetpack_dont_email_post_to_subs":false,"_jetpack_newsletter_tier_id":0,"_jetpack_memberships_contains_paywalled_content":false,"_jetpack_memberships_contains_paid_content":false,"footnotes":"","jetpack_publicize_message":"","jetpack_publicize_feature_enabled":true,"jetpack_social_post_already_shared":true,"jetpack_social_options":{"image_generator_settings":{"template":"highway","default_image_id":0,"font":"","enabled":false},"version":2},"_wpas_customize_per_network":false},"categories":[9791],"tags":[16428,16561,16175,16313],"class_list":["post-113167","post","type-post","status-publish","format-standard","has-post-thumbnail","hentry","category-salud","tag-casos-positivos","tag-cierre-del-dia","tag-coronavirus","tag-covid-19","generate-columns","tablet-grid-50","mobile-grid-100","grid-parent","grid-50"],"jetpack_publicize_connections":[],"jetpack_featured_media_url":"https:\/\/www.hoymercedes.com.ar\/principal\/wp-content\/uploads\/2020\/07\/WhatsApp-Image-2020-07-04-at-22.03.58.jpeg","wps_subtitle":"Cierre del d\u00eda","jetpack_sharing_enabled":true,"_links":{"self":[{"href":"https:\/\/www.hoymercedes.com.ar\/principal\/wp-json\/wp\/v2\/posts\/113167","targetHints":{"allow":["GET"]}}],"collection":[{"href":"https:\/\/www.hoymercedes.com.ar\/principal\/wp-json\/wp\/v2\/posts"}],"about":[{"href":"https:\/\/www.hoymercedes.com.ar\/principal\/wp-json\/wp\/v2\/types\/post"}],"author":[{"embeddable":true,"href":"https:\/\/www.hoymercedes.com.ar\/principal\/wp-json\/wp\/v2\/users\/1"}],"replies":[{"embeddable":true,"href":"https:\/\/www.hoymercedes.com.ar\/principal\/wp-json\/wp\/v2\/comments?post=113167"}],"version-history":[{"count":0,"href":"https:\/\/www.hoymercedes.com.ar\/principal\/wp-json\/wp\/v2\/posts\/113167\/revisions"}],"wp:featuredmedia":[{"embeddable":true,"href":"https:\/\/www.hoymercedes.com.ar\/principal\/wp-json\/wp\/v2\/media\/113179"}],"wp:attachment":[{"href":"https:\/\/www.hoymercedes.com.ar\/principal\/wp-json\/wp\/v2\/media?parent=113167"}],"wp:term":[{"taxonomy":"category","embeddable":true,"href":"https:\/\/www.hoymercedes.com.ar\/principal\/wp-json\/wp\/v2\/categories?post=113167"},{"taxonomy":"post_tag","embeddable":true,"href":"https:\/\/www.hoymercedes.com.ar\/principal\/wp-json\/wp\/v2\/tags?post=113167"}],"curies":[{"name":"wp","href":"https:\/\/api.w.org\/{rel}","templated":true}]}}