{"id":113195,"date":"2020-07-05T12:35:00","date_gmt":"2020-07-05T15:35:00","guid":{"rendered":"http:\/\/www.hoymercedes.com.ar\/principal\/?p=113195"},"modified":"2020-07-05T17:38:28","modified_gmt":"2020-07-05T20:38:28","slug":"la-problematica-de-los-montes-bosques-y-selvas-en-argentina","status":"publish","type":"post","link":"https:\/\/www.hoymercedes.com.ar\/principal\/2020\/07\/05\/la-problematica-de-los-montes-bosques-y-selvas-en-argentina\/","title":{"rendered":"La problem\u00e1tica de los montes, bosques y selvas en Argentina"},"content":{"rendered":"\n<p>Por Cristi\u00e1n Frers* Los\u00a0bosques\u00a0nos proporcionan\u00a0elevados beneficios, tanto\u00a0ambientales\u00a0como tambi\u00e9n\u00a0econ\u00f3micos y sociales. Sin embargo, es sabido que, desde hace varios a\u00f1os, se est\u00e1 haciendo un uso desmedido de los recursos arb\u00f3reos, provocando\u00a0consecuencias muy graves para el ambiente.<\/p>\n\n\n\n<p>La deforestaci\u00f3n y la desertificaci\u00f3n han arrasado vastas a\u00e9reas en las \u00faltimas d\u00e9cadas, y siguen aumentando de manera preocupante.<\/p>\n\n\n\n<p>Argentina se cuenta entre los diez pa\u00edses que m\u00e1s destruyen a sus \u00e1rboles, desde hace casi 13 a\u00f1os cuenta con la Ley 26.331 de bosque nativos, una herramienta imprescindible para planificar el uso de estos ecosistemas permitiendo equilibrar producci\u00f3n y conservaci\u00f3n de la naturaleza. Sin embargo, hasta ahora, su implementaci\u00f3n ha sido parcial.<\/p>\n\n\n\n<p>Los bosques nativos de Argentina vienen sufriendo grandes modificaciones por el avance de la deforestaci\u00f3n y conversi\u00f3n de estos ambientes para actividades agropecuarias, forestales, urban\u00edsticas y viales. Esto ocasiona graves problema, muchas veces, irreversibles.<\/p>\n\n\n\n<p>En 13 a\u00f1os se han perdido casi 2.800.000 hect\u00e1reas de bosques. Las multas no son suficientes para desalentar la deforestaci\u00f3nen zonas protegidas y que, salvo unas pocas excepciones, no se reforestan los bosques desmontados ilegalmente muchas veces se llevan a cabo bajo la complicidad clara de los funcionarios en la violaci\u00f3n de la normativa.<\/p>\n\n\n\n<p>Pareciera que la deforestaci\u00f3n no es sin\u00f3nimo de alarma; sin embargo, con el paso del tiempo ha venido aumentando y con esto se presentan graves&nbsp;<strong>consecuencias<\/strong>, como:&nbsp;<\/p>\n\n\n\n<ol class=\"wp-block-list\" type=\"1\"><li>La p\u00e9rdida de biodiversidad: Esta sin duda alguna es probablemente la consecuencia m\u00e1s grave de la deforestaci\u00f3n. Pues su significado es la destrucci\u00f3n y la extinci\u00f3n de muchas especies de plantas y animales.&nbsp; &nbsp; &nbsp;<\/li><li>El cambio clim\u00e1tico: La deforestaci\u00f3n tambi\u00e9n puede ser causante de los cambios clim\u00e1ticos. Los \u00e1rboles bloquean los rayos del sol durante el d\u00eda y mantiene el calor durante la noche. Esta alteraci\u00f3n da lugar a cambios de temperaturas m\u00e1s extremas que pueden ser perjudiciales para las plantas y los animales. Los \u00e1rboles tambi\u00e9n juegan un papel fundamental en la absorci\u00f3n de los gases de&nbsp;efecto invernadero&nbsp;que aumentan el&nbsp;calentamiento global. Menos bosques significa mayores cantidades de gases de efecto invernadero que entran en la atm\u00f3sfera y como consecuencia de esto se produce un aumento en la temperatura de la tierra.&nbsp; &nbsp; &nbsp;&nbsp;<\/li><li>Inundaciones: Los \u00e1rboles son muy eficaces para la absorci\u00f3n de grandes cantidades de agua, manteniendo la cantidad de agua en las&nbsp;<em>cuencas hidrogr\u00e1ficas<\/em>&nbsp;a un nivel considerable. Una vez que el bosque desaparece, el agua puede dar lugar a inundaciones, muchas de los cuales han causado desastres en algunas partes del mundo, incluso en Argentina.<\/li><\/ol>\n\n\n\n<p>El uso de los recursos debe tener un car\u00e1cter ordenado y sustentable, involucrando a que participen a las comunidades locales. Proteger muestras representativas de \u00e1rboles de cada ecosistema, utilizar responsablemente los recursos naturales y restaurar los bosques y selvas, destruidos y degradados, es lo que se debe lograr corregir los usos de la tierra que est\u00e1n afectando las \u00faltimas grandes reservas naturales.<\/p>\n\n\n\n<p>La protecci\u00f3n del bosque nativo no es una mera demanda ecologista, postmoderna o de atrasados que no ven el progreso. Pretende en cambio ayudar a mantener los incontables servicios ambientales involucrados y resguardar los recursos, para el aprovechamiento integral de las generaciones actuales y futuras.<\/p>\n\n\n\n<p>Los bosques juegan un papel vital en el ciclo global del carb\u00f3n como uno de los sumideros de carb\u00f3n m\u00e1s importantes. Debido a su rol en el balance del clima, la reforestaci\u00f3n debe priorizarse para reducir los efectos de la crisis por el cambio clim\u00e1tico.<\/p>\n\n\n\n<p>*Cristi\u00e1n Frers \u2013 T\u00e9cnico Superior en Gesti\u00f3n Ambiental y T\u00e9cnico Superior en Comunicaci\u00f3n Social (Periodista).<\/p>\n","protected":false},"excerpt":{"rendered":"<p>Por Cristi\u00e1n Frers* Los\u00a0bosques\u00a0nos proporcionan\u00a0elevados beneficios, tanto\u00a0ambientales\u00a0como tambi\u00e9n\u00a0econ\u00f3micos y sociales. Sin embargo, es sabido que, desde hace varios a\u00f1os, se &#8230; <a title=\"La problem\u00e1tica de los montes, bosques y selvas en Argentina\" class=\"read-more\" href=\"https:\/\/www.hoymercedes.com.ar\/principal\/2020\/07\/05\/la-problematica-de-los-montes-bosques-y-selvas-en-argentina\/\" aria-label=\"Leer m\u00e1s sobre La problem\u00e1tica de los montes, bosques y selvas en Argentina\">Leer m\u00e1s<\/a><\/p>\n","protected":false},"author":1,"featured_media":97879,"comment_status":"closed","ping_status":"open","sticky":false,"template":"","format":"standard","meta":{"_monsterinsights_skip_tracking":false,"_monsterinsights_sitenote_active":false,"_monsterinsights_sitenote_note":"","_monsterinsights_sitenote_category":0,"jetpack_post_was_ever_published":false,"_jetpack_newsletter_access":"","_jetpack_dont_email_post_to_subs":false,"_jetpack_newsletter_tier_id":0,"_jetpack_memberships_contains_paywalled_content":false,"_jetpack_memberships_contains_paid_content":false,"footnotes":"","jetpack_publicize_message":"","jetpack_publicize_feature_enabled":true,"jetpack_social_post_already_shared":true,"jetpack_social_options":{"image_generator_settings":{"template":"highway","default_image_id":0,"font":"","enabled":false},"version":2},"_wpas_customize_per_network":false},"categories":[1],"tags":[],"class_list":["post-113195","post","type-post","status-publish","format-standard","has-post-thumbnail","hentry","category-opinion","generate-columns","tablet-grid-50","mobile-grid-100","grid-parent","grid-50"],"jetpack_publicize_connections":[],"jetpack_featured_media_url":"https:\/\/www.hoymercedes.com.ar\/principal\/wp-content\/uploads\/2019\/08\/08-arboles-ambiente.jpg","wps_subtitle":"","jetpack_sharing_enabled":true,"_links":{"self":[{"href":"https:\/\/www.hoymercedes.com.ar\/principal\/wp-json\/wp\/v2\/posts\/113195","targetHints":{"allow":["GET"]}}],"collection":[{"href":"https:\/\/www.hoymercedes.com.ar\/principal\/wp-json\/wp\/v2\/posts"}],"about":[{"href":"https:\/\/www.hoymercedes.com.ar\/principal\/wp-json\/wp\/v2\/types\/post"}],"author":[{"embeddable":true,"href":"https:\/\/www.hoymercedes.com.ar\/principal\/wp-json\/wp\/v2\/users\/1"}],"replies":[{"embeddable":true,"href":"https:\/\/www.hoymercedes.com.ar\/principal\/wp-json\/wp\/v2\/comments?post=113195"}],"version-history":[{"count":0,"href":"https:\/\/www.hoymercedes.com.ar\/principal\/wp-json\/wp\/v2\/posts\/113195\/revisions"}],"wp:featuredmedia":[{"embeddable":true,"href":"https:\/\/www.hoymercedes.com.ar\/principal\/wp-json\/wp\/v2\/media\/97879"}],"wp:attachment":[{"href":"https:\/\/www.hoymercedes.com.ar\/principal\/wp-json\/wp\/v2\/media?parent=113195"}],"wp:term":[{"taxonomy":"category","embeddable":true,"href":"https:\/\/www.hoymercedes.com.ar\/principal\/wp-json\/wp\/v2\/categories?post=113195"},{"taxonomy":"post_tag","embeddable":true,"href":"https:\/\/www.hoymercedes.com.ar\/principal\/wp-json\/wp\/v2\/tags?post=113195"}],"curies":[{"name":"wp","href":"https:\/\/api.w.org\/{rel}","templated":true}]}}