{"id":113204,"date":"2020-07-05T18:17:13","date_gmt":"2020-07-05T21:17:13","guid":{"rendered":"http:\/\/www.hoymercedes.com.ar\/principal\/?p=113204"},"modified":"2020-07-05T18:17:19","modified_gmt":"2020-07-05T21:17:19","slug":"instalan-posta-policial-en-gowland-y-agote","status":"publish","type":"post","link":"https:\/\/www.hoymercedes.com.ar\/principal\/2020\/07\/05\/instalan-posta-policial-en-gowland-y-agote\/","title":{"rendered":"Instalan posta policial en Gowland y Agote"},"content":{"rendered":"\n<p>Por Prensa Municipal &#8211; A pesar de la pandemia el Municipio de Mercedes no deja de trabajar y atender las diferentes problem\u00e1ticas que se suscitan en la ciudad. En esta ocasi\u00f3n, se avanza en pol\u00edticas de seguridad en las localidades de Gowland y Agote. De esta manera, se dispuso en la zona -cruce de ambas localidades- una nueva posta m\u00f3vil, un paso m\u00e1s en el plan estrat\u00e9gico de seguridad planteado en toda la ciudad.<\/p>\n\n\n\n<div class=\"wp-block-image\"><figure class=\"aligncenter size-large\"><img loading=\"lazy\" decoding=\"async\" width=\"800\" height=\"600\" data-attachment-id=\"113205\" data-permalink=\"https:\/\/www.hoymercedes.com.ar\/principal\/2020\/07\/05\/instalan-posta-policial-en-gowland-y-agote\/05-posta-policial\/#main\" data-orig-file=\"https:\/\/www.hoymercedes.com.ar\/principal\/wp-content\/uploads\/2020\/07\/05-posta-policial.jpg\" data-orig-size=\"800,600\" data-comments-opened=\"0\" data-image-meta=\"{&quot;aperture&quot;:&quot;0&quot;,&quot;credit&quot;:&quot;&quot;,&quot;camera&quot;:&quot;&quot;,&quot;caption&quot;:&quot;&quot;,&quot;created_timestamp&quot;:&quot;0&quot;,&quot;copyright&quot;:&quot;&quot;,&quot;focal_length&quot;:&quot;0&quot;,&quot;iso&quot;:&quot;0&quot;,&quot;shutter_speed&quot;:&quot;0&quot;,&quot;title&quot;:&quot;&quot;,&quot;orientation&quot;:&quot;0&quot;}\" data-image-title=\"05 posta policial\" data-image-description=\"\" data-image-caption=\"\" data-large-file=\"https:\/\/www.hoymercedes.com.ar\/principal\/wp-content\/uploads\/2020\/07\/05-posta-policial.jpg\" src=\"https:\/\/www.hoymercedes.com.ar\/principal\/wp-content\/uploads\/2020\/07\/05-posta-policial.jpg\" alt=\"\" class=\"wp-image-113205\"\/><\/figure><\/div>\n\n\n\n<p>Qui\u00e9n estuvo recorriendo la zona fue el intendente Juan Ignacio Ustarroz qui\u00e9n destac\u00f3 \u201cel trabajo que se hace de las diferentes \u00e1reas municipales para poder llevar adelante este tipo de acciones, a toda la polic\u00eda, a la sociedad de fomento, a los representantes del club porque la mejor seguridad es la de una comunidad organizada y solidaria\u201d.<\/p>\n\n\n\n<p>Es importante destacar que esta nueva posta m\u00f3vil fue realizada gracias a un trabajo en conjunto entre el Municipio de Mercedes y el Servicio Penitenciario Bonaerense -mediante la Unidad penitenciaria N\u00b0 5- a trav\u00e9s de quienes se logr\u00f3 recuperar un a\u00f1ejo veh\u00edculo en desuso (m\u00f3vil de traslado de detenidos), para convertirlo en un confortable y moderno centro de protecci\u00f3n integral.&nbsp;&nbsp;<\/p>\n\n\n\n<p>Conjuntamente, el intendente Ustarroz dijo \u201cpara nosotros es muy importante estar inaugurando esta nueva posta m\u00f3vil, con este criterio de cercan\u00eda e interacci\u00f3n permanente con la comunidad\u201d y subray\u00f3 el hecho de que \u201cesto que era un bien del Estado que no ten\u00eda ning\u00fan destino ni uso, y que, gracias a un gran trabajo mancomunado, hoy podemos estar incorporando como una posta m\u00f3vil en un lugar estrat\u00e9gico\u201d.<\/p>\n\n\n\n<p>Qui\u00e9n est\u00e1 a cargo de la delegaci\u00f3n, Roberto Lafon, expres\u00f3 su satisfacci\u00f3n por esta \u201cnueva herramienta de trabajo\u201d y que fue muy bien recibida por la fuerza y los vecinos de la zona. Estuvo tambi\u00e9n presente el jefe de gabinete, Juan Pablo L\u00f3pez Baggio, la edil Mar\u00eda Piacentini, el sub secretario de seguridad Gonzalo Anselmo y los efectivos policiales de la Polic\u00eda Comunal que ser\u00e1n los protagonistas diarios del nuevo dispositivo de seguridad.<\/p>\n\n\n\n<p>Vale recordar que ha postas en el Parque Municipal, en el C.I.C, en ingreso de Av.2, en Av.1 y 12bis y en Estaci\u00f3n para control de pasajeros. \u201cTodos dispositivos que se vienen implementando desde la Municipalidad por parte del intendente Ustarroz y que es una pol\u00edtica de seguridad y cercan\u00eda que contin\u00faa\u201d, dijo Arenas.<\/p>\n\n\n\n<p>El concejal Juli\u00e1n Inzaugarat, vecino de la localidad de Gowland se\u00f1al\u00f3 \u201ccreo que la disposici\u00f3n de esta posta es muy buena, los comentarios de la gente son excepcionales tambi\u00e9n a sabiendas que se van a sentir m\u00e1s resguardados y protegidos\u201d y agreg\u00f3 \u201ca\u00f1os atr\u00e1s se hab\u00eda logrado el destacamento ac\u00e1 en Gowland y ahora tenemos esta posta que va a ser una referencia para todos los vecinos\u201d.&nbsp;<\/p>\n\n\n\n<p>Por su parte, el secretario de seguridad, Gast\u00f3n Arenas manifest\u00f3 \u201cel intendente Ustarroz nos pide constantemente que tengamos proximidad con la ciudadan\u00eda y atendamos los requerimientos a nivel seguridad que ellos tengan, y una forma de hacerlo es tener una posta\u201d y a\u00f1adi\u00f3 \u201chabr\u00e1 personal las 24 Hs con c\u00e1maras que monitorearan la zona\u201d.<\/p>\n\n\n\n<p>Carlos Conena, qui\u00e9n es parte de la delegaci\u00f3n del corral\u00f3n Gowland\/Agote expres\u00f3 \u201cesta es una gran soluci\u00f3n para los vecinos, donde se podr\u00e1 monitorear la gente que viene de afuera, se respeten las velocidades, etc. Creo que es una gran medida tomada por el Municipio de Mercedes y que ser\u00e1 muy favorable para todos nosotros\u201d.&nbsp;&nbsp;<\/p>\n","protected":false},"excerpt":{"rendered":"<p>Por Prensa Municipal &#8211; A pesar de la pandemia el Municipio de Mercedes no deja de trabajar y atender las &#8230; <a title=\"Instalan posta policial en Gowland y Agote\" class=\"read-more\" href=\"https:\/\/www.hoymercedes.com.ar\/principal\/2020\/07\/05\/instalan-posta-policial-en-gowland-y-agote\/\" aria-label=\"Leer m\u00e1s sobre Instalan posta policial en Gowland y Agote\">Leer m\u00e1s<\/a><\/p>\n","protected":false},"author":1,"featured_media":113205,"comment_status":"closed","ping_status":"open","sticky":false,"template":"","format":"standard","meta":{"_monsterinsights_skip_tracking":false,"_monsterinsights_sitenote_active":false,"_monsterinsights_sitenote_note":"","_monsterinsights_sitenote_category":0,"jetpack_post_was_ever_published":false,"_jetpack_newsletter_access":"","_jetpack_dont_email_post_to_subs":false,"_jetpack_newsletter_tier_id":0,"_jetpack_memberships_contains_paywalled_content":false,"_jetpack_memberships_contains_paid_content":false,"footnotes":"","jetpack_publicize_message":"","jetpack_publicize_feature_enabled":true,"jetpack_social_post_already_shared":true,"jetpack_social_options":{"image_generator_settings":{"template":"highway","default_image_id":0,"font":"","enabled":false},"version":2},"_wpas_customize_per_network":false},"categories":[30],"tags":[],"class_list":["post-113204","post","type-post","status-publish","format-standard","has-post-thumbnail","hentry","category-municipio","generate-columns","tablet-grid-50","mobile-grid-100","grid-parent","grid-50"],"jetpack_publicize_connections":[],"jetpack_featured_media_url":"https:\/\/www.hoymercedes.com.ar\/principal\/wp-content\/uploads\/2020\/07\/05-posta-policial.jpg","wps_subtitle":"","jetpack_sharing_enabled":true,"_links":{"self":[{"href":"https:\/\/www.hoymercedes.com.ar\/principal\/wp-json\/wp\/v2\/posts\/113204","targetHints":{"allow":["GET"]}}],"collection":[{"href":"https:\/\/www.hoymercedes.com.ar\/principal\/wp-json\/wp\/v2\/posts"}],"about":[{"href":"https:\/\/www.hoymercedes.com.ar\/principal\/wp-json\/wp\/v2\/types\/post"}],"author":[{"embeddable":true,"href":"https:\/\/www.hoymercedes.com.ar\/principal\/wp-json\/wp\/v2\/users\/1"}],"replies":[{"embeddable":true,"href":"https:\/\/www.hoymercedes.com.ar\/principal\/wp-json\/wp\/v2\/comments?post=113204"}],"version-history":[{"count":0,"href":"https:\/\/www.hoymercedes.com.ar\/principal\/wp-json\/wp\/v2\/posts\/113204\/revisions"}],"wp:featuredmedia":[{"embeddable":true,"href":"https:\/\/www.hoymercedes.com.ar\/principal\/wp-json\/wp\/v2\/media\/113205"}],"wp:attachment":[{"href":"https:\/\/www.hoymercedes.com.ar\/principal\/wp-json\/wp\/v2\/media?parent=113204"}],"wp:term":[{"taxonomy":"category","embeddable":true,"href":"https:\/\/www.hoymercedes.com.ar\/principal\/wp-json\/wp\/v2\/categories?post=113204"},{"taxonomy":"post_tag","embeddable":true,"href":"https:\/\/www.hoymercedes.com.ar\/principal\/wp-json\/wp\/v2\/tags?post=113204"}],"curies":[{"name":"wp","href":"https:\/\/api.w.org\/{rel}","templated":true}]}}