{"id":113250,"date":"2020-07-06T18:06:00","date_gmt":"2020-07-06T21:06:00","guid":{"rendered":"http:\/\/www.hoymercedes.com.ar\/principal\/?p=113250"},"modified":"2020-07-06T17:50:55","modified_gmt":"2020-07-06T20:50:55","slug":"recambian-caneria-del-servicio-de-agua-corriente","status":"publish","type":"post","link":"https:\/\/www.hoymercedes.com.ar\/principal\/2020\/07\/06\/recambian-caneria-del-servicio-de-agua-corriente\/","title":{"rendered":"Recambian ca\u00f1er\u00eda del servicio de agua corriente"},"content":{"rendered":"\n<p>El \u00e1rea de Servicios P\u00fablicos realiz\u00f3 trabajos en las ca\u00f1er\u00edas de agua de la zona de avenida 2 y 17. Cambi\u00f3 24 metros de ca\u00f1os viejos antes de continuar con los trabajos de repavimentaci\u00f3n en la zona.  <\/p>\n\n\n\n<div class=\"wp-block-image\"><figure class=\"aligncenter size-large\"><img loading=\"lazy\" decoding=\"async\" width=\"800\" height=\"533\" data-attachment-id=\"113251\" data-permalink=\"https:\/\/www.hoymercedes.com.ar\/principal\/2020\/07\/06\/recambian-caneria-del-servicio-de-agua-corriente\/06-agua-muni-1\/#main\" data-orig-file=\"https:\/\/www.hoymercedes.com.ar\/principal\/wp-content\/uploads\/2020\/07\/06-agua-muni-1.jpg\" data-orig-size=\"800,533\" data-comments-opened=\"0\" data-image-meta=\"{&quot;aperture&quot;:&quot;0&quot;,&quot;credit&quot;:&quot;&quot;,&quot;camera&quot;:&quot;&quot;,&quot;caption&quot;:&quot;&quot;,&quot;created_timestamp&quot;:&quot;0&quot;,&quot;copyright&quot;:&quot;&quot;,&quot;focal_length&quot;:&quot;0&quot;,&quot;iso&quot;:&quot;0&quot;,&quot;shutter_speed&quot;:&quot;0&quot;,&quot;title&quot;:&quot;&quot;,&quot;orientation&quot;:&quot;0&quot;}\" data-image-title=\"06 agua muni 1\" data-image-description=\"\" data-image-caption=\"\" data-large-file=\"https:\/\/www.hoymercedes.com.ar\/principal\/wp-content\/uploads\/2020\/07\/06-agua-muni-1.jpg\" src=\"https:\/\/www.hoymercedes.com.ar\/principal\/wp-content\/uploads\/2020\/07\/06-agua-muni-1.jpg\" alt=\"\" class=\"wp-image-113251\"\/><\/figure><\/div>\n\n\n\n<p>\u201cAl hacerse la obra de asfalto de la Avenida 2 informamos que habr\u00eda mejoras en las ca\u00f1er\u00edas y en esta caso decidimos dar un pasito m\u00e1s y tambi\u00e9n mejorar en el nivel de la ca\u00f1er\u00eda, baj\u00e1ndola unos noventa (90) cent\u00edmetros\u201d inform\u00f3 Lu\u00eds Ponce, subsecretario de servicios p\u00fablicos y agreg\u00f3 que \u201cen esta zona hab\u00eda ca\u00f1as de m\u00e1s de 50 a\u00f1os por eso la obra principal acompa\u00f1ada de estar obras accesorias sin duda es una mejora constante en infraestructura\u201d, afirm\u00f3.<\/p>\n\n\n\n<p>A su vez, el Subsecretario asegur\u00f3 \u201cesto optimiza el servicio y nos evita tener inconvenientes en un futuro, especialmente saber que si en alg\u00fan momento es necesario hacer alguna acci\u00f3n no tendremos que romper el nuevo hormig\u00f3n\u201d.<\/p>\n\n\n\n<div class=\"wp-block-image\"><figure class=\"aligncenter size-large\"><img loading=\"lazy\" decoding=\"async\" width=\"800\" height=\"533\" data-attachment-id=\"113252\" data-permalink=\"https:\/\/www.hoymercedes.com.ar\/principal\/2020\/07\/06\/recambian-caneria-del-servicio-de-agua-corriente\/06-agua-muni-2\/#main\" data-orig-file=\"https:\/\/www.hoymercedes.com.ar\/principal\/wp-content\/uploads\/2020\/07\/06-agua-muni-2.jpg\" data-orig-size=\"800,533\" data-comments-opened=\"0\" data-image-meta=\"{&quot;aperture&quot;:&quot;0&quot;,&quot;credit&quot;:&quot;&quot;,&quot;camera&quot;:&quot;&quot;,&quot;caption&quot;:&quot;&quot;,&quot;created_timestamp&quot;:&quot;0&quot;,&quot;copyright&quot;:&quot;&quot;,&quot;focal_length&quot;:&quot;0&quot;,&quot;iso&quot;:&quot;0&quot;,&quot;shutter_speed&quot;:&quot;0&quot;,&quot;title&quot;:&quot;&quot;,&quot;orientation&quot;:&quot;0&quot;}\" data-image-title=\"06 agua muni 2\" data-image-description=\"\" data-image-caption=\"\" data-large-file=\"https:\/\/www.hoymercedes.com.ar\/principal\/wp-content\/uploads\/2020\/07\/06-agua-muni-2.jpg\" src=\"https:\/\/www.hoymercedes.com.ar\/principal\/wp-content\/uploads\/2020\/07\/06-agua-muni-2.jpg\" alt=\"\" class=\"wp-image-113252\"\/><\/figure><\/div>\n","protected":false},"excerpt":{"rendered":"<p>El \u00e1rea de Servicios P\u00fablicos realiz\u00f3 trabajos en las ca\u00f1er\u00edas de agua de la zona de avenida 2 y 17. &#8230; <a title=\"Recambian ca\u00f1er\u00eda del servicio de agua corriente\" class=\"read-more\" href=\"https:\/\/www.hoymercedes.com.ar\/principal\/2020\/07\/06\/recambian-caneria-del-servicio-de-agua-corriente\/\" aria-label=\"Leer m\u00e1s sobre Recambian ca\u00f1er\u00eda del servicio de agua corriente\">Leer m\u00e1s<\/a><\/p>\n","protected":false},"author":1,"featured_media":113252,"comment_status":"closed","ping_status":"open","sticky":false,"template":"","format":"standard","meta":{"_monsterinsights_skip_tracking":false,"_monsterinsights_sitenote_active":false,"_monsterinsights_sitenote_note":"","_monsterinsights_sitenote_category":0,"jetpack_post_was_ever_published":false,"_jetpack_newsletter_access":"","_jetpack_dont_email_post_to_subs":false,"_jetpack_newsletter_tier_id":0,"_jetpack_memberships_contains_paywalled_content":false,"_jetpack_memberships_contains_paid_content":false,"footnotes":"","jetpack_publicize_message":"","jetpack_publicize_feature_enabled":true,"jetpack_social_post_already_shared":true,"jetpack_social_options":{"image_generator_settings":{"template":"highway","default_image_id":0,"font":"","enabled":false},"version":2},"_wpas_customize_per_network":false},"categories":[30],"tags":[],"class_list":["post-113250","post","type-post","status-publish","format-standard","has-post-thumbnail","hentry","category-municipio","generate-columns","tablet-grid-50","mobile-grid-100","grid-parent","grid-50"],"jetpack_publicize_connections":[],"jetpack_featured_media_url":"https:\/\/www.hoymercedes.com.ar\/principal\/wp-content\/uploads\/2020\/07\/06-agua-muni-2.jpg","wps_subtitle":"","jetpack_sharing_enabled":true,"_links":{"self":[{"href":"https:\/\/www.hoymercedes.com.ar\/principal\/wp-json\/wp\/v2\/posts\/113250","targetHints":{"allow":["GET"]}}],"collection":[{"href":"https:\/\/www.hoymercedes.com.ar\/principal\/wp-json\/wp\/v2\/posts"}],"about":[{"href":"https:\/\/www.hoymercedes.com.ar\/principal\/wp-json\/wp\/v2\/types\/post"}],"author":[{"embeddable":true,"href":"https:\/\/www.hoymercedes.com.ar\/principal\/wp-json\/wp\/v2\/users\/1"}],"replies":[{"embeddable":true,"href":"https:\/\/www.hoymercedes.com.ar\/principal\/wp-json\/wp\/v2\/comments?post=113250"}],"version-history":[{"count":0,"href":"https:\/\/www.hoymercedes.com.ar\/principal\/wp-json\/wp\/v2\/posts\/113250\/revisions"}],"wp:featuredmedia":[{"embeddable":true,"href":"https:\/\/www.hoymercedes.com.ar\/principal\/wp-json\/wp\/v2\/media\/113252"}],"wp:attachment":[{"href":"https:\/\/www.hoymercedes.com.ar\/principal\/wp-json\/wp\/v2\/media?parent=113250"}],"wp:term":[{"taxonomy":"category","embeddable":true,"href":"https:\/\/www.hoymercedes.com.ar\/principal\/wp-json\/wp\/v2\/categories?post=113250"},{"taxonomy":"post_tag","embeddable":true,"href":"https:\/\/www.hoymercedes.com.ar\/principal\/wp-json\/wp\/v2\/tags?post=113250"}],"curies":[{"name":"wp","href":"https:\/\/api.w.org\/{rel}","templated":true}]}}