{"id":11328,"date":"2012-03-07T12:38:16","date_gmt":"2012-03-07T12:38:16","guid":{"rendered":"http:\/\/www.hoymercedes.com.ar\/principal\/?p=11328"},"modified":"2012-03-07T12:38:16","modified_gmt":"2012-03-07T12:38:16","slug":"hoy-sera-el-dia-d-para-el-director-del-hospital-dubarry","status":"publish","type":"post","link":"https:\/\/www.hoymercedes.com.ar\/principal\/2012\/03\/07\/hoy-sera-el-dia-d-para-el-director-del-hospital-dubarry\/","title":{"rendered":"\u00bfHoy ser\u00e1 el d\u00eda \u201cD\u201d para el Director del Hospital Dubarry?"},"content":{"rendered":"<p>El intendente Municipal Carlos Am\u00e9rico Selva confirm\u00f3 que durante la jornada de este mi\u00e9rcoles viajar\u00e1 a la ciudad de La Plata para realizar una serie de tr\u00e1mites que tiene postergados todos relacionados con la marcha de diferentes actividades en nuestra ciudad confirmando que uno de esos temas tiene que ver con la situaci\u00f3n planteada ante un posible cambio de la m\u00e1xima autoridad en el Hospital Blas L Dubarry tal como se viene escuchando ya desde hace tiempo en diferentes lugares de la ciudad.<\/p>\n<p>M\u00e1s all\u00e1 que en la \u00faltima oportunidad que <span style=\"color: #003366;\"><strong>LA HORA<\/strong><\/span> dialog\u00f3 don el Dr Rodolfo Principi este haya manifestado que \u201cel mi\u00e9rcoles que viene viaja el intendente a LA Plata y seguramente se entrevistar\u00e1 con el Ministro para definir mi situaci\u00f3n\u201d, Selva sostuvo \u201cen realidad mi viaje estaba programado para hoy martes y este acto que acabamos de hacer lo hab\u00edamos dispuesto para ma\u00f1ana (por hoy) pero a ultimo momento hubo cambios en La Plata as\u00ed que debimos necesariamente invertir las cosas.<\/p>\n<p>Mi agenda de trabajo dice que debo mantener tres encuentros importantes en diferentes \u00e1reas del gobierno de la provincia y uno de ellos es justamente hablar con el Ministro de Salud de la Provincia.<\/p>\n<p>M\u00e1s adelante el jefe comunal sostuvo \u201cpor cierto es verdad que hay muchos tema importantes que debemos tratar pero tambi\u00e9n es cierto que muchas veces coordinar la agenda de los funcionarios es bastante dif\u00edcil y complejo, as\u00ed que nuestra idea es estar visitando no menos de tres Ministerios.<\/p>\n<p>Es verdad que la situaci\u00f3n en el hospital es un tema que ya hemos conversado con el Ministro de Salud Alejandro Collia porque debe quedar muy bien en claro que el centro de salud m\u00e1s importante que tiene la ciudad de Mercedes tiene que tener muy bien establecida su verticalidad, su parte organizativa en materia de salud con una pol\u00edtica correcta y eso es lo que estamos pidiendo as\u00ed que espero que ma\u00f1ana (por hoy) podamos tener una definici\u00f3n concreta\u201d.<\/p>\n<p><strong>La reuni\u00f3n de ayer<\/strong><\/p>\n<p>Con relaci\u00f3n al acto efectuado ayer conla designaci\u00f3n de la Directora de Discapacidad, el mandatario precis\u00f3 \u201cla idea que siempre tuvimos fue ir cubriendo aquellas \u00e1reas que est\u00e1n previstas en el actual presupuesto y en la cual m\u00e1s all\u00e1 de este acto se trata de algo en lo que venimos trabajando desde mediados del a\u00f1o 2011 y lo m\u00e1s importante para nosotros es que en el d\u00eda de hoy han concurrido los representantes de todas las instituciones que est\u00e1n abocadas al tema de la discapacidad, ustedes recordar\u00e1n que el a\u00f1o pasado hicimos durante una reuni\u00f3n efectuada en la Sociedad Italiana un censo de estas instituciones las cuales quedaron registradas en nuestro municipio y de ahora en adelante vamos a difundir como corresponde las especialidades de cada una de dichas entidades.<\/p>\n<p>La pol\u00edtica de discapacidad debe tener una tarea que sea realmente abarcativa para toda la sociedad, eso es lo que desde ahora pretendemos hacer\u201d.<\/p>\n<p>Desde el a\u00f1o pasado el intendente hab\u00eda dispuesto la refacci\u00f3n integral de un amplio sector del Ex Instituto Mart\u00edn Rodr\u00edguez cuyo ingreso es sobre la calle 11 para que en dicho lugar pueda funcionar la nueva dependencia que finalmente ahora ya ha sido oficialmente anunciada, dicho lugar cuenta con salas y oficinas especialmente dise\u00f1adas para que dentro de las mismas pueda desplazarse sin ning\u00fan tipo de inconveniente una persona con cualquier tipo de discapacidad, tareas que est\u00e1n llegando a su punto final por lo cual en poco tiempo m\u00e1s se producir\u00e1 la habilitaci\u00f3n definitiva de la nueva dependencia afectada al funcionamiento de un \u00e1rea municipal.<\/p>\n","protected":false},"excerpt":{"rendered":"<p>El intendente Municipal Carlos Am\u00e9rico Selva confirm\u00f3 que durante la jornada de este mi\u00e9rcoles viajar\u00e1 a la ciudad de La &#8230; <a title=\"\u00bfHoy ser\u00e1 el d\u00eda \u201cD\u201d para el Director del Hospital Dubarry?\" class=\"read-more\" href=\"https:\/\/www.hoymercedes.com.ar\/principal\/2012\/03\/07\/hoy-sera-el-dia-d-para-el-director-del-hospital-dubarry\/\" aria-label=\"Leer m\u00e1s sobre \u00bfHoy ser\u00e1 el d\u00eda \u201cD\u201d para el Director del Hospital Dubarry?\">Leer m\u00e1s<\/a><\/p>\n","protected":false},"author":1,"featured_media":0,"comment_status":"open","ping_status":"open","sticky":false,"template":"","format":"standard","meta":{"_monsterinsights_skip_tracking":false,"_monsterinsights_sitenote_active":false,"_monsterinsights_sitenote_note":"","_monsterinsights_sitenote_category":0,"jetpack_post_was_ever_published":false,"_jetpack_newsletter_access":"","_jetpack_dont_email_post_to_subs":false,"_jetpack_newsletter_tier_id":0,"_jetpack_memberships_contains_paywalled_content":false,"_jetpack_memberships_contains_paid_content":false,"footnotes":"","jetpack_publicize_message":"","jetpack_publicize_feature_enabled":true,"jetpack_social_post_already_shared":false,"jetpack_social_options":{"image_generator_settings":{"template":"highway","default_image_id":0,"font":"","enabled":false},"version":2},"_wpas_customize_per_network":false},"categories":[5],"tags":[39,791,532,133],"class_list":["post-11328","post","type-post","status-publish","format-standard","hentry","category-politica","tag-carlos-selva","tag-diario-la-hora","tag-fito-principi","tag-hospital-mercedes","generate-columns","tablet-grid-50","mobile-grid-100","grid-parent","grid-50"],"jetpack_publicize_connections":[],"jetpack_featured_media_url":"","wps_subtitle":"","jetpack_sharing_enabled":true,"_links":{"self":[{"href":"https:\/\/www.hoymercedes.com.ar\/principal\/wp-json\/wp\/v2\/posts\/11328","targetHints":{"allow":["GET"]}}],"collection":[{"href":"https:\/\/www.hoymercedes.com.ar\/principal\/wp-json\/wp\/v2\/posts"}],"about":[{"href":"https:\/\/www.hoymercedes.com.ar\/principal\/wp-json\/wp\/v2\/types\/post"}],"author":[{"embeddable":true,"href":"https:\/\/www.hoymercedes.com.ar\/principal\/wp-json\/wp\/v2\/users\/1"}],"replies":[{"embeddable":true,"href":"https:\/\/www.hoymercedes.com.ar\/principal\/wp-json\/wp\/v2\/comments?post=11328"}],"version-history":[{"count":0,"href":"https:\/\/www.hoymercedes.com.ar\/principal\/wp-json\/wp\/v2\/posts\/11328\/revisions"}],"wp:attachment":[{"href":"https:\/\/www.hoymercedes.com.ar\/principal\/wp-json\/wp\/v2\/media?parent=11328"}],"wp:term":[{"taxonomy":"category","embeddable":true,"href":"https:\/\/www.hoymercedes.com.ar\/principal\/wp-json\/wp\/v2\/categories?post=11328"},{"taxonomy":"post_tag","embeddable":true,"href":"https:\/\/www.hoymercedes.com.ar\/principal\/wp-json\/wp\/v2\/tags?post=11328"}],"curies":[{"name":"wp","href":"https:\/\/api.w.org\/{rel}","templated":true}]}}