{"id":113298,"date":"2020-07-08T08:31:13","date_gmt":"2020-07-08T11:31:13","guid":{"rendered":"http:\/\/www.hoymercedes.com.ar\/principal\/?p=113298"},"modified":"2020-07-07T10:44:55","modified_gmt":"2020-07-07T13:44:55","slug":"lucas-biglia-y-lucas-pusineri-tuvieron-su-primer-contacto-telefonico","status":"publish","type":"post","link":"https:\/\/www.hoymercedes.com.ar\/principal\/2020\/07\/08\/lucas-biglia-y-lucas-pusineri-tuvieron-su-primer-contacto-telefonico\/","title":{"rendered":"Lucas Biglia y Lucas Pusineri tuvieron su primer contacto telef\u00f3nico"},"content":{"rendered":"\n<p>El entrenador de Independiente adelant\u00f3 que volver\u00e1 a conversar en los pr\u00f3ximos d\u00edas con el volante Lucas Biglia, que quedar\u00e1 libre del club Mil\u00e1n, de Italia, en el mercado de pases de invierno.<\/p>\n\n\n\n<figure class=\"wp-block-image size-large\"><img loading=\"lazy\" decoding=\"async\" width=\"1004\" height=\"565\" data-attachment-id=\"113301\" data-permalink=\"https:\/\/www.hoymercedes.com.ar\/principal\/2020\/07\/08\/lucas-biglia-y-lucas-pusineri-tuvieron-su-primer-contacto-telefonico\/lucas-biglia-milan-8\/#main\" data-orig-file=\"https:\/\/www.hoymercedes.com.ar\/principal\/wp-content\/uploads\/2020\/07\/Lucas-Biglia-Milan.jpg\" data-orig-size=\"1004,565\" data-comments-opened=\"0\" data-image-meta=\"{&quot;aperture&quot;:&quot;0&quot;,&quot;credit&quot;:&quot;&quot;,&quot;camera&quot;:&quot;&quot;,&quot;caption&quot;:&quot;&quot;,&quot;created_timestamp&quot;:&quot;0&quot;,&quot;copyright&quot;:&quot;&quot;,&quot;focal_length&quot;:&quot;0&quot;,&quot;iso&quot;:&quot;0&quot;,&quot;shutter_speed&quot;:&quot;0&quot;,&quot;title&quot;:&quot;&quot;,&quot;orientation&quot;:&quot;0&quot;}\" data-image-title=\"Lucas-Biglia-Milan\" data-image-description=\"\" data-image-caption=\"\" data-large-file=\"https:\/\/www.hoymercedes.com.ar\/principal\/wp-content\/uploads\/2020\/07\/Lucas-Biglia-Milan.jpg\" src=\"https:\/\/www.hoymercedes.com.ar\/principal\/wp-content\/uploads\/2020\/07\/Lucas-Biglia-Milan.jpg\" alt=\"\" class=\"wp-image-113301\"\/><\/figure>\n\n\n\n<p>\u00abTengo una gran relaci\u00f3n con \u00e9l de cuando fuimos compa\u00f1eros por eso le mand\u00e9 un mensaje, me respondi\u00f3 pero no pudimos hablar mucho, de todas formas quedamos en volver a hablar en estos d\u00edas\u00bb, cont\u00f3 Pusineri y le abri\u00f3 la puerta a la posible llegada a su excompa\u00f1ero, con el que comparti\u00f3 plantel entre 2004 y 2006.<\/p>\n\n\n\n<p>\u00abTambi\u00e9n quiero escuchar su deseo y ver como quiere encarar esta etapa de su carrera pero ojal\u00e1 podamos contar con \u00e9l. Es un jugador experimentado de gran carrera, que entiende muy bien el juego y nos puede aportar calidad y jerarqu\u00eda\u00bb, explic\u00f3 el DT.<\/p>\n","protected":false},"excerpt":{"rendered":"<p>El entrenador de Independiente adelant\u00f3 que volver\u00e1 a conversar en los pr\u00f3ximos d\u00edas con el volante Lucas Biglia, que quedar\u00e1 &#8230; <a title=\"Lucas Biglia y Lucas Pusineri tuvieron su primer contacto telef\u00f3nico\" class=\"read-more\" href=\"https:\/\/www.hoymercedes.com.ar\/principal\/2020\/07\/08\/lucas-biglia-y-lucas-pusineri-tuvieron-su-primer-contacto-telefonico\/\" aria-label=\"Leer m\u00e1s sobre Lucas Biglia y Lucas Pusineri tuvieron su primer contacto telef\u00f3nico\">Leer m\u00e1s<\/a><\/p>\n","protected":false},"author":1,"featured_media":113301,"comment_status":"closed","ping_status":"open","sticky":false,"template":"","format":"standard","meta":{"_monsterinsights_skip_tracking":false,"_monsterinsights_sitenote_active":false,"_monsterinsights_sitenote_note":"","_monsterinsights_sitenote_category":0,"jetpack_post_was_ever_published":false,"_jetpack_newsletter_access":"","_jetpack_dont_email_post_to_subs":false,"_jetpack_newsletter_tier_id":0,"_jetpack_memberships_contains_paywalled_content":false,"_jetpack_memberships_contains_paid_content":false,"footnotes":"","jetpack_publicize_message":"","jetpack_publicize_feature_enabled":true,"jetpack_social_post_already_shared":true,"jetpack_social_options":{"image_generator_settings":{"template":"highway","default_image_id":0,"font":"","enabled":false},"version":2},"_wpas_customize_per_network":false},"categories":[21],"tags":[14624,305],"class_list":["post-113298","post","type-post","status-publish","format-standard","has-post-thumbnail","hentry","category-deportes","tag-ac-milan","tag-lucas-biglia","generate-columns","tablet-grid-50","mobile-grid-100","grid-parent","grid-50"],"jetpack_publicize_connections":[],"jetpack_featured_media_url":"https:\/\/www.hoymercedes.com.ar\/principal\/wp-content\/uploads\/2020\/07\/Lucas-Biglia-Milan.jpg","wps_subtitle":"La Legi\u00f3n","jetpack_sharing_enabled":true,"_links":{"self":[{"href":"https:\/\/www.hoymercedes.com.ar\/principal\/wp-json\/wp\/v2\/posts\/113298","targetHints":{"allow":["GET"]}}],"collection":[{"href":"https:\/\/www.hoymercedes.com.ar\/principal\/wp-json\/wp\/v2\/posts"}],"about":[{"href":"https:\/\/www.hoymercedes.com.ar\/principal\/wp-json\/wp\/v2\/types\/post"}],"author":[{"embeddable":true,"href":"https:\/\/www.hoymercedes.com.ar\/principal\/wp-json\/wp\/v2\/users\/1"}],"replies":[{"embeddable":true,"href":"https:\/\/www.hoymercedes.com.ar\/principal\/wp-json\/wp\/v2\/comments?post=113298"}],"version-history":[{"count":0,"href":"https:\/\/www.hoymercedes.com.ar\/principal\/wp-json\/wp\/v2\/posts\/113298\/revisions"}],"wp:featuredmedia":[{"embeddable":true,"href":"https:\/\/www.hoymercedes.com.ar\/principal\/wp-json\/wp\/v2\/media\/113301"}],"wp:attachment":[{"href":"https:\/\/www.hoymercedes.com.ar\/principal\/wp-json\/wp\/v2\/media?parent=113298"}],"wp:term":[{"taxonomy":"category","embeddable":true,"href":"https:\/\/www.hoymercedes.com.ar\/principal\/wp-json\/wp\/v2\/categories?post=113298"},{"taxonomy":"post_tag","embeddable":true,"href":"https:\/\/www.hoymercedes.com.ar\/principal\/wp-json\/wp\/v2\/tags?post=113298"}],"curies":[{"name":"wp","href":"https:\/\/api.w.org\/{rel}","templated":true}]}}