{"id":113306,"date":"2020-07-07T11:17:56","date_gmt":"2020-07-07T14:17:56","guid":{"rendered":"http:\/\/www.hoymercedes.com.ar\/principal\/?p=113306"},"modified":"2020-07-07T11:22:18","modified_gmt":"2020-07-07T14:22:18","slug":"se-conocieron-los-resultados-de-estudios-covid-a-todos-los-empleados-de-grupo-espindola","status":"publish","type":"post","link":"https:\/\/www.hoymercedes.com.ar\/principal\/2020\/07\/07\/se-conocieron-los-resultados-de-estudios-covid-a-todos-los-empleados-de-grupo-espindola\/","title":{"rendered":"Se conocieron los resultados de estudios covid a todos los empleados de Grupo Espindola"},"content":{"rendered":"\n<figure class=\"wp-block-image size-large\"><img loading=\"lazy\" decoding=\"async\" width=\"1280\" height=\"854\" data-attachment-id=\"113307\" data-permalink=\"https:\/\/www.hoymercedes.com.ar\/principal\/2020\/07\/07\/se-conocieron-los-resultados-de-estudios-covid-a-todos-los-empleados-de-grupo-espindola\/grupoespindola-2\/#main\" data-orig-file=\"https:\/\/www.hoymercedes.com.ar\/principal\/wp-content\/uploads\/2020\/07\/grupoespindola.jpg\" data-orig-size=\"1280,854\" data-comments-opened=\"0\" data-image-meta=\"{&quot;aperture&quot;:&quot;0&quot;,&quot;credit&quot;:&quot;&quot;,&quot;camera&quot;:&quot;&quot;,&quot;caption&quot;:&quot;&quot;,&quot;created_timestamp&quot;:&quot;0&quot;,&quot;copyright&quot;:&quot;&quot;,&quot;focal_length&quot;:&quot;0&quot;,&quot;iso&quot;:&quot;0&quot;,&quot;shutter_speed&quot;:&quot;0&quot;,&quot;title&quot;:&quot;&quot;,&quot;orientation&quot;:&quot;0&quot;}\" data-image-title=\"grupoespindola\" data-image-description=\"\" data-image-caption=\"\" data-large-file=\"https:\/\/www.hoymercedes.com.ar\/principal\/wp-content\/uploads\/2020\/07\/grupoespindola.jpg\" src=\"https:\/\/www.hoymercedes.com.ar\/principal\/wp-content\/uploads\/2020\/07\/grupoespindola.jpg\" alt=\"\" class=\"wp-image-113307\"\/><\/figure>\n\n\n\n<p>La responsable del grupo, <strong>Evangelina Esp\u00edndola<\/strong>, dio la buena noticia de que ning\u00fan trabajador dio positivo ni se le encontraron rastros de que alguna vez hayan tenido covid-19. La medida de protecci\u00f3n y prevenci\u00f3n abarca en primer lugar al \u00e1mbito productivo, pero se entiende es un hecho positivo para toda la ciudad que tiene, de esta manera, un nuevo marco de an\u00e1lisis y cuidado de los mercedinos. Es la primera empresa que a nivel privado toma una medida e inversi\u00f3n de este tipo.<\/p>\n\n\n\n<p>Al ser consultada por los medios, Evangelina Espindola, coment\u00f3 que \u201cen primer lugar queremos agradecerles a los profesionales que nos acompa\u00f1aron en este desaf\u00edo de testearnos y de poner a prueba los protocolos que llevamos a cabo desde el inicio de las actividades de la empresa\u201d inform\u00f3 la profesional.<\/p>\n\n\n\n<figure class=\"wp-block-embed-youtube wp-block-embed is-type-video is-provider-youtube wp-embed-aspect-16-9 wp-has-aspect-ratio\"><div class=\"wp-block-embed__wrapper\">\n<span class=\"embed-youtube\" style=\"text-align:center; display: block;\"><iframe loading=\"lazy\" class=\"youtube-player\" width=\"1200\" height=\"675\" src=\"https:\/\/www.youtube.com\/embed\/wRwMOMwLLJo?version=3&#038;rel=1&#038;showsearch=0&#038;showinfo=1&#038;iv_load_policy=1&#038;fs=1&#038;hl=es-ES&#038;autohide=2&#038;wmode=transparent\" allowfullscreen=\"true\" style=\"border:0;\" sandbox=\"allow-scripts allow-same-origin allow-popups allow-presentation allow-popups-to-escape-sandbox\"><\/iframe><\/span>\n<\/div><\/figure>\n\n\n\n<p>M\u00e1s adelante coment\u00f3 que \u201ctambi\u00e9n deseamos compartir la noticia con cada vecino y cada una de las pymes\u201d que en este contexto \u201cest\u00e1n poniendo el hombro para llevar adelante y sostener el trabajo, la econom\u00eda y la salud en esta situaci\u00f3n tan cr\u00edtica, y que desde nuestra empresa nos comprometimos a que desde el momento en que se abrieran las puertas ser\u00eda con todas las acciones pertinentes para llevar adelante los protocolos, habitu\u00e1ndonos a una nueva manera de relacionarnos, de vivir, y de tener los cuidados necesarios para que el virus no ingresara a nuestra planta\u201d afirm\u00f3<\/p>\n\n\n\n<p>Tambi\u00e9n coment\u00f3 que \u201cseguimos trabajando en mejorar los cuidados, intensific\u00e1ndolos para cada uno de los operarios, pero fue un placer poder tener resultados positivos y que de alguna manera nos satisface porque es un logro saber que est\u00e1n bien, pero sin dejar de tener presente que nos cuesta bastante seguir con las puertas abiertas y deseamos seguir produciendo por eso es valioso la responsabilidad adoptada por cada uno dentro y fuera de la empresa.<\/p>\n\n\n\n<p>Por su parte, Rodolfo Principi, responsable m\u00e9dico de la acci\u00f3n, coment\u00f3 que \u201ces un bien sanitario pensando m\u00e1s all\u00e1 del presente. La forma de evaluar si una persona tuvo o no es con un examen\u201d y coment\u00f3 que todo surge cunando \u201cEvangelina Esp\u00ednola titular de la empresa vio responsables de seguridad e higiene, pero adem\u00e1s quer\u00eda tener una evaluaci\u00f3n y saber si se contagi\u00f3 alguien o no\u201d manifest\u00f3 quien estuvo a cargo del proceso sanitario.<\/p>\n\n\n\n<p>M\u00e1s adelante Principio inform\u00f3 que \u201ces una manera de cuidar a las personas que trabajan e incluso a las familias. La demostraci\u00f3n de que el protocolo fue muy bueno es este examen serol\u00f3gico que permiti\u00f3 establecer una prevalencia de 0% en las f\u00e1bricas en Mercedes para el grupo\u201d, siendo una excelente noticia para la empresa y la ciudad.<\/p>\n\n\n\n<p>Sostuvo, a su vez, que \u201cha establecido algo muy bueno desde el punto de vista empresarial, pero fundamentalmente para la cuesti\u00f3n humana, siendo dos aristas que van juntas, la parte humana y la parte comercial, siendo la \u00fanica empresa que ha aplicado este protocolo de estudios en Mercedes de forma exitosa<\/p>\n\n\n\n<figure class=\"wp-block-image size-large\"><img loading=\"lazy\" decoding=\"async\" width=\"1280\" height=\"854\" data-attachment-id=\"113308\" data-permalink=\"https:\/\/www.hoymercedes.com.ar\/principal\/2020\/07\/07\/se-conocieron-los-resultados-de-estudios-covid-a-todos-los-empleados-de-grupo-espindola\/grupoespindola-estudioscovid-2\/#main\" data-orig-file=\"https:\/\/www.hoymercedes.com.ar\/principal\/wp-content\/uploads\/2020\/07\/grupoespindola-estudioscovid-2.jpg\" data-orig-size=\"1280,854\" data-comments-opened=\"0\" data-image-meta=\"{&quot;aperture&quot;:&quot;0&quot;,&quot;credit&quot;:&quot;&quot;,&quot;camera&quot;:&quot;&quot;,&quot;caption&quot;:&quot;&quot;,&quot;created_timestamp&quot;:&quot;0&quot;,&quot;copyright&quot;:&quot;&quot;,&quot;focal_length&quot;:&quot;0&quot;,&quot;iso&quot;:&quot;0&quot;,&quot;shutter_speed&quot;:&quot;0&quot;,&quot;title&quot;:&quot;&quot;,&quot;orientation&quot;:&quot;0&quot;}\" data-image-title=\"grupoespindola-estudioscovid-2\" data-image-description=\"\" data-image-caption=\"\" data-large-file=\"https:\/\/www.hoymercedes.com.ar\/principal\/wp-content\/uploads\/2020\/07\/grupoespindola-estudioscovid-2.jpg\" src=\"https:\/\/www.hoymercedes.com.ar\/principal\/wp-content\/uploads\/2020\/07\/grupoespindola-estudioscovid-2.jpg\" alt=\"\" class=\"wp-image-113308\"\/><\/figure>\n\n\n\n<p>Por su parte, el responsable de seguridad industrial, Lic. Guillermo Hern\u00e1ndez , manifest\u00f3 que \u201cestamos trabajando en un protocolo interno, no solo para los operarios, sino tambi\u00e9n para los sectores administrativos y gerencial bajo el mismo protocolo y las mimas ganas.<\/p>\n\n\n\n<p>Tambi\u00e9n contamos con un estricto protocolo para aquellas personas que ingresan de afuera donde a recibimos distintos tipos de abastecimientos y enviamos productos. La verdad que se cumple muy bien tanto internamente como externamente. Gran parte de la poblaci\u00f3n est\u00e1 muy dispuesta a cumplir aquello que nos corresponde. Estamos muy agradecidos\u201d afirm\u00f3 y remarco que \u201cconstantemente se efect\u00faan ajustes\u201d.<\/p>\n\n\n\n<p>Por \u00faltimo, Evangelina Espindola, remarc\u00f3 que \u201cestamos muy orgullosos de este procedimiento, del compromiso de todos los que son parte de la industria y de c\u00f3mo se ha venido trabajando\u201d<\/p>\n","protected":false},"excerpt":{"rendered":"<p>La responsable del grupo, Evangelina Esp\u00edndola, dio la buena noticia de que ning\u00fan trabajador dio positivo ni se le encontraron &#8230; <a title=\"Se conocieron los resultados de estudios covid a todos los empleados de Grupo Espindola\" class=\"read-more\" href=\"https:\/\/www.hoymercedes.com.ar\/principal\/2020\/07\/07\/se-conocieron-los-resultados-de-estudios-covid-a-todos-los-empleados-de-grupo-espindola\/\" aria-label=\"Leer m\u00e1s sobre Se conocieron los resultados de estudios covid a todos los empleados de Grupo Espindola\">Leer m\u00e1s<\/a><\/p>\n","protected":false},"author":1,"featured_media":113307,"comment_status":"closed","ping_status":"open","sticky":false,"template":"","format":"standard","meta":{"_monsterinsights_skip_tracking":false,"_monsterinsights_sitenote_active":false,"_monsterinsights_sitenote_note":"","_monsterinsights_sitenote_category":0,"jetpack_post_was_ever_published":false,"_jetpack_newsletter_access":"","_jetpack_dont_email_post_to_subs":false,"_jetpack_newsletter_tier_id":0,"_jetpack_memberships_contains_paywalled_content":false,"_jetpack_memberships_contains_paid_content":false,"footnotes":"","jetpack_publicize_message":"","jetpack_publicize_feature_enabled":true,"jetpack_social_post_already_shared":true,"jetpack_social_options":{"image_generator_settings":{"template":"highway","default_image_id":0,"font":"","enabled":false},"version":2},"_wpas_customize_per_network":false},"categories":[8],"tags":[16586,16818,16587,20,16588],"class_list":["post-113306","post","type-post","status-publish","format-standard","has-post-thumbnail","hentry","category-sociedad","tag-grupo-espindola","tag-industrias-grupo-espindola","tag-llaxay","tag-merplac","tag-supera","generate-columns","tablet-grid-50","mobile-grid-100","grid-parent","grid-50"],"jetpack_publicize_connections":[],"jetpack_featured_media_url":"https:\/\/www.hoymercedes.com.ar\/principal\/wp-content\/uploads\/2020\/07\/grupoespindola.jpg","wps_subtitle":"Buena noticia ","jetpack_sharing_enabled":true,"_links":{"self":[{"href":"https:\/\/www.hoymercedes.com.ar\/principal\/wp-json\/wp\/v2\/posts\/113306","targetHints":{"allow":["GET"]}}],"collection":[{"href":"https:\/\/www.hoymercedes.com.ar\/principal\/wp-json\/wp\/v2\/posts"}],"about":[{"href":"https:\/\/www.hoymercedes.com.ar\/principal\/wp-json\/wp\/v2\/types\/post"}],"author":[{"embeddable":true,"href":"https:\/\/www.hoymercedes.com.ar\/principal\/wp-json\/wp\/v2\/users\/1"}],"replies":[{"embeddable":true,"href":"https:\/\/www.hoymercedes.com.ar\/principal\/wp-json\/wp\/v2\/comments?post=113306"}],"version-history":[{"count":0,"href":"https:\/\/www.hoymercedes.com.ar\/principal\/wp-json\/wp\/v2\/posts\/113306\/revisions"}],"wp:featuredmedia":[{"embeddable":true,"href":"https:\/\/www.hoymercedes.com.ar\/principal\/wp-json\/wp\/v2\/media\/113307"}],"wp:attachment":[{"href":"https:\/\/www.hoymercedes.com.ar\/principal\/wp-json\/wp\/v2\/media?parent=113306"}],"wp:term":[{"taxonomy":"category","embeddable":true,"href":"https:\/\/www.hoymercedes.com.ar\/principal\/wp-json\/wp\/v2\/categories?post=113306"},{"taxonomy":"post_tag","embeddable":true,"href":"https:\/\/www.hoymercedes.com.ar\/principal\/wp-json\/wp\/v2\/tags?post=113306"}],"curies":[{"name":"wp","href":"https:\/\/api.w.org\/{rel}","templated":true}]}}