{"id":113324,"date":"2020-07-08T07:11:00","date_gmt":"2020-07-08T10:11:00","guid":{"rendered":"http:\/\/www.hoymercedes.com.ar\/principal\/?p=113324"},"modified":"2020-07-08T10:43:40","modified_gmt":"2020-07-08T13:43:40","slug":"procedimientos-de-la-policia-federal-descubren-infracciones-a-la-ley-tributaria","status":"publish","type":"post","link":"https:\/\/www.hoymercedes.com.ar\/principal\/2020\/07\/08\/procedimientos-de-la-policia-federal-descubren-infracciones-a-la-ley-tributaria\/","title":{"rendered":"Procedimientos de la Polic\u00eda Federal descubren infracciones a la ley tributaria"},"content":{"rendered":"\n<p>En el marco de las controles vehiculares particulares y utilitarios, la Polic\u00eda Federal Argentina encuentran varios de esos veh\u00edculos y conductores que incumplen otras leyes. Tal fue el caso de un rodado Kia K 2500, el cual intento evadir el control vehicular, para luego ser detenido y comprobar que trasladaba mercader\u00eda sin comprobante fiscal. <\/p>\n\n\n\n<div class=\"wp-block-image\"><figure class=\"aligncenter size-large\"><img loading=\"lazy\" decoding=\"async\" width=\"904\" height=\"603\" data-attachment-id=\"113325\" data-permalink=\"https:\/\/www.hoymercedes.com.ar\/principal\/2020\/07\/08\/procedimientos-de-la-policia-federal-descubren-infracciones-a-la-ley-tributaria\/08-poli-fede-1\/#main\" data-orig-file=\"https:\/\/www.hoymercedes.com.ar\/principal\/wp-content\/uploads\/2020\/07\/08-poli-fede-1.jpg\" data-orig-size=\"904,603\" data-comments-opened=\"0\" data-image-meta=\"{&quot;aperture&quot;:&quot;0&quot;,&quot;credit&quot;:&quot;&quot;,&quot;camera&quot;:&quot;&quot;,&quot;caption&quot;:&quot;&quot;,&quot;created_timestamp&quot;:&quot;0&quot;,&quot;copyright&quot;:&quot;&quot;,&quot;focal_length&quot;:&quot;0&quot;,&quot;iso&quot;:&quot;0&quot;,&quot;shutter_speed&quot;:&quot;0&quot;,&quot;title&quot;:&quot;&quot;,&quot;orientation&quot;:&quot;0&quot;}\" data-image-title=\"08 poli fede 1\" data-image-description=\"\" data-image-caption=\"\" data-large-file=\"https:\/\/www.hoymercedes.com.ar\/principal\/wp-content\/uploads\/2020\/07\/08-poli-fede-1.jpg\" src=\"https:\/\/www.hoymercedes.com.ar\/principal\/wp-content\/uploads\/2020\/07\/08-poli-fede-1.jpg\" alt=\"\" class=\"wp-image-113325\"\/><\/figure><\/div>\n\n\n\n<p>El veh\u00edculo pasaba por la cabina del peaje m\u00e1s alejada a los efectivos apostados en el lugar. Por lo que los funcionarios detienen el rodado, identifican a su conductor siendo este un masculino mayor de edad oriundo de la ciudad de Moreno, logrando advertir que en el interior de la caja transportaba ca\u00f1os de P.V.C y tanques de agua, por un valor estimado en el mercado de 110.000 pesos argentinos, sin el comprobante fiscal de la compra. <\/p>\n\n\n\n<p>\u00abPosteriormente, en el mismo peaje detienen la marcha de un cami\u00f3n Mercedes Benz, identificando a su conductor, siendo este un masculino mayor de edad, residente de la localidad de Suipacha, el cual transportaba, 10.000 pollitos bb con un valor de mercado estimado de 280.000 pesos argentinos, sin el comprobante fiscal de la compra\u00bb, expresa el informe. <\/p>\n\n\n\n<p>\u00abPor tal motivo los detectives dieron intervenci\u00f3n a la Agencia Federal de Ingresos P\u00fablicos, (A.F.I.P) Regional Mercedes, Quien dispuso labrar actas por infracci\u00f3n a la ley 11.683 Penal Tributaria. Por ultimo en horas de la tarde detuvieron la marcha de una camioneta Ford F-100, identificando al conductor siendo este un masculino mayor de edad procedente de San Andr\u00e9s de Giles, el cual carec\u00eda de permiso de circulaci\u00f3n\u00bb, agregan. <\/p>\n\n\n\n<p>\u00abManifestando en el lugar en forma agresiva que no pose\u00eda permiso para circular y que hab\u00eda visitado otras localidades y en ning\u00fan momento nadie le hab\u00eda exigido el permiso de circulaci\u00f3n. Los efectivos realizaron consulta con el juzgado interventor quien orden\u00f3 la detenci\u00f3n del ciudadano y notificarlo de la formaci\u00f3n de la causa por violar la cuarentena\u00bb, concluye el informe policial.<\/p>\n\n\n\n<div class=\"wp-block-image\"><figure class=\"aligncenter size-large\"><img loading=\"lazy\" decoding=\"async\" width=\"867\" height=\"578\" data-attachment-id=\"113326\" data-permalink=\"https:\/\/www.hoymercedes.com.ar\/principal\/2020\/07\/08\/procedimientos-de-la-policia-federal-descubren-infracciones-a-la-ley-tributaria\/08-poli-fede-2\/#main\" data-orig-file=\"https:\/\/www.hoymercedes.com.ar\/principal\/wp-content\/uploads\/2020\/07\/08-poli-fede-2.jpg\" data-orig-size=\"867,578\" data-comments-opened=\"0\" data-image-meta=\"{&quot;aperture&quot;:&quot;0&quot;,&quot;credit&quot;:&quot;&quot;,&quot;camera&quot;:&quot;&quot;,&quot;caption&quot;:&quot;&quot;,&quot;created_timestamp&quot;:&quot;0&quot;,&quot;copyright&quot;:&quot;&quot;,&quot;focal_length&quot;:&quot;0&quot;,&quot;iso&quot;:&quot;0&quot;,&quot;shutter_speed&quot;:&quot;0&quot;,&quot;title&quot;:&quot;&quot;,&quot;orientation&quot;:&quot;0&quot;}\" data-image-title=\"08 poli fede 2\" data-image-description=\"\" data-image-caption=\"\" data-large-file=\"https:\/\/www.hoymercedes.com.ar\/principal\/wp-content\/uploads\/2020\/07\/08-poli-fede-2.jpg\" src=\"https:\/\/www.hoymercedes.com.ar\/principal\/wp-content\/uploads\/2020\/07\/08-poli-fede-2.jpg\" alt=\"\" class=\"wp-image-113326\"\/><\/figure><\/div>\n","protected":false},"excerpt":{"rendered":"<p>En el marco de las controles vehiculares particulares y utilitarios, la Polic\u00eda Federal Argentina encuentran varios de esos veh\u00edculos y &#8230; <a title=\"Procedimientos de la Polic\u00eda Federal descubren infracciones a la ley tributaria\" class=\"read-more\" href=\"https:\/\/www.hoymercedes.com.ar\/principal\/2020\/07\/08\/procedimientos-de-la-policia-federal-descubren-infracciones-a-la-ley-tributaria\/\" aria-label=\"Leer m\u00e1s sobre Procedimientos de la Polic\u00eda Federal descubren infracciones a la ley tributaria\">Leer m\u00e1s<\/a><\/p>\n","protected":false},"author":1,"featured_media":113326,"comment_status":"closed","ping_status":"open","sticky":false,"template":"","format":"standard","meta":{"_monsterinsights_skip_tracking":false,"_monsterinsights_sitenote_active":false,"_monsterinsights_sitenote_note":"","_monsterinsights_sitenote_category":0,"jetpack_post_was_ever_published":false,"_jetpack_newsletter_access":"","_jetpack_dont_email_post_to_subs":false,"_jetpack_newsletter_tier_id":0,"_jetpack_memberships_contains_paywalled_content":false,"_jetpack_memberships_contains_paid_content":false,"footnotes":"","jetpack_publicize_message":"","jetpack_publicize_feature_enabled":true,"jetpack_social_post_already_shared":true,"jetpack_social_options":{"image_generator_settings":{"template":"highway","default_image_id":0,"font":"","enabled":false},"version":2},"_wpas_customize_per_network":false},"categories":[85],"tags":[],"class_list":["post-113324","post","type-post","status-publish","format-standard","has-post-thumbnail","hentry","category-policial","generate-columns","tablet-grid-50","mobile-grid-100","grid-parent","grid-50"],"jetpack_publicize_connections":[],"jetpack_featured_media_url":"https:\/\/www.hoymercedes.com.ar\/principal\/wp-content\/uploads\/2020\/07\/08-poli-fede-2.jpg","wps_subtitle":"","jetpack_sharing_enabled":true,"_links":{"self":[{"href":"https:\/\/www.hoymercedes.com.ar\/principal\/wp-json\/wp\/v2\/posts\/113324","targetHints":{"allow":["GET"]}}],"collection":[{"href":"https:\/\/www.hoymercedes.com.ar\/principal\/wp-json\/wp\/v2\/posts"}],"about":[{"href":"https:\/\/www.hoymercedes.com.ar\/principal\/wp-json\/wp\/v2\/types\/post"}],"author":[{"embeddable":true,"href":"https:\/\/www.hoymercedes.com.ar\/principal\/wp-json\/wp\/v2\/users\/1"}],"replies":[{"embeddable":true,"href":"https:\/\/www.hoymercedes.com.ar\/principal\/wp-json\/wp\/v2\/comments?post=113324"}],"version-history":[{"count":0,"href":"https:\/\/www.hoymercedes.com.ar\/principal\/wp-json\/wp\/v2\/posts\/113324\/revisions"}],"wp:featuredmedia":[{"embeddable":true,"href":"https:\/\/www.hoymercedes.com.ar\/principal\/wp-json\/wp\/v2\/media\/113326"}],"wp:attachment":[{"href":"https:\/\/www.hoymercedes.com.ar\/principal\/wp-json\/wp\/v2\/media?parent=113324"}],"wp:term":[{"taxonomy":"category","embeddable":true,"href":"https:\/\/www.hoymercedes.com.ar\/principal\/wp-json\/wp\/v2\/categories?post=113324"},{"taxonomy":"post_tag","embeddable":true,"href":"https:\/\/www.hoymercedes.com.ar\/principal\/wp-json\/wp\/v2\/tags?post=113324"}],"curies":[{"name":"wp","href":"https:\/\/api.w.org\/{rel}","templated":true}]}}