{"id":113334,"date":"2020-07-08T09:40:51","date_gmt":"2020-07-08T12:40:51","guid":{"rendered":"http:\/\/www.hoymercedes.com.ar\/principal\/?p=113334"},"modified":"2020-07-08T09:40:53","modified_gmt":"2020-07-08T12:40:53","slug":"coronavirus-de-suipacha-a-mercedes-los-contagios-se-incrementan","status":"publish","type":"post","link":"https:\/\/www.hoymercedes.com.ar\/principal\/2020\/07\/08\/coronavirus-de-suipacha-a-mercedes-los-contagios-se-incrementan\/","title":{"rendered":"Coronavirus: de Suipacha a Mercedes los contagios se incrementan"},"content":{"rendered":"\n<p>Tras el fallecimiento de un m\u00e9dico en la vecina localidad de Suipacha, el cierre del hospital y el cese total de actividades se encendieron las alertas e toda la regi\u00f3n. Fue as\u00ed que en las \u00faltimas horas se supo que el director del hospital de Suipacha tiene covid-19 y a partir de m\u00e9dicos mercedinos que efectuaron actividades all\u00ed ahora en Mercedes hay 10 profesionales de la salud contagiados. Muchas veces los focos se los asociaba a AMBA, pero, en esta ocasi\u00f3n, vino del interior del pa\u00eds.<\/p>\n\n\n\n<p>Suipacha ha sufrido uno de los golpes m\u00e1s fuerte de la regi\u00f3n dado que en poco tiempo baj\u00f3 de fase, cerr\u00f3 toda actividad econ\u00f3mica, permite s\u00f3lo delivery, cerr\u00f3 el hospital dejando s\u00f3lo atenciones de partos y emergencia inevitables, atras\u00f3 todos los tratamientos de consultorios por 15 d\u00edas fuera cual fuera la enfermedad y hasta pidi\u00f3 a ciudades vecinas trasladar pacientes no covid.<\/p>\n\n\n\n<p>Hoy Suipacha tiene 29 casos confirmados y Mercedes 77 activos en estos momentos, de los cuales, extra oficialmente, 10 tendr\u00edan ra\u00edz epidemiol\u00f3gica en Suipacha. Vale recordar que los nombres no se divulgan por protocolos sanitarios, pero, en pueblos peque\u00f1os como el nuestro, se terminan conociendo datos.<\/p>\n\n\n\n<p>A nivel nacional se esperan m\u00e1s casos en un pico que no toc\u00f3 su m\u00e1ximo esplandor.<\/p>\n","protected":false},"excerpt":{"rendered":"<p>Tras el fallecimiento de un m\u00e9dico en la vecina localidad de Suipacha, el cierre del hospital y el cese total &#8230; <a title=\"Coronavirus: de Suipacha a Mercedes los contagios se incrementan\" class=\"read-more\" href=\"https:\/\/www.hoymercedes.com.ar\/principal\/2020\/07\/08\/coronavirus-de-suipacha-a-mercedes-los-contagios-se-incrementan\/\" aria-label=\"Leer m\u00e1s sobre Coronavirus: de Suipacha a Mercedes los contagios se incrementan\">Leer m\u00e1s<\/a><\/p>\n","protected":false},"author":1,"featured_media":107707,"comment_status":"closed","ping_status":"open","sticky":false,"template":"","format":"standard","meta":{"_monsterinsights_skip_tracking":false,"_monsterinsights_sitenote_active":false,"_monsterinsights_sitenote_note":"","_monsterinsights_sitenote_category":0,"jetpack_post_was_ever_published":false,"_jetpack_newsletter_access":"","_jetpack_dont_email_post_to_subs":false,"_jetpack_newsletter_tier_id":0,"_jetpack_memberships_contains_paywalled_content":false,"_jetpack_memberships_contains_paid_content":false,"footnotes":"","jetpack_publicize_message":"","jetpack_publicize_feature_enabled":true,"jetpack_social_post_already_shared":true,"jetpack_social_options":{"image_generator_settings":{"template":"highway","default_image_id":0,"font":"","enabled":false},"version":2},"_wpas_customize_per_network":false},"categories":[8],"tags":[16175,16819],"class_list":["post-113334","post","type-post","status-publish","format-standard","has-post-thumbnail","hentry","category-sociedad","tag-coronavirus","tag-covid","generate-columns","tablet-grid-50","mobile-grid-100","grid-parent","grid-50"],"jetpack_publicize_connections":[],"jetpack_featured_media_url":"https:\/\/www.hoymercedes.com.ar\/principal\/wp-content\/uploads\/2020\/03\/covid-coronavirus.jpg","wps_subtitle":"Pandemia y regi\u00f3n ","jetpack_sharing_enabled":true,"_links":{"self":[{"href":"https:\/\/www.hoymercedes.com.ar\/principal\/wp-json\/wp\/v2\/posts\/113334","targetHints":{"allow":["GET"]}}],"collection":[{"href":"https:\/\/www.hoymercedes.com.ar\/principal\/wp-json\/wp\/v2\/posts"}],"about":[{"href":"https:\/\/www.hoymercedes.com.ar\/principal\/wp-json\/wp\/v2\/types\/post"}],"author":[{"embeddable":true,"href":"https:\/\/www.hoymercedes.com.ar\/principal\/wp-json\/wp\/v2\/users\/1"}],"replies":[{"embeddable":true,"href":"https:\/\/www.hoymercedes.com.ar\/principal\/wp-json\/wp\/v2\/comments?post=113334"}],"version-history":[{"count":0,"href":"https:\/\/www.hoymercedes.com.ar\/principal\/wp-json\/wp\/v2\/posts\/113334\/revisions"}],"wp:featuredmedia":[{"embeddable":true,"href":"https:\/\/www.hoymercedes.com.ar\/principal\/wp-json\/wp\/v2\/media\/107707"}],"wp:attachment":[{"href":"https:\/\/www.hoymercedes.com.ar\/principal\/wp-json\/wp\/v2\/media?parent=113334"}],"wp:term":[{"taxonomy":"category","embeddable":true,"href":"https:\/\/www.hoymercedes.com.ar\/principal\/wp-json\/wp\/v2\/categories?post=113334"},{"taxonomy":"post_tag","embeddable":true,"href":"https:\/\/www.hoymercedes.com.ar\/principal\/wp-json\/wp\/v2\/tags?post=113334"}],"curies":[{"name":"wp","href":"https:\/\/api.w.org\/{rel}","templated":true}]}}