{"id":113345,"date":"2020-07-08T12:46:26","date_gmt":"2020-07-08T15:46:26","guid":{"rendered":"http:\/\/www.hoymercedes.com.ar\/principal\/?p=113345"},"modified":"2020-07-08T13:48:19","modified_gmt":"2020-07-08T16:48:19","slug":"lujan-supero-la-barrera-de-los-200-pacientes-con-covid-19","status":"publish","type":"post","link":"https:\/\/www.hoymercedes.com.ar\/principal\/2020\/07\/08\/lujan-supero-la-barrera-de-los-200-pacientes-con-covid-19\/","title":{"rendered":"Luj\u00e1n super\u00f3 la barrera de los 200 pacientes con Covid-19"},"content":{"rendered":"\n<p>La Municipalidad de Luj\u00e1n a trav\u00e9s de su Secretar\u00eda de Salud confirm\u00f3 en la ma\u00f1ana de este mi\u00e9rcoles que ocho personas de entre 21 y 59 a\u00f1os recibieron la noticia del hisopado positivo y ya suman 202 los casos positivos de cobvid-19 en la vecina localidad. En  tanto, confirmaron que desde el inicio de la pandemia en Argentina  6 pacientes fallecieron, 70 fueron dados de alta y 126 se encuentran en tratamiento. Hubo 1188 casos descartados y 59 casos en estudio.<\/p>\n\n\n\n<p>En su informe matutino, la Secretar\u00eda de Salud de Luj\u00e1n confirm\u00f3 que cuatro pacientes fueron dados de altas, mientras que ocho recibieron la confirmaci\u00f3n de tener el virus. Entre ellos un hombre de 21 a\u00f1os, dos hombres de 27 a\u00f1os, una mujer de 35 a\u00f1os, un hombre de 44 a\u00f1os, un hombre de 47 a\u00f1os,  una mujer de 56 a\u00f1os y un hombre de 59 a\u00f1os. Adem\u00e1s, descartaron veinte casos en estudio, aunque tienen otros quince est\u00e1n como sospechosos en aislamiento domiciliario y otros cinco se encuentran internados en centros de salud. <\/p>\n\n\n\n<p><\/p>\n","protected":false},"excerpt":{"rendered":"<p>La Municipalidad de Luj\u00e1n a trav\u00e9s de su Secretar\u00eda de Salud confirm\u00f3 en la ma\u00f1ana de este mi\u00e9rcoles que ocho &#8230; <a title=\"Luj\u00e1n super\u00f3 la barrera de los 200 pacientes con Covid-19\" class=\"read-more\" href=\"https:\/\/www.hoymercedes.com.ar\/principal\/2020\/07\/08\/lujan-supero-la-barrera-de-los-200-pacientes-con-covid-19\/\" aria-label=\"Leer m\u00e1s sobre Luj\u00e1n super\u00f3 la barrera de los 200 pacientes con Covid-19\">Leer m\u00e1s<\/a><\/p>\n","protected":false},"author":1,"featured_media":111593,"comment_status":"closed","ping_status":"open","sticky":false,"template":"","format":"standard","meta":{"_monsterinsights_skip_tracking":false,"_monsterinsights_sitenote_active":false,"_monsterinsights_sitenote_note":"","_monsterinsights_sitenote_category":0,"jetpack_post_was_ever_published":false,"_jetpack_newsletter_access":"","_jetpack_dont_email_post_to_subs":false,"_jetpack_newsletter_tier_id":0,"_jetpack_memberships_contains_paywalled_content":false,"_jetpack_memberships_contains_paid_content":false,"footnotes":"","jetpack_publicize_message":"","jetpack_publicize_feature_enabled":true,"jetpack_social_post_already_shared":true,"jetpack_social_options":{"image_generator_settings":{"template":"highway","default_image_id":0,"font":"","enabled":false},"version":2},"_wpas_customize_per_network":false},"categories":[5501],"tags":[16175,16313,86,9322,134],"class_list":["post-113345","post","type-post","status-publish","format-standard","has-post-thumbnail","hentry","category-region","tag-coronavirus","tag-covid-19","tag-lujan","tag-region","tag-salud","generate-columns","tablet-grid-50","mobile-grid-100","grid-parent","grid-50"],"jetpack_publicize_connections":[],"jetpack_featured_media_url":"https:\/\/www.hoymercedes.com.ar\/principal\/wp-content\/uploads\/2020\/06\/03-coronavirus1.jpg","wps_subtitle":"Informe en la regi\u00f3n","jetpack_sharing_enabled":true,"_links":{"self":[{"href":"https:\/\/www.hoymercedes.com.ar\/principal\/wp-json\/wp\/v2\/posts\/113345","targetHints":{"allow":["GET"]}}],"collection":[{"href":"https:\/\/www.hoymercedes.com.ar\/principal\/wp-json\/wp\/v2\/posts"}],"about":[{"href":"https:\/\/www.hoymercedes.com.ar\/principal\/wp-json\/wp\/v2\/types\/post"}],"author":[{"embeddable":true,"href":"https:\/\/www.hoymercedes.com.ar\/principal\/wp-json\/wp\/v2\/users\/1"}],"replies":[{"embeddable":true,"href":"https:\/\/www.hoymercedes.com.ar\/principal\/wp-json\/wp\/v2\/comments?post=113345"}],"version-history":[{"count":0,"href":"https:\/\/www.hoymercedes.com.ar\/principal\/wp-json\/wp\/v2\/posts\/113345\/revisions"}],"wp:featuredmedia":[{"embeddable":true,"href":"https:\/\/www.hoymercedes.com.ar\/principal\/wp-json\/wp\/v2\/media\/111593"}],"wp:attachment":[{"href":"https:\/\/www.hoymercedes.com.ar\/principal\/wp-json\/wp\/v2\/media?parent=113345"}],"wp:term":[{"taxonomy":"category","embeddable":true,"href":"https:\/\/www.hoymercedes.com.ar\/principal\/wp-json\/wp\/v2\/categories?post=113345"},{"taxonomy":"post_tag","embeddable":true,"href":"https:\/\/www.hoymercedes.com.ar\/principal\/wp-json\/wp\/v2\/tags?post=113345"}],"curies":[{"name":"wp","href":"https:\/\/api.w.org\/{rel}","templated":true}]}}