{"id":113349,"date":"2020-07-08T14:07:30","date_gmt":"2020-07-08T17:07:30","guid":{"rendered":"http:\/\/www.hoymercedes.com.ar\/principal\/?p=113349"},"modified":"2020-07-08T14:07:36","modified_gmt":"2020-07-08T17:07:36","slug":"control-a-embarazadas-en-los-caps","status":"publish","type":"post","link":"https:\/\/www.hoymercedes.com.ar\/principal\/2020\/07\/08\/control-a-embarazadas-en-los-caps\/","title":{"rendered":"Control a embarazadas en los CAPS"},"content":{"rendered":"\n<p>En los Centros de Atenci\u00f3n para la Salud de la Secretar\u00eda de Salud de la Municipalidad de Mercedes est\u00e1n atendiendo y haciendo los controles peri\u00f3dicos a las mujeres embarazadas de la ciudad. Puede comunicarse al CIC, CAPS San Antonio, CAPS Los Duraznos, CAPS G\u00fcemes, CAPS Lomas del Pac\u00edfico, CAPS Trocha, CAPS San Jos\u00e9 y en el CAPS de Altamira. <\/p>\n\n\n\n<p>\u201cPara que quienes cursen un embarazo y puedan llevar un buen control de su situaci\u00f3n, queremos recordarles la importancia de continuar con los controles de salud durante el embarazo\u201d se\u00f1alaron desde el \u00e1rea de salud y agregaron \u201ces importante que, adem\u00e1s de continuar las consultas m\u00e9dicas, conozcan los cuidados y estudios que se requieren para cada etapa\u201d.<\/p>\n\n\n\n<p>En este sentido, informaron \u201cpor eso ante cualquier tipo de duda o control pueden consultar con los profesionales dispuestos en los CAPS de la ciudad, como as\u00ed tambi\u00e9n realizar los estudios que se indiquen. Mismos que son de gran importancia para la salud tanto de la mam\u00e1 como del beb\u00e9\u201d.<\/p>\n\n\n\n<p>Asimismo, se remarca desde los espacios de salud, que en los diferentes centros se toman todas las medidas necesarias para el cuidado de los pacientes como del personal. Y se recuerda que, al concurrir siempre se debe hacer con barbijo. &nbsp;<\/p>\n\n\n\n<p>Para aquellas futuras mam\u00e1s que quieran realizar una consulta telef\u00f3nica, lo pueden hacer a trav\u00e9s de los siguientes n\u00fameros:<\/p>\n\n\n\n<p>-CAPS LOS DURAZNOS 15415870<br>-CAPS SAN ANTONIO 15415876<br>-CIC 425503<br>-CAPS GUEMES 15415880<br>-CAPS LOMAS DEL PAC\u00cdFICO 15415889<br>-CAPS TROCHA 15415897<br>-CAPS SAN JOSE 15415883<br>-CAPS ALTAMIRA 15507842<\/p>\n","protected":false},"excerpt":{"rendered":"<p>En los Centros de Atenci\u00f3n para la Salud de la Secretar\u00eda de Salud de la Municipalidad de Mercedes est\u00e1n atendiendo &#8230; <a title=\"Control a embarazadas en los CAPS\" class=\"read-more\" href=\"https:\/\/www.hoymercedes.com.ar\/principal\/2020\/07\/08\/control-a-embarazadas-en-los-caps\/\" aria-label=\"Leer m\u00e1s sobre Control a embarazadas en los CAPS\">Leer m\u00e1s<\/a><\/p>\n","protected":false},"author":1,"featured_media":113350,"comment_status":"closed","ping_status":"open","sticky":false,"template":"","format":"standard","meta":{"_monsterinsights_skip_tracking":false,"_monsterinsights_sitenote_active":false,"_monsterinsights_sitenote_note":"","_monsterinsights_sitenote_category":0,"jetpack_post_was_ever_published":false,"_jetpack_newsletter_access":"","_jetpack_dont_email_post_to_subs":false,"_jetpack_newsletter_tier_id":0,"_jetpack_memberships_contains_paywalled_content":false,"_jetpack_memberships_contains_paid_content":false,"footnotes":"","jetpack_publicize_message":"","jetpack_publicize_feature_enabled":true,"jetpack_social_post_already_shared":true,"jetpack_social_options":{"image_generator_settings":{"template":"highway","default_image_id":0,"font":"","enabled":false},"version":2},"_wpas_customize_per_network":false},"categories":[30],"tags":[],"class_list":["post-113349","post","type-post","status-publish","format-standard","has-post-thumbnail","hentry","category-municipio","generate-columns","tablet-grid-50","mobile-grid-100","grid-parent","grid-50"],"jetpack_publicize_connections":[],"jetpack_featured_media_url":"https:\/\/www.hoymercedes.com.ar\/principal\/wp-content\/uploads\/2020\/07\/08-embarazadas.png","wps_subtitle":"Programa Mil D\u00edas","jetpack_sharing_enabled":true,"_links":{"self":[{"href":"https:\/\/www.hoymercedes.com.ar\/principal\/wp-json\/wp\/v2\/posts\/113349","targetHints":{"allow":["GET"]}}],"collection":[{"href":"https:\/\/www.hoymercedes.com.ar\/principal\/wp-json\/wp\/v2\/posts"}],"about":[{"href":"https:\/\/www.hoymercedes.com.ar\/principal\/wp-json\/wp\/v2\/types\/post"}],"author":[{"embeddable":true,"href":"https:\/\/www.hoymercedes.com.ar\/principal\/wp-json\/wp\/v2\/users\/1"}],"replies":[{"embeddable":true,"href":"https:\/\/www.hoymercedes.com.ar\/principal\/wp-json\/wp\/v2\/comments?post=113349"}],"version-history":[{"count":0,"href":"https:\/\/www.hoymercedes.com.ar\/principal\/wp-json\/wp\/v2\/posts\/113349\/revisions"}],"wp:featuredmedia":[{"embeddable":true,"href":"https:\/\/www.hoymercedes.com.ar\/principal\/wp-json\/wp\/v2\/media\/113350"}],"wp:attachment":[{"href":"https:\/\/www.hoymercedes.com.ar\/principal\/wp-json\/wp\/v2\/media?parent=113349"}],"wp:term":[{"taxonomy":"category","embeddable":true,"href":"https:\/\/www.hoymercedes.com.ar\/principal\/wp-json\/wp\/v2\/categories?post=113349"},{"taxonomy":"post_tag","embeddable":true,"href":"https:\/\/www.hoymercedes.com.ar\/principal\/wp-json\/wp\/v2\/tags?post=113349"}],"curies":[{"name":"wp","href":"https:\/\/api.w.org\/{rel}","templated":true}]}}