{"id":113383,"date":"2020-07-09T10:56:42","date_gmt":"2020-07-09T13:56:42","guid":{"rendered":"http:\/\/www.hoymercedes.com.ar\/principal\/?p=113383"},"modified":"2020-07-09T10:56:48","modified_gmt":"2020-07-09T13:56:48","slug":"tendido-electrico-finalizado-para-las-parcelas-de-mi-terreno","status":"publish","type":"post","link":"https:\/\/www.hoymercedes.com.ar\/principal\/2020\/07\/09\/tendido-electrico-finalizado-para-las-parcelas-de-mi-terreno\/","title":{"rendered":"Tendido el\u00e9ctrico finalizado para las  parcelas de Mi Terreno"},"content":{"rendered":"\n<p>Los beneficiarios del programa \u201cMi Terreno\u201d del barrio Favaloro ya disponen del tendido de luz para comenzar la concreci\u00f3n de su sue\u00f1o, la casa propia. El Municipio de Mercedes, luego de entregar las diferentes parcelas, comenz\u00f3 con los tr\u00e1mites y posterior pago, para que la empresa EDEN realizara las obras en el lugar. Pero debido a la pandemia los trabajos se vieron paralizados. <\/p>\n\n\n\n<p>All\u00ed estuvo el intendente de nuestra ciudad, Juan Ignacio Ustarroz recorriendo el lugar, qui\u00e9n agradeci\u00f3 a los trabajadores de EDEN \u201cpor el compromiso a pesar de la pandemia\u201d y sostuvo \u201cnosotros entend\u00edamos que esta obra era fundamental porque le permitir\u00e1 a cada familia poner en marcha la construcci\u00f3n de su propia vivienda\u201d.<\/p>\n\n\n\n<p>\u201cTodos sabemos que una ciudad progresa y mejora cuando crece de esta forma, de una manera ordenada y planificada\u201d afirm\u00f3 el intendente Ustarroz y subray\u00f3 \u201ccreo que poner en marcha la industria de la construcci\u00f3n es fundamental para poder generar empleo\u201d.<\/p>\n\n\n\n<p>A su vez, el intendente Ustarroz reafirm\u00f3 \u201cel agradecimiento a la gente de EDEN que supieron interpretar y realizar esta obra, que pag\u00f3 el Municipio, para poder brindarles a los vecinos la oportunidad de avanzar en su sue\u00f1o, que es la construcci\u00f3n de la vivienda propia\u201d<\/p>\n\n\n\n<p>La directora de Tierras, Ilarraz se\u00f1al\u00f3 \u201cpor suerte ya se termin\u00f3 la obra, donde ahora los vecinos podr\u00e1n pedir la luz para comenzar a construir su vivienda\u201d.<\/p>\n\n\n\n<p>Vale recordar que tiempo atr\u00e1s se efectu\u00f3 una reuni\u00f3n virtual para propietarios con arquitectos municipales y de esa manera puedan despejar dudas y tener asistencia.<\/p>\n\n\n\n<p>Desde la empresa EDEN, el ing. Juan Ignacio Otero, manifest\u00f3 que \u201cse realiz\u00f3 una instalaci\u00f3n completamente nueva para este lugar, estuvimos demorados por la pandemia, trajimos un equipo de otra localidad para acelerar el trabajo y de esa manera pudimos hacer la l\u00ednea de baja en siete d\u00edas. Con lo cual los usuarios ya pueden pedir el suministro el\u00e9ctrico\u201d. (Por Prensa Municipal)<\/p>\n","protected":false},"excerpt":{"rendered":"<p>Los beneficiarios del programa \u201cMi Terreno\u201d del barrio Favaloro ya disponen del tendido de luz para comenzar la concreci\u00f3n de &#8230; <a title=\"Tendido el\u00e9ctrico finalizado para las  parcelas de Mi Terreno\" class=\"read-more\" href=\"https:\/\/www.hoymercedes.com.ar\/principal\/2020\/07\/09\/tendido-electrico-finalizado-para-las-parcelas-de-mi-terreno\/\" aria-label=\"Leer m\u00e1s sobre Tendido el\u00e9ctrico finalizado para las  parcelas de Mi Terreno\">Leer m\u00e1s<\/a><\/p>\n","protected":false},"author":1,"featured_media":113385,"comment_status":"closed","ping_status":"open","sticky":false,"template":"","format":"standard","meta":{"_monsterinsights_skip_tracking":false,"_monsterinsights_sitenote_active":false,"_monsterinsights_sitenote_note":"","_monsterinsights_sitenote_category":0,"jetpack_post_was_ever_published":false,"_jetpack_newsletter_access":"","_jetpack_dont_email_post_to_subs":false,"_jetpack_newsletter_tier_id":0,"_jetpack_memberships_contains_paywalled_content":false,"_jetpack_memberships_contains_paid_content":false,"footnotes":"","jetpack_publicize_message":"","jetpack_publicize_feature_enabled":true,"jetpack_social_post_already_shared":true,"jetpack_social_options":{"image_generator_settings":{"template":"highway","default_image_id":0,"font":"","enabled":false},"version":2},"_wpas_customize_per_network":false},"categories":[30],"tags":[],"class_list":["post-113383","post","type-post","status-publish","format-standard","has-post-thumbnail","hentry","category-municipio","generate-columns","tablet-grid-50","mobile-grid-100","grid-parent","grid-50"],"jetpack_publicize_connections":[],"jetpack_featured_media_url":"https:\/\/www.hoymercedes.com.ar\/principal\/wp-content\/uploads\/2020\/07\/09-ObrasFavaloro2.jpg","wps_subtitle":"","jetpack_sharing_enabled":true,"_links":{"self":[{"href":"https:\/\/www.hoymercedes.com.ar\/principal\/wp-json\/wp\/v2\/posts\/113383","targetHints":{"allow":["GET"]}}],"collection":[{"href":"https:\/\/www.hoymercedes.com.ar\/principal\/wp-json\/wp\/v2\/posts"}],"about":[{"href":"https:\/\/www.hoymercedes.com.ar\/principal\/wp-json\/wp\/v2\/types\/post"}],"author":[{"embeddable":true,"href":"https:\/\/www.hoymercedes.com.ar\/principal\/wp-json\/wp\/v2\/users\/1"}],"replies":[{"embeddable":true,"href":"https:\/\/www.hoymercedes.com.ar\/principal\/wp-json\/wp\/v2\/comments?post=113383"}],"version-history":[{"count":0,"href":"https:\/\/www.hoymercedes.com.ar\/principal\/wp-json\/wp\/v2\/posts\/113383\/revisions"}],"wp:featuredmedia":[{"embeddable":true,"href":"https:\/\/www.hoymercedes.com.ar\/principal\/wp-json\/wp\/v2\/media\/113385"}],"wp:attachment":[{"href":"https:\/\/www.hoymercedes.com.ar\/principal\/wp-json\/wp\/v2\/media?parent=113383"}],"wp:term":[{"taxonomy":"category","embeddable":true,"href":"https:\/\/www.hoymercedes.com.ar\/principal\/wp-json\/wp\/v2\/categories?post=113383"},{"taxonomy":"post_tag","embeddable":true,"href":"https:\/\/www.hoymercedes.com.ar\/principal\/wp-json\/wp\/v2\/tags?post=113383"}],"curies":[{"name":"wp","href":"https:\/\/api.w.org\/{rel}","templated":true}]}}