{"id":113394,"date":"2020-07-09T19:23:23","date_gmt":"2020-07-09T22:23:23","guid":{"rendered":"http:\/\/www.hoymercedes.com.ar\/principal\/?p=113394"},"modified":"2020-07-09T11:31:30","modified_gmt":"2020-07-09T14:31:30","slug":"club-mercedes-se-suma-a-las-actividades-solidarias","status":"publish","type":"post","link":"https:\/\/www.hoymercedes.com.ar\/principal\/2020\/07\/09\/club-mercedes-se-suma-a-las-actividades-solidarias\/","title":{"rendered":"Club Mercedes se suma a las actividades solidarias"},"content":{"rendered":"\n<p>Al igual que que Quilmes, Ateneo, Estudiantes, All Boys Solidario, Defensores Junior, Los Carteros, Club Mercedes se sum\u00f3 a las actividades solidarias para que los m\u00e1s necesitados puedan mitigar el dif\u00edcil momento que se vive a causa de la cuarentena que comenz\u00f3 en marzo.<\/p>\n\n\n\n<div class=\"wp-block-image\"><figure class=\"aligncenter size-large\"><img loading=\"lazy\" decoding=\"async\" width=\"540\" height=\"786\" data-attachment-id=\"113395\" data-permalink=\"https:\/\/www.hoymercedes.com.ar\/principal\/2020\/07\/09\/club-mercedes-se-suma-a-las-actividades-solidarias\/club-mercedes-solidaridad-cuarentena\/#main\" data-orig-file=\"https:\/\/www.hoymercedes.com.ar\/principal\/wp-content\/uploads\/2020\/07\/Club-Mercedes-solidaridad-cuarentena.jpg\" data-orig-size=\"540,786\" data-comments-opened=\"0\" data-image-meta=\"{&quot;aperture&quot;:&quot;0&quot;,&quot;credit&quot;:&quot;&quot;,&quot;camera&quot;:&quot;&quot;,&quot;caption&quot;:&quot;&quot;,&quot;created_timestamp&quot;:&quot;0&quot;,&quot;copyright&quot;:&quot;&quot;,&quot;focal_length&quot;:&quot;0&quot;,&quot;iso&quot;:&quot;0&quot;,&quot;shutter_speed&quot;:&quot;0&quot;,&quot;title&quot;:&quot;&quot;,&quot;orientation&quot;:&quot;0&quot;}\" data-image-title=\"Club-Mercedes-solidaridad-cuarentena\" data-image-description=\"\" data-image-caption=\"\" data-large-file=\"https:\/\/www.hoymercedes.com.ar\/principal\/wp-content\/uploads\/2020\/07\/Club-Mercedes-solidaridad-cuarentena.jpg\" src=\"https:\/\/www.hoymercedes.com.ar\/principal\/wp-content\/uploads\/2020\/07\/Club-Mercedes-solidaridad-cuarentena.jpg\" alt=\"\" class=\"wp-image-113395\"\/><\/figure><\/div>\n\n\n\n<p>Sin actividad deportiva, bajo el lema \u00abJuntos Podemos M\u00e1s\u00bb, desde el Blanquinegro invitan a colaborar a toda la sociedad recibiendo alimentos no perecederos, ropa y frazadas que ser\u00e1n entregadas a diferentes organizaciones sociales de la ciudad. <\/p>\n\n\n\n<p>Esto se podr\u00e1 realizar los d\u00edas martes y jueves de 10 a 12 horas en la secretar\u00eda del club en calle 29 esquina 20.<\/p>\n","protected":false},"excerpt":{"rendered":"<p>Al igual que que Quilmes, Ateneo, Estudiantes, All Boys Solidario, Defensores Junior, Los Carteros, Club Mercedes se sum\u00f3 a las &#8230; <a title=\"Club Mercedes se suma a las actividades solidarias\" class=\"read-more\" href=\"https:\/\/www.hoymercedes.com.ar\/principal\/2020\/07\/09\/club-mercedes-se-suma-a-las-actividades-solidarias\/\" aria-label=\"Leer m\u00e1s sobre Club Mercedes se suma a las actividades solidarias\">Leer m\u00e1s<\/a><\/p>\n","protected":false},"author":1,"featured_media":113395,"comment_status":"closed","ping_status":"open","sticky":false,"template":"","format":"standard","meta":{"_monsterinsights_skip_tracking":false,"_monsterinsights_sitenote_active":false,"_monsterinsights_sitenote_note":"","_monsterinsights_sitenote_category":0,"jetpack_post_was_ever_published":false,"_jetpack_newsletter_access":"","_jetpack_dont_email_post_to_subs":false,"_jetpack_newsletter_tier_id":0,"_jetpack_memberships_contains_paywalled_content":false,"_jetpack_memberships_contains_paid_content":false,"footnotes":"","jetpack_publicize_message":"","jetpack_publicize_feature_enabled":true,"jetpack_social_post_already_shared":true,"jetpack_social_options":{"image_generator_settings":{"template":"highway","default_image_id":0,"font":"","enabled":false},"version":2},"_wpas_customize_per_network":false},"categories":[21],"tags":[122,16175,16824],"class_list":["post-113394","post","type-post","status-publish","format-standard","has-post-thumbnail","hentry","category-deportes","tag-club-mercedes","tag-coronavirus","tag-juntos-somos-mas","generate-columns","tablet-grid-50","mobile-grid-100","grid-parent","grid-50"],"jetpack_publicize_connections":[],"jetpack_featured_media_url":"https:\/\/www.hoymercedes.com.ar\/principal\/wp-content\/uploads\/2020\/07\/Club-Mercedes-solidaridad-cuarentena.jpg","wps_subtitle":"Solidaridad","jetpack_sharing_enabled":true,"_links":{"self":[{"href":"https:\/\/www.hoymercedes.com.ar\/principal\/wp-json\/wp\/v2\/posts\/113394","targetHints":{"allow":["GET"]}}],"collection":[{"href":"https:\/\/www.hoymercedes.com.ar\/principal\/wp-json\/wp\/v2\/posts"}],"about":[{"href":"https:\/\/www.hoymercedes.com.ar\/principal\/wp-json\/wp\/v2\/types\/post"}],"author":[{"embeddable":true,"href":"https:\/\/www.hoymercedes.com.ar\/principal\/wp-json\/wp\/v2\/users\/1"}],"replies":[{"embeddable":true,"href":"https:\/\/www.hoymercedes.com.ar\/principal\/wp-json\/wp\/v2\/comments?post=113394"}],"version-history":[{"count":0,"href":"https:\/\/www.hoymercedes.com.ar\/principal\/wp-json\/wp\/v2\/posts\/113394\/revisions"}],"wp:featuredmedia":[{"embeddable":true,"href":"https:\/\/www.hoymercedes.com.ar\/principal\/wp-json\/wp\/v2\/media\/113395"}],"wp:attachment":[{"href":"https:\/\/www.hoymercedes.com.ar\/principal\/wp-json\/wp\/v2\/media?parent=113394"}],"wp:term":[{"taxonomy":"category","embeddable":true,"href":"https:\/\/www.hoymercedes.com.ar\/principal\/wp-json\/wp\/v2\/categories?post=113394"},{"taxonomy":"post_tag","embeddable":true,"href":"https:\/\/www.hoymercedes.com.ar\/principal\/wp-json\/wp\/v2\/tags?post=113394"}],"curies":[{"name":"wp","href":"https:\/\/api.w.org\/{rel}","templated":true}]}}