{"id":113398,"date":"2020-07-10T11:45:08","date_gmt":"2020-07-10T14:45:08","guid":{"rendered":"http:\/\/www.hoymercedes.com.ar\/principal\/?p=113398"},"modified":"2020-07-10T12:15:05","modified_gmt":"2020-07-10T15:15:05","slug":"fabricio-giarelli-francisco-ponton-y-lucas-ilariucci-participaron-de-la-carrera-virtual-de-pako","status":"publish","type":"post","link":"https:\/\/www.hoymercedes.com.ar\/principal\/2020\/07\/10\/fabricio-giarelli-francisco-ponton-y-lucas-ilariucci-participaron-de-la-carrera-virtual-de-pako\/","title":{"rendered":"Fabricio Giarelli, Francisco Pont\u00f3n y Lucas Ilariucci participaron de la carrera virtual de PAKO"},"content":{"rendered":"\n<p>Por Iv\u00e1n Alday (Todo el Deporte Est\u00e1 Ac\u00e1). En la noche de este martes, con el respaldo de la CAKV en una transmisi\u00f3n via Streaming que se di\u00f3 atravez de Twich, la plataforma que ha hecho estallar en popularidad a los gamers durante la cuarentena en popularidad, se realiz\u00f3 una competencia organizada por PAKO.<\/p>\n\n\n\n<div class=\"wp-block-image\"><figure class=\"aligncenter size-large\"><img loading=\"lazy\" decoding=\"async\" width=\"510\" height=\"369\" data-attachment-id=\"113400\" data-permalink=\"https:\/\/www.hoymercedes.com.ar\/principal\/2020\/07\/10\/fabricio-giarelli-francisco-ponton-y-lucas-ilariucci-participaron-de-la-carrera-virtual-de-pako\/giarelli-1\/#main\" data-orig-file=\"https:\/\/www.hoymercedes.com.ar\/principal\/wp-content\/uploads\/2020\/07\/Giarelli-1.jpg\" data-orig-size=\"510,369\" data-comments-opened=\"0\" data-image-meta=\"{&quot;aperture&quot;:&quot;0&quot;,&quot;credit&quot;:&quot;&quot;,&quot;camera&quot;:&quot;&quot;,&quot;caption&quot;:&quot;&quot;,&quot;created_timestamp&quot;:&quot;0&quot;,&quot;copyright&quot;:&quot;&quot;,&quot;focal_length&quot;:&quot;0&quot;,&quot;iso&quot;:&quot;0&quot;,&quot;shutter_speed&quot;:&quot;0&quot;,&quot;title&quot;:&quot;&quot;,&quot;orientation&quot;:&quot;0&quot;}\" data-image-title=\"Giarelli-1\" data-image-description=\"\" data-image-caption=\"\" data-large-file=\"https:\/\/www.hoymercedes.com.ar\/principal\/wp-content\/uploads\/2020\/07\/Giarelli-1.jpg\" src=\"https:\/\/www.hoymercedes.com.ar\/principal\/wp-content\/uploads\/2020\/07\/Giarelli-1.jpg\" alt=\"\" class=\"wp-image-113400\"\/><figcaption>Fabricio Giarelli en 2012, ganando una competencia.<\/figcaption><\/figure><\/div>\n\n\n\n<p>La prueba exhibici\u00f3n dej\u00f3 con la boca abierta a los organizadores y con la presencia de 23 karts que se batieron a duelo a la espera del rodaje oficial en cada una de las divisionales. Encuadrados en la categor\u00eda 150 hubo tres pilotos mercedinos a bordo del simulador disputando su pasi\u00f3n desde sus domicilios.<\/p>\n\n\n\n<p>Fabricio Giarelli , Francisco Pont\u00f3n y Lucas Illarucci fueron de la partida. Giarelli se ubic\u00f3 sexto y junto con Francisco Pont\u00f3n pelearon adelante. Cuando Pont\u00f3n ven\u00eda cuarto sufri\u00f3 un despiste que lo clasific\u00f3 13 y lo dej\u00f3 con ganas de progresar aunque fuese la fecha de prueba, en tanto Luca Ilarucci finaliz\u00f3 14 a un giro, el rodaje virtual contin\u00faa este jueves con el \u00faltimo ensayo de la Super Pako antes de empezar a girar por los puntos.<\/p>\n","protected":false},"excerpt":{"rendered":"<p>Por Iv\u00e1n Alday (Todo el Deporte Est\u00e1 Ac\u00e1). En la noche de este martes, con el respaldo de la CAKV &#8230; <a title=\"Fabricio Giarelli, Francisco Pont\u00f3n y Lucas Ilariucci participaron de la carrera virtual de PAKO\" class=\"read-more\" href=\"https:\/\/www.hoymercedes.com.ar\/principal\/2020\/07\/10\/fabricio-giarelli-francisco-ponton-y-lucas-ilariucci-participaron-de-la-carrera-virtual-de-pako\/\" aria-label=\"Leer m\u00e1s sobre Fabricio Giarelli, Francisco Pont\u00f3n y Lucas Ilariucci participaron de la carrera virtual de PAKO\">Leer m\u00e1s<\/a><\/p>\n","protected":false},"author":1,"featured_media":113400,"comment_status":"closed","ping_status":"open","sticky":false,"template":"","format":"standard","meta":{"_monsterinsights_skip_tracking":false,"_monsterinsights_sitenote_active":false,"_monsterinsights_sitenote_note":"","_monsterinsights_sitenote_category":0,"jetpack_post_was_ever_published":false,"_jetpack_newsletter_access":"","_jetpack_dont_email_post_to_subs":false,"_jetpack_newsletter_tier_id":0,"_jetpack_memberships_contains_paywalled_content":false,"_jetpack_memberships_contains_paid_content":false,"footnotes":"","jetpack_publicize_message":"","jetpack_publicize_feature_enabled":true,"jetpack_social_post_already_shared":true,"jetpack_social_options":{"image_generator_settings":{"template":"highway","default_image_id":0,"font":"","enabled":false},"version":2},"_wpas_customize_per_network":false},"categories":[21],"tags":[16825,14775,9596,8721],"class_list":["post-113398","post","type-post","status-publish","format-standard","has-post-thumbnail","hentry","category-deportes","tag-fabricio-giarelli","tag-francisco-ponton","tag-luca-ilariucci","tag-pako","generate-columns","tablet-grid-50","mobile-grid-100","grid-parent","grid-50"],"jetpack_publicize_connections":[],"jetpack_featured_media_url":"https:\/\/www.hoymercedes.com.ar\/principal\/wp-content\/uploads\/2020\/07\/Giarelli-1.jpg","wps_subtitle":"Automovilismo","jetpack_sharing_enabled":true,"_links":{"self":[{"href":"https:\/\/www.hoymercedes.com.ar\/principal\/wp-json\/wp\/v2\/posts\/113398","targetHints":{"allow":["GET"]}}],"collection":[{"href":"https:\/\/www.hoymercedes.com.ar\/principal\/wp-json\/wp\/v2\/posts"}],"about":[{"href":"https:\/\/www.hoymercedes.com.ar\/principal\/wp-json\/wp\/v2\/types\/post"}],"author":[{"embeddable":true,"href":"https:\/\/www.hoymercedes.com.ar\/principal\/wp-json\/wp\/v2\/users\/1"}],"replies":[{"embeddable":true,"href":"https:\/\/www.hoymercedes.com.ar\/principal\/wp-json\/wp\/v2\/comments?post=113398"}],"version-history":[{"count":0,"href":"https:\/\/www.hoymercedes.com.ar\/principal\/wp-json\/wp\/v2\/posts\/113398\/revisions"}],"wp:featuredmedia":[{"embeddable":true,"href":"https:\/\/www.hoymercedes.com.ar\/principal\/wp-json\/wp\/v2\/media\/113400"}],"wp:attachment":[{"href":"https:\/\/www.hoymercedes.com.ar\/principal\/wp-json\/wp\/v2\/media?parent=113398"}],"wp:term":[{"taxonomy":"category","embeddable":true,"href":"https:\/\/www.hoymercedes.com.ar\/principal\/wp-json\/wp\/v2\/categories?post=113398"},{"taxonomy":"post_tag","embeddable":true,"href":"https:\/\/www.hoymercedes.com.ar\/principal\/wp-json\/wp\/v2\/tags?post=113398"}],"curies":[{"name":"wp","href":"https:\/\/api.w.org\/{rel}","templated":true}]}}