{"id":113426,"date":"2020-07-10T13:54:06","date_gmt":"2020-07-10T16:54:06","guid":{"rendered":"http:\/\/www.hoymercedes.com.ar\/principal\/?p=113426"},"modified":"2020-07-10T13:54:12","modified_gmt":"2020-07-10T16:54:12","slug":"barrio-penaloza-el-coe-llevo-informacion-y-prevencion-sobre-el-covid-19","status":"publish","type":"post","link":"https:\/\/www.hoymercedes.com.ar\/principal\/2020\/07\/10\/barrio-penaloza-el-coe-llevo-informacion-y-prevencion-sobre-el-covid-19\/","title":{"rendered":"Barrio Pe\u00f1aloza: El COE llev\u00f3 informaci\u00f3n y prevenci\u00f3n sobre el covid-19"},"content":{"rendered":"\n<p>El Comit\u00e9 Operativo de Emergencia contin\u00faa con las tareas de organizaci\u00f3n, prevenci\u00f3n y control del covid-19. En esta oportunidad, se hicieron presentes en el barrio Pe\u00f1aloza. <\/p>\n\n\n\n<p>Un grupo de voluntarios, trabajadores municipales, j\u00f3venes y referentes barriales llevaron adelante un nuevo relevamiento y encuesta de necesidades y realidades de la poblaci\u00f3n. En esta ocasi\u00f3n y por sus dimensiones se concret\u00f3 la segunda jornada de trabajo en el barrio Pe\u00f1aloza.<\/p>\n\n\n\n<div class=\"wp-block-image\"><figure class=\"aligncenter size-large\"><img loading=\"lazy\" decoding=\"async\" width=\"800\" height=\"534\" data-attachment-id=\"113427\" data-permalink=\"https:\/\/www.hoymercedes.com.ar\/principal\/2020\/07\/10\/barrio-penaloza-el-coe-llevo-informacion-y-prevencion-sobre-el-covid-19\/10-coe-penaloza\/#main\" data-orig-file=\"https:\/\/www.hoymercedes.com.ar\/principal\/wp-content\/uploads\/2020\/07\/10-coe-pe\u00f1aloza.jpg\" data-orig-size=\"800,534\" data-comments-opened=\"0\" data-image-meta=\"{&quot;aperture&quot;:&quot;0&quot;,&quot;credit&quot;:&quot;&quot;,&quot;camera&quot;:&quot;&quot;,&quot;caption&quot;:&quot;&quot;,&quot;created_timestamp&quot;:&quot;0&quot;,&quot;copyright&quot;:&quot;&quot;,&quot;focal_length&quot;:&quot;0&quot;,&quot;iso&quot;:&quot;0&quot;,&quot;shutter_speed&quot;:&quot;0&quot;,&quot;title&quot;:&quot;&quot;,&quot;orientation&quot;:&quot;0&quot;}\" data-image-title=\"10 coe pe\u00f1aloza\" data-image-description=\"\" data-image-caption=\"\" data-large-file=\"https:\/\/www.hoymercedes.com.ar\/principal\/wp-content\/uploads\/2020\/07\/10-coe-pe\u00f1aloza.jpg\" src=\"https:\/\/www.hoymercedes.com.ar\/principal\/wp-content\/uploads\/2020\/07\/10-coe-pe\u00f1aloza.jpg\" alt=\"\" class=\"wp-image-113427\"\/><\/figure><\/div>\n","protected":false},"excerpt":{"rendered":"<p>El Comit\u00e9 Operativo de Emergencia contin\u00faa con las tareas de organizaci\u00f3n, prevenci\u00f3n y control del covid-19. En esta oportunidad, se &#8230; <a title=\"Barrio Pe\u00f1aloza: El COE llev\u00f3 informaci\u00f3n y prevenci\u00f3n sobre el covid-19\" class=\"read-more\" href=\"https:\/\/www.hoymercedes.com.ar\/principal\/2020\/07\/10\/barrio-penaloza-el-coe-llevo-informacion-y-prevencion-sobre-el-covid-19\/\" aria-label=\"Leer m\u00e1s sobre Barrio Pe\u00f1aloza: El COE llev\u00f3 informaci\u00f3n y prevenci\u00f3n sobre el covid-19\">Leer m\u00e1s<\/a><\/p>\n","protected":false},"author":1,"featured_media":113427,"comment_status":"closed","ping_status":"open","sticky":false,"template":"","format":"standard","meta":{"_monsterinsights_skip_tracking":false,"_monsterinsights_sitenote_active":false,"_monsterinsights_sitenote_note":"","_monsterinsights_sitenote_category":0,"jetpack_post_was_ever_published":false,"_jetpack_newsletter_access":"","_jetpack_dont_email_post_to_subs":false,"_jetpack_newsletter_tier_id":0,"_jetpack_memberships_contains_paywalled_content":false,"_jetpack_memberships_contains_paid_content":false,"footnotes":"","jetpack_publicize_message":"","jetpack_publicize_feature_enabled":true,"jetpack_social_post_already_shared":true,"jetpack_social_options":{"image_generator_settings":{"template":"highway","default_image_id":0,"font":"","enabled":false},"version":2},"_wpas_customize_per_network":false},"categories":[30],"tags":[],"class_list":["post-113426","post","type-post","status-publish","format-standard","has-post-thumbnail","hentry","category-municipio","generate-columns","tablet-grid-50","mobile-grid-100","grid-parent","grid-50"],"jetpack_publicize_connections":[],"jetpack_featured_media_url":"https:\/\/www.hoymercedes.com.ar\/principal\/wp-content\/uploads\/2020\/07\/10-coe-pe\u00f1aloza.jpg","wps_subtitle":"","jetpack_sharing_enabled":true,"_links":{"self":[{"href":"https:\/\/www.hoymercedes.com.ar\/principal\/wp-json\/wp\/v2\/posts\/113426","targetHints":{"allow":["GET"]}}],"collection":[{"href":"https:\/\/www.hoymercedes.com.ar\/principal\/wp-json\/wp\/v2\/posts"}],"about":[{"href":"https:\/\/www.hoymercedes.com.ar\/principal\/wp-json\/wp\/v2\/types\/post"}],"author":[{"embeddable":true,"href":"https:\/\/www.hoymercedes.com.ar\/principal\/wp-json\/wp\/v2\/users\/1"}],"replies":[{"embeddable":true,"href":"https:\/\/www.hoymercedes.com.ar\/principal\/wp-json\/wp\/v2\/comments?post=113426"}],"version-history":[{"count":0,"href":"https:\/\/www.hoymercedes.com.ar\/principal\/wp-json\/wp\/v2\/posts\/113426\/revisions"}],"wp:featuredmedia":[{"embeddable":true,"href":"https:\/\/www.hoymercedes.com.ar\/principal\/wp-json\/wp\/v2\/media\/113427"}],"wp:attachment":[{"href":"https:\/\/www.hoymercedes.com.ar\/principal\/wp-json\/wp\/v2\/media?parent=113426"}],"wp:term":[{"taxonomy":"category","embeddable":true,"href":"https:\/\/www.hoymercedes.com.ar\/principal\/wp-json\/wp\/v2\/categories?post=113426"},{"taxonomy":"post_tag","embeddable":true,"href":"https:\/\/www.hoymercedes.com.ar\/principal\/wp-json\/wp\/v2\/tags?post=113426"}],"curies":[{"name":"wp","href":"https:\/\/api.w.org\/{rel}","templated":true}]}}