{"id":113429,"date":"2020-07-10T14:59:00","date_gmt":"2020-07-10T17:59:00","guid":{"rendered":"http:\/\/www.hoymercedes.com.ar\/principal\/?p=113429"},"modified":"2020-07-10T14:31:09","modified_gmt":"2020-07-10T17:31:09","slug":"municipio-subasta-terrenos-en-la-ciudad","status":"publish","type":"post","link":"https:\/\/www.hoymercedes.com.ar\/principal\/2020\/07\/10\/municipio-subasta-terrenos-en-la-ciudad\/","title":{"rendered":"Municipio subasta terrenos en la ciudad"},"content":{"rendered":"\n<p>El Municipio de Mercedes a trav\u00e9s del \u00e1rea de Tierras y H\u00e1bitat realizar\u00e1 una subasta p\u00fablica, por intermedio del Colegio de Martilleros, de terrenos en la ciudad. Los mismos est\u00e1n concentrados en dos lotes, uno ubicado en 124 entre 11 y 19 que consta de tres mil (3.000) metros de superficie y otro ubicada en 158 entre 39 y 61 bis que consta de seis mil (6.000) metros cuadrados de superficie. Todo lo recaudado pasar\u00e1 a ser parte de un fondo de viviendas para futuros programas de construcci\u00f3n de casas o acceso a la tierra.\u00a0\u00a0<\/p>\n\n\n\n<div class=\"wp-block-image\"><figure class=\"aligncenter size-large\"><img loading=\"lazy\" decoding=\"async\" width=\"800\" height=\"533\" data-attachment-id=\"113430\" data-permalink=\"https:\/\/www.hoymercedes.com.ar\/principal\/2020\/07\/10\/municipio-subasta-terrenos-en-la-ciudad\/10-muni-terrenos\/#main\" data-orig-file=\"https:\/\/www.hoymercedes.com.ar\/principal\/wp-content\/uploads\/2020\/07\/10-muni-terrenos.jpg\" data-orig-size=\"800,533\" data-comments-opened=\"0\" data-image-meta=\"{&quot;aperture&quot;:&quot;0&quot;,&quot;credit&quot;:&quot;&quot;,&quot;camera&quot;:&quot;&quot;,&quot;caption&quot;:&quot;&quot;,&quot;created_timestamp&quot;:&quot;0&quot;,&quot;copyright&quot;:&quot;&quot;,&quot;focal_length&quot;:&quot;0&quot;,&quot;iso&quot;:&quot;0&quot;,&quot;shutter_speed&quot;:&quot;0&quot;,&quot;title&quot;:&quot;&quot;,&quot;orientation&quot;:&quot;0&quot;}\" data-image-title=\"10 muni terrenos\" data-image-description=\"\" data-image-caption=\"\" data-large-file=\"https:\/\/www.hoymercedes.com.ar\/principal\/wp-content\/uploads\/2020\/07\/10-muni-terrenos.jpg\" src=\"https:\/\/www.hoymercedes.com.ar\/principal\/wp-content\/uploads\/2020\/07\/10-muni-terrenos.jpg\" alt=\"\" class=\"wp-image-113430\"\/><\/figure><\/div>\n\n\n\n<p>En primer lugar, el intendente Juan Ignacio Ustarroz celebr\u00f3 el trabajo realizado junto al Colegio de Martilleros y felicit\u00f3 a todo el equipo de Tierras y H\u00e1bitat del Municipio \u201cpara nosotros este hecho es muy importante, poder rematar\/subastar terrenos que estaban en una situaci\u00f3n de incertidumbre, d\u00e1ndoles una regularidad, generando adem\u00e1s, ingresos para el Municipio en un contexto muy dif\u00edcil\u201d.\u00a0<\/p>\n\n\n\n<p>\u201cEsto nos permitir\u00e1 -inmediatamente- comprar y adquirir terrenos para futuros planes de vivienda y de lotes con servicios\u201d manifest\u00f3 Ustarroz y destac\u00f3 \u201ccuando hablo de futuro, no es algo muy lejano, porque ya est\u00e1 en marcha el programa\u00a0Pro.Cre.Ar\u00a0que le permitir\u00e1 a la ciudad de Mercedes, con todo este excepcional trabajo que ha realizado la subsecretar\u00eda, impulsar el acceso a la vivienda y a la tierra\u201d.<\/p>\n\n\n\n<p>En ese sentido, el intendente Ustarroz subray\u00f3 \u201cesto evidentemente pone en marcha la industria de la construcci\u00f3n que genera trabajo, adem\u00e1s de garantizar el derecho constitucional a las familias a acceder a la tierra y a la vivienda\u201d.<\/p>\n\n\n\n<p>Por otro lado, Ustarroz apunt\u00f3 \u201chac\u00eda mucho tiempo que no se hac\u00edan este tipo de subastas, y esto es gracias a un trabajo progresivo, ordenado y met\u00f3dico que viene haciendo el \u00e1rea y que nos permiti\u00f3 en un primer momento dotar al banco municipal de tierras, generando la capacidad f\u00edsica de los terrenos\u201d y destac\u00f3 \u201ccreo que est\u00e1n dadas las condiciones, para en lo inmediato, adquirir terrenos e impulsar un plan de vivienda en la ciudad que es algo que todos estamos esperando hace mucho tiempo\u201d.\u00a0\u00a0\u00a0 \u00a0<br><br>Por su parte, Luis Colao, qui\u00e9n est\u00e1 al frente del Colegio de Martilleros expres\u00f3 \u201cen ese marco y con el convenio de reciprocidad que tenemos con la Municipalidad de Mercedes, el colegio ha receptado la solicitud. El sorteo se har\u00e1 en las instalaciones del colegio, y hemos abierto la inscripci\u00f3n a todos los matriculados de la ciudad de Mercedes, porque este es un procedimiento administrativo, no es un proceso judicial, por lo tanto, es un listado especial el que estamos haciendo\u201d.<\/p>\n\n\n\n<p>\u201cEl d\u00eda lunes vamos a estar haciendo el sorteo, se lo comunicaremos al Municipio y al interesado, para darle transparencia al acto\u201d comunic\u00f3 Colao y a\u00f1adi\u00f3 \u201cagradecerle al Dr. Ustarroz de poder continuar en este trabajo mancomunado del Colegio profesional con la Municipalidad de Mercedes\u201d.\u00a0\u00a0\u00a0<\/p>\n\n\n\n<p>La directora de Tierras, Valeria Ilarraz inform\u00f3 \u201ca partir de un procedimiento donde el Concejo Deliberante autoriz\u00f3 al poder ejecutivo a proceder a la venta de porciones de terrenos, una ubicada en 124 entre 11 y 19 que consta de tres mil (3.000) metros de superficie y otra ubicada en 158 entre 39 y 61 bis que consta de seis mil (6.000) metros cuadrados de superficie, se inici\u00f3 con la subasta p\u00fablica\u201d y agreg\u00f3 \u201cse convoc\u00f3 al Colegio de Martilleros para que haga un sorteo p\u00fablico dentro de su matriculado a los efectos de designar un rematador\u201d.<\/p>\n\n\n\n<p>\u201cTodo lo recaudado en base a la ordenanza del banco de tierras 7982\/17 va a formar parte del fondo para viviendas, lo cual estar\u00e1 destinado exclusivamente a un futuro programa o para acceso al suelo como viene haciendo el Municipio de Mercedes\u201d se\u00f1al\u00f3 Ilarraz. (Por Prensa Municipal)<\/p>\n","protected":false},"excerpt":{"rendered":"<p>El Municipio de Mercedes a trav\u00e9s del \u00e1rea de Tierras y H\u00e1bitat realizar\u00e1 una subasta p\u00fablica, por intermedio del Colegio &#8230; <a title=\"Municipio subasta terrenos en la ciudad\" class=\"read-more\" href=\"https:\/\/www.hoymercedes.com.ar\/principal\/2020\/07\/10\/municipio-subasta-terrenos-en-la-ciudad\/\" aria-label=\"Leer m\u00e1s sobre Municipio subasta terrenos en la ciudad\">Leer m\u00e1s<\/a><\/p>\n","protected":false},"author":1,"featured_media":113430,"comment_status":"closed","ping_status":"open","sticky":false,"template":"","format":"standard","meta":{"_monsterinsights_skip_tracking":false,"_monsterinsights_sitenote_active":false,"_monsterinsights_sitenote_note":"","_monsterinsights_sitenote_category":0,"jetpack_post_was_ever_published":false,"_jetpack_newsletter_access":"","_jetpack_dont_email_post_to_subs":false,"_jetpack_newsletter_tier_id":0,"_jetpack_memberships_contains_paywalled_content":false,"_jetpack_memberships_contains_paid_content":false,"footnotes":"","jetpack_publicize_message":"","jetpack_publicize_feature_enabled":true,"jetpack_social_post_already_shared":true,"jetpack_social_options":{"image_generator_settings":{"template":"highway","default_image_id":0,"font":"","enabled":false},"version":2},"_wpas_customize_per_network":false},"categories":[30],"tags":[],"class_list":["post-113429","post","type-post","status-publish","format-standard","has-post-thumbnail","hentry","category-municipio","generate-columns","tablet-grid-50","mobile-grid-100","grid-parent","grid-50"],"jetpack_publicize_connections":[],"jetpack_featured_media_url":"https:\/\/www.hoymercedes.com.ar\/principal\/wp-content\/uploads\/2020\/07\/10-muni-terrenos.jpg","wps_subtitle":"","jetpack_sharing_enabled":true,"_links":{"self":[{"href":"https:\/\/www.hoymercedes.com.ar\/principal\/wp-json\/wp\/v2\/posts\/113429","targetHints":{"allow":["GET"]}}],"collection":[{"href":"https:\/\/www.hoymercedes.com.ar\/principal\/wp-json\/wp\/v2\/posts"}],"about":[{"href":"https:\/\/www.hoymercedes.com.ar\/principal\/wp-json\/wp\/v2\/types\/post"}],"author":[{"embeddable":true,"href":"https:\/\/www.hoymercedes.com.ar\/principal\/wp-json\/wp\/v2\/users\/1"}],"replies":[{"embeddable":true,"href":"https:\/\/www.hoymercedes.com.ar\/principal\/wp-json\/wp\/v2\/comments?post=113429"}],"version-history":[{"count":0,"href":"https:\/\/www.hoymercedes.com.ar\/principal\/wp-json\/wp\/v2\/posts\/113429\/revisions"}],"wp:featuredmedia":[{"embeddable":true,"href":"https:\/\/www.hoymercedes.com.ar\/principal\/wp-json\/wp\/v2\/media\/113430"}],"wp:attachment":[{"href":"https:\/\/www.hoymercedes.com.ar\/principal\/wp-json\/wp\/v2\/media?parent=113429"}],"wp:term":[{"taxonomy":"category","embeddable":true,"href":"https:\/\/www.hoymercedes.com.ar\/principal\/wp-json\/wp\/v2\/categories?post=113429"},{"taxonomy":"post_tag","embeddable":true,"href":"https:\/\/www.hoymercedes.com.ar\/principal\/wp-json\/wp\/v2\/tags?post=113429"}],"curies":[{"name":"wp","href":"https:\/\/api.w.org\/{rel}","templated":true}]}}