{"id":113488,"date":"2020-07-12T12:30:00","date_gmt":"2020-07-12T15:30:00","guid":{"rendered":"http:\/\/www.hoymercedes.com.ar\/principal\/?p=113488"},"modified":"2020-07-12T10:34:56","modified_gmt":"2020-07-12T13:34:56","slug":"vamos-a-comprar-mas-terrenos-para-el-programa","status":"publish","type":"post","link":"https:\/\/www.hoymercedes.com.ar\/principal\/2020\/07\/12\/vamos-a-comprar-mas-terrenos-para-el-programa\/","title":{"rendered":"\u201cVamos a comprar m\u00e1s terrenos para el programa\u201d"},"content":{"rendered":"\n<p>Este mi\u00e9rcoles se anunci\u00f3 la subasta p\u00fablica de dos terrenos de la municipalidad de Mercedes. Luis Colao, en representaci\u00f3n del Colegio de Martilleros, explic\u00f3 que el profesional que iba a llevar adelante el remate, se establecer\u00eda por sorteo entre todos los matriculados que se hayan anotado para participar.<\/p>\n\n\n\n<div class=\"wp-block-image\"><figure class=\"aligncenter size-large\"><img loading=\"lazy\" decoding=\"async\" width=\"851\" height=\"566\" data-attachment-id=\"113489\" data-permalink=\"https:\/\/www.hoymercedes.com.ar\/principal\/2020\/07\/12\/vamos-a-comprar-mas-terrenos-para-el-programa\/dsc05380\/#main\" data-orig-file=\"https:\/\/www.hoymercedes.com.ar\/principal\/wp-content\/uploads\/2020\/07\/DSC05380.jpg\" data-orig-size=\"851,566\" data-comments-opened=\"0\" data-image-meta=\"{&quot;aperture&quot;:&quot;0&quot;,&quot;credit&quot;:&quot;&quot;,&quot;camera&quot;:&quot;&quot;,&quot;caption&quot;:&quot;&quot;,&quot;created_timestamp&quot;:&quot;0&quot;,&quot;copyright&quot;:&quot;&quot;,&quot;focal_length&quot;:&quot;0&quot;,&quot;iso&quot;:&quot;0&quot;,&quot;shutter_speed&quot;:&quot;0&quot;,&quot;title&quot;:&quot;&quot;,&quot;orientation&quot;:&quot;0&quot;}\" data-image-title=\"DSC05380\" data-image-description=\"\" data-image-caption=\"\" data-large-file=\"https:\/\/www.hoymercedes.com.ar\/principal\/wp-content\/uploads\/2020\/07\/DSC05380.jpg\" src=\"https:\/\/www.hoymercedes.com.ar\/principal\/wp-content\/uploads\/2020\/07\/DSC05380.jpg\" alt=\"\" class=\"wp-image-113489\"\/><\/figure><\/div>\n\n\n\n<p>\u201cHemos tenido m\u00faltiples consultas en apenas horas respecto a este tema por el Facebook de la Direcci\u00f3n de Tierras. Por eso es importante aclarar que el martillero designado en conjunto con el Colegio establecer\u00e1 un protocolo para llevar adelante la venta. La base de la subasta se informar\u00e1 al mismo tiempo que se den a conocer las condiciones para la participaci\u00f3n que \u2013en principio- ser\u00e1 abierta al p\u00fablico. Cualquier va a poder ofrecer, porque esta operatoria no tiene nada que ver con el sistema utilizado para las adjudicaciones de Mi Terreno. Aunque es importante se\u00f1alar que el dinero que ingrese a las arcas municipales va a ser destinado para comprar tierras que \u2013una vez subdivididas- ser\u00e1n sorteadas entre los que se encuentren inscriptos al programa Mi Terreno\u201d, se\u00f1al\u00f3 la abogada Valeria Ilarraz, directora de tierras y h\u00e1bitat de la Municipalidad.<\/p>\n\n\n\n<p>Quien resumi\u00f3: \u201ccon el dinero que recaudemos en esta venta vamos a comprar m\u00e1s terrenos para el programa\u201d.<br>Vale destacar que los terrenos que saldr\u00e1n a la venta por subasta, se entregar\u00e1n en el acto y las condiciones de venta ser\u00e1n de contado. \u201cSer\u00e1 una fuente de financiamiento del programa Mi Terreno, pero no tiene nada que ver con el sistema de adjudicaci\u00f3n por sorteo, con planes de cuota social que esa la base del programa que impulso el intendente Juan Ustarroz\u201d, se\u00f1al\u00f3 la funcionaria<\/p>\n","protected":false},"excerpt":{"rendered":"<p>Este mi\u00e9rcoles se anunci\u00f3 la subasta p\u00fablica de dos terrenos de la municipalidad de Mercedes. Luis Colao, en representaci\u00f3n del &#8230; <a title=\"\u201cVamos a comprar m\u00e1s terrenos para el programa\u201d\" class=\"read-more\" href=\"https:\/\/www.hoymercedes.com.ar\/principal\/2020\/07\/12\/vamos-a-comprar-mas-terrenos-para-el-programa\/\" aria-label=\"Leer m\u00e1s sobre \u201cVamos a comprar m\u00e1s terrenos para el programa\u201d\">Leer m\u00e1s<\/a><\/p>\n","protected":false},"author":1,"featured_media":113489,"comment_status":"closed","ping_status":"open","sticky":false,"template":"","format":"standard","meta":{"_monsterinsights_skip_tracking":false,"_monsterinsights_sitenote_active":false,"_monsterinsights_sitenote_note":"","_monsterinsights_sitenote_category":0,"jetpack_post_was_ever_published":false,"_jetpack_newsletter_access":"","_jetpack_dont_email_post_to_subs":false,"_jetpack_newsletter_tier_id":0,"_jetpack_memberships_contains_paywalled_content":false,"_jetpack_memberships_contains_paid_content":false,"footnotes":"","jetpack_publicize_message":"","jetpack_publicize_feature_enabled":true,"jetpack_social_post_already_shared":true,"jetpack_social_options":{"image_generator_settings":{"template":"highway","default_image_id":0,"font":"","enabled":false},"version":2},"_wpas_customize_per_network":false},"categories":[30],"tags":[],"class_list":["post-113488","post","type-post","status-publish","format-standard","has-post-thumbnail","hentry","category-municipio","generate-columns","tablet-grid-50","mobile-grid-100","grid-parent","grid-50"],"jetpack_publicize_connections":[],"jetpack_featured_media_url":"https:\/\/www.hoymercedes.com.ar\/principal\/wp-content\/uploads\/2020\/07\/DSC05380.jpg","wps_subtitle":"","jetpack_sharing_enabled":true,"_links":{"self":[{"href":"https:\/\/www.hoymercedes.com.ar\/principal\/wp-json\/wp\/v2\/posts\/113488","targetHints":{"allow":["GET"]}}],"collection":[{"href":"https:\/\/www.hoymercedes.com.ar\/principal\/wp-json\/wp\/v2\/posts"}],"about":[{"href":"https:\/\/www.hoymercedes.com.ar\/principal\/wp-json\/wp\/v2\/types\/post"}],"author":[{"embeddable":true,"href":"https:\/\/www.hoymercedes.com.ar\/principal\/wp-json\/wp\/v2\/users\/1"}],"replies":[{"embeddable":true,"href":"https:\/\/www.hoymercedes.com.ar\/principal\/wp-json\/wp\/v2\/comments?post=113488"}],"version-history":[{"count":0,"href":"https:\/\/www.hoymercedes.com.ar\/principal\/wp-json\/wp\/v2\/posts\/113488\/revisions"}],"wp:featuredmedia":[{"embeddable":true,"href":"https:\/\/www.hoymercedes.com.ar\/principal\/wp-json\/wp\/v2\/media\/113489"}],"wp:attachment":[{"href":"https:\/\/www.hoymercedes.com.ar\/principal\/wp-json\/wp\/v2\/media?parent=113488"}],"wp:term":[{"taxonomy":"category","embeddable":true,"href":"https:\/\/www.hoymercedes.com.ar\/principal\/wp-json\/wp\/v2\/categories?post=113488"},{"taxonomy":"post_tag","embeddable":true,"href":"https:\/\/www.hoymercedes.com.ar\/principal\/wp-json\/wp\/v2\/tags?post=113488"}],"curies":[{"name":"wp","href":"https:\/\/api.w.org\/{rel}","templated":true}]}}