{"id":113510,"date":"2020-07-13T11:47:34","date_gmt":"2020-07-13T14:47:34","guid":{"rendered":"http:\/\/www.hoymercedes.com.ar\/principal\/?p=113510"},"modified":"2020-07-13T15:15:03","modified_gmt":"2020-07-13T18:15:03","slug":"el-comite-de-crisis-repaso-dispositivos-informes-y-nueva-definiciones","status":"publish","type":"post","link":"https:\/\/www.hoymercedes.com.ar\/principal\/2020\/07\/13\/el-comite-de-crisis-repaso-dispositivos-informes-y-nueva-definiciones\/","title":{"rendered":"El Comit\u00e9 de Crisis repas\u00f3 dispositivos, informes y nueva definiciones"},"content":{"rendered":"\n<p>El Comit\u00e9 de Crisis se volvi\u00f3 a reunir a primera hora de la ma\u00f1ana de este lunes. La reuni\u00f3n permiti\u00f3 analizar la situaci\u00f3n epidemiol\u00f3gica de la ciudad y los operativos del fin de semana donde hubo Comit\u00e9s Operativos de Emergencia y testeos. Entre las definiciones, plantearon que los comercios no esenciales puedan abrir las tarde de lunes a s\u00e1bado en un horario m\u00e1s amplio. <\/p>\n\n\n\n<div class=\"wp-block-image\"><figure class=\"aligncenter size-large\"><img loading=\"lazy\" decoding=\"async\" width=\"800\" height=\"600\" data-attachment-id=\"113511\" data-permalink=\"https:\/\/www.hoymercedes.com.ar\/principal\/2020\/07\/13\/el-comite-de-crisis-repaso-dispositivos-informes-y-nueva-definiciones\/13-comitedecrisis\/#main\" data-orig-file=\"https:\/\/www.hoymercedes.com.ar\/principal\/wp-content\/uploads\/2020\/07\/13-ComitedeCrisis.jpg\" data-orig-size=\"800,600\" data-comments-opened=\"0\" data-image-meta=\"{&quot;aperture&quot;:&quot;0&quot;,&quot;credit&quot;:&quot;&quot;,&quot;camera&quot;:&quot;&quot;,&quot;caption&quot;:&quot;&quot;,&quot;created_timestamp&quot;:&quot;0&quot;,&quot;copyright&quot;:&quot;&quot;,&quot;focal_length&quot;:&quot;0&quot;,&quot;iso&quot;:&quot;0&quot;,&quot;shutter_speed&quot;:&quot;0&quot;,&quot;title&quot;:&quot;&quot;,&quot;orientation&quot;:&quot;0&quot;}\" data-image-title=\"13 ComitedeCrisis\" data-image-description=\"\" data-image-caption=\"\" data-large-file=\"https:\/\/www.hoymercedes.com.ar\/principal\/wp-content\/uploads\/2020\/07\/13-ComitedeCrisis.jpg\" src=\"https:\/\/www.hoymercedes.com.ar\/principal\/wp-content\/uploads\/2020\/07\/13-ComitedeCrisis.jpg\" alt=\"\" class=\"wp-image-113511\"\/><\/figure><\/div>\n\n\n\n<p>Durante la reuni\u00f3n, expusieron el jefe comunal, el director del nosocomio local y hubo intercambios y consultas de las entidades participantes. Uno de los temas tratados fue la actividad efectuada en el fin de semana con casi medio centenar de hisopados cuyos resultados se conocer\u00e1n principalmente durante la jornada de este lunes.<\/p>\n\n\n\n<p>Tambi\u00e9n se plante\u00f3: c\u00f3mo se dan los s\u00edntomas, las metodolog\u00edas de alta, la cantidad de focos, los casi mil vecinos en seguimiento, los nuevos 30 operadores del centro de tele seguimiento que arriba a 42, fueron alguno de los temas tratados. Tambi\u00e9n estad\u00edsticas como que alrededor del 80\u2019% de los casos se detect\u00f3 por b\u00fasqueda activa y rastreo mientras que el resto lo es por protocolo. Que\u00a0 el 94% de los casos tiene ra\u00edz epidemiol\u00f3gica de los casos ya comunicados, un 2% \u00a0con nexo en estudio y un 4% sin nexo hasta el momento. <\/p>\n\n\n\n<p>Se expuso a su vez que Mercedes tiene un alt\u00edsimo nivel de hisopado y testeos gracias a contar con un laboratorio de virolog\u00eda molecular municipal en el Dubarry y que el fin de semana no hubo resultados, pero si todo el movimiento de infraestructura en torno al cuidado de los vecinos y vecinas.<\/p>\n\n\n\n<p>La C\u00e1mara Econ\u00f3mica Mercedina propuso ampliar d\u00edas y horarios de ciertos rubros con el objetivo de achicar la posibilidad de generar embudos y aglutinamientos. All\u00ed se concret\u00f3 un debate e intercambio que finaliz\u00f3 con la puesta en com\u00fan de autorizar m\u00e1s d\u00edas y horarios de apertura comercial. Se confirmar\u00eda en las pr\u00f3ximas jornadas, pero a modo de anticipo, la CEM propuso que los comercios tengan la opci\u00f3n de abrir de lunes a viernes en la franja horaria de 13 a 18 hs y s\u00e1bados de 9 a 13 hs y de 15 a 18 hs.&nbsp;<\/p>\n\n\n\n<p>El jefe comunal, Dr. Juan I. Ustarroz, concret\u00f3 tambi\u00e9n un an\u00e1lisis de organizaci\u00f3n, medidas, acciones, dispositivos, reconociendo a todos los actores intervinientes, en el despliegue amplio que viene efectuando la ciudad en el cuidado, prevenci\u00f3n y control del covid-19.<\/p>\n\n\n\n<p>Hubo un momento de intercambio tambi\u00e9n con la preocupaci\u00f3n compartida sobre el riesgo que podr\u00eda implicar el pr\u00f3ximo d\u00eda del amigo y la chance de reuniones no permitidas entre los j\u00f3venes, especialmente, que adem\u00e1s son los m\u00e1s afectados actualmente por el virus. Los adultos mayores, m\u00e1s propensos a respetar los distanciamientos, son u sector de vulnerabilidad que debemos mantener en cuidados y alertas.<\/p>\n\n\n\n<p>La reuni\u00f3n dej\u00f3 abiertos varios temas de trabajo y debate para seguir analizando el devenir de este virus donde la ciudad sigue en la denominada transici\u00f3n hacia la definici\u00f3n de transmisi\u00f3n comunitaria.&nbsp;<\/p>\n","protected":false},"excerpt":{"rendered":"<p>El Comit\u00e9 de Crisis se volvi\u00f3 a reunir a primera hora de la ma\u00f1ana de este lunes. La reuni\u00f3n permiti\u00f3 &#8230; <a title=\"El Comit\u00e9 de Crisis repas\u00f3 dispositivos, informes y nueva definiciones\" class=\"read-more\" href=\"https:\/\/www.hoymercedes.com.ar\/principal\/2020\/07\/13\/el-comite-de-crisis-repaso-dispositivos-informes-y-nueva-definiciones\/\" aria-label=\"Leer m\u00e1s sobre El Comit\u00e9 de Crisis repas\u00f3 dispositivos, informes y nueva definiciones\">Leer m\u00e1s<\/a><\/p>\n","protected":false},"author":1,"featured_media":113511,"comment_status":"closed","ping_status":"open","sticky":false,"template":"","format":"standard","meta":{"_monsterinsights_skip_tracking":false,"_monsterinsights_sitenote_active":false,"_monsterinsights_sitenote_note":"","_monsterinsights_sitenote_category":0,"jetpack_post_was_ever_published":false,"_jetpack_newsletter_access":"","_jetpack_dont_email_post_to_subs":false,"_jetpack_newsletter_tier_id":0,"_jetpack_memberships_contains_paywalled_content":false,"_jetpack_memberships_contains_paid_content":false,"footnotes":"","jetpack_publicize_message":"","jetpack_publicize_feature_enabled":true,"jetpack_social_post_already_shared":true,"jetpack_social_options":{"image_generator_settings":{"template":"highway","default_image_id":0,"font":"","enabled":false},"version":2},"_wpas_customize_per_network":false},"categories":[8],"tags":[],"class_list":["post-113510","post","type-post","status-publish","format-standard","has-post-thumbnail","hentry","category-sociedad","generate-columns","tablet-grid-50","mobile-grid-100","grid-parent","grid-50"],"jetpack_publicize_connections":[],"jetpack_featured_media_url":"https:\/\/www.hoymercedes.com.ar\/principal\/wp-content\/uploads\/2020\/07\/13-ComitedeCrisis.jpg","wps_subtitle":"","jetpack_sharing_enabled":true,"_links":{"self":[{"href":"https:\/\/www.hoymercedes.com.ar\/principal\/wp-json\/wp\/v2\/posts\/113510","targetHints":{"allow":["GET"]}}],"collection":[{"href":"https:\/\/www.hoymercedes.com.ar\/principal\/wp-json\/wp\/v2\/posts"}],"about":[{"href":"https:\/\/www.hoymercedes.com.ar\/principal\/wp-json\/wp\/v2\/types\/post"}],"author":[{"embeddable":true,"href":"https:\/\/www.hoymercedes.com.ar\/principal\/wp-json\/wp\/v2\/users\/1"}],"replies":[{"embeddable":true,"href":"https:\/\/www.hoymercedes.com.ar\/principal\/wp-json\/wp\/v2\/comments?post=113510"}],"version-history":[{"count":0,"href":"https:\/\/www.hoymercedes.com.ar\/principal\/wp-json\/wp\/v2\/posts\/113510\/revisions"}],"wp:featuredmedia":[{"embeddable":true,"href":"https:\/\/www.hoymercedes.com.ar\/principal\/wp-json\/wp\/v2\/media\/113511"}],"wp:attachment":[{"href":"https:\/\/www.hoymercedes.com.ar\/principal\/wp-json\/wp\/v2\/media?parent=113510"}],"wp:term":[{"taxonomy":"category","embeddable":true,"href":"https:\/\/www.hoymercedes.com.ar\/principal\/wp-json\/wp\/v2\/categories?post=113510"},{"taxonomy":"post_tag","embeddable":true,"href":"https:\/\/www.hoymercedes.com.ar\/principal\/wp-json\/wp\/v2\/tags?post=113510"}],"curies":[{"name":"wp","href":"https:\/\/api.w.org\/{rel}","templated":true}]}}