{"id":113530,"date":"2020-07-13T14:15:51","date_gmt":"2020-07-13T17:15:51","guid":{"rendered":"http:\/\/www.hoymercedes.com.ar\/principal\/?p=113530"},"modified":"2020-07-13T18:46:23","modified_gmt":"2020-07-13T21:46:23","slug":"ha-muerto-la-politica-ambiental-viva-la-politica-ambiental","status":"publish","type":"post","link":"https:\/\/www.hoymercedes.com.ar\/principal\/2020\/07\/13\/ha-muerto-la-politica-ambiental-viva-la-politica-ambiental\/","title":{"rendered":"Ha muerto la pol\u00edtica ambiental\u2026 Viva la pol\u00edtica ambiental"},"content":{"rendered":"\n<p>Por Cristi\u00e1n Frers*  La pol\u00edtica ambiental es la fijaci\u00f3n de un conjunto arm\u00f3nico e interrelacionado de objetivos que se orientan al mejoramiento del ambiente y al manejo adecuado de los recursos naturales. A estos objetivos se deben incorporar decisiones y acciones espec\u00edficas destinadas al cumplimiento de los mismos, con el respaldo de normas que permitan lograr la institucionalidad de dichas pol\u00edticas.<\/p>\n\n\n\n<p>Los reiterados fracasos e incumplimientos sobre los acuerdos ambientales provinciales o nacionales emergen de la falta de voluntad pol\u00edtica para avanzar decididamente en las soluciones de fondo, pero esa falta de voluntad pol\u00edtica, lejos de ser coyuntural, responde a la hegem\u00f3nica racionalidad productivista que considera a las pol\u00edticas ambientales como amenazas a la reproducci\u00f3n y acumulaci\u00f3n del capital, raz\u00f3n por la cual el sistema \u2013directa o indirectamente- tiende a tornarlas ineficaces, confiri\u00e9ndole entonces a esta ineficacia un car\u00e1cter sist\u00e9mico, generador de una situaci\u00f3n paradojal: por un lado el sistema tiene a la ineficacia de las pol\u00edticas ambientales, pero por otro lado, tal ineficacia conduce al colapso del propio sistema.<\/p>\n\n\n\n<p>Hay ausencia de pol\u00edticas medioambientales que traten todos los problemas actuales. Lo \u00fanico que se hace es emparchar y as\u00ed no se puede avanzar de ninguna forma. El problema no son las leyes en s\u00ed sino su cumplimiento. En muchos casos faltaban, pero una vez que aparecieron hay una imposibilidad para aplicarlas. La autoridad de aplicaci\u00f3n en cada caso no hace ejercicio de su autoridad y la gente no aplica la ley porque nadie los controla<\/p>\n\n\n\n<p>La protecci\u00f3n y legislaci\u00f3n necesaria se han vuelto una utop\u00eda. Argentina no posee una pol\u00edtica ambiental y est\u00e1 lejos de implementarla. El pa\u00eds se caracteriza por ser rico en recursos naturales que muchas veces carecen de gesti\u00f3n, en donde las empresas que los explotan determinan su accionar ante ellos. El sistema econ\u00f3mico promueve, fundamentalmente desde el Estado, que se obtengan la mayor cantidad de beneficios econ\u00f3micos por la explotaci\u00f3n de recursos, lo que hace que estos sean llevados hasta sus l\u00edmites mediante la implementaci\u00f3n de pr\u00e1cticas no sustentables y degradantes para el ambiente.<\/p>\n\n\n\n<p>Que han significado, en las cuestiones sociales y de ambiente, la necesidad de volver al principio. Por ejemplo, las pocas veces que se han establecido medidas anticontaminaci\u00f3n de los cursos de agua, se acciona contra diversas empresas, pero no se tienen en cuenta los basureros a cielo abierto, que por lo general se encuentran a la vera de los r\u00edos, o se vierten l\u00edquidos cloacales sin tratamiento alguno o se fugan efluentes con la complicidad de ciertos funcionarios que hacen la vista gorda. Las pol\u00edticas ambientales, sobre todo aquellas dirigidas a frenar el da\u00f1o que causa la contaminaci\u00f3n deben ser a todo o nada.<\/p>\n\n\n\n<p>No sirve llevar a los jardines de infantes a juntar papelitos, si se emprende una campa\u00f1a, mientras se deja que una industria desvi\u00e9 sus efluentes contaminantes de la planta de tratamiento.<\/p>\n\n\n\n<p>Est\u00e1n surgiendo nuevas ideas econ\u00f3micas como la econom\u00eda circular, a trav\u00e9s de la cual se pretende&nbsp;<strong>minimizar al m\u00e1ximo el coste ambiental que tienen los procesos productivos y los productos durante su ciclo de vida.<\/strong>&nbsp;En otras palabras, busca que tanto el sector industrial como la sociedad, sea m\u00e1s eficiente en el uso de recursos o la econom\u00eda del donut, un pensamiento econ\u00f3mico que permitir\u00e1n alcanzar un progreso inclusivo y sostenible. La lista es un \u00f3rdago a la grande de dogmas de fe contempor\u00e1neos como la eficiencia incontestable del mercado; la racionalidad ego\u00edsta del individuo; la simplicidad mec\u00e1nica de la oferta y la demanda; la inevitabilidad de la desigualdad y el crecimiento sucio como fases del desarrollo; y, claro, la santificaci\u00f3n del crecimiento del PIB como indicador de referencia.<\/p>\n\n\n\n<p>El ambiente tambi\u00e9n necesita de pol\u00edticas, iniciativas y programas que abarquen los desaf\u00edos que hoy enfrenta el pa\u00eds y el mundo. Pero en la Argentina pasa a ser un tema m\u00e1s dentro de una larga lista de promesas. Tal vez entonces sea hora de que todos los habitantes de la naci\u00f3n incluyamos el tema ambiental en nuestra agenda porque posibilidades de cambio y desarrollo hay y deben ser aprovechadas por nosotros y las generaciones futuras. <\/p>\n\n\n\n<p>*Cristi\u00e1n Frers \u2013 T\u00e9cnico Superior en Gesti\u00f3n Ambiental y T\u00e9cnico Superior en Comunicaci\u00f3n Social (Periodista)<\/p>\n","protected":false},"excerpt":{"rendered":"<p>Por Cristi\u00e1n Frers* La pol\u00edtica ambiental es la fijaci\u00f3n de un conjunto arm\u00f3nico e interrelacionado de objetivos que se orientan &#8230; <a title=\"Ha muerto la pol\u00edtica ambiental\u2026 Viva la pol\u00edtica ambiental\" class=\"read-more\" href=\"https:\/\/www.hoymercedes.com.ar\/principal\/2020\/07\/13\/ha-muerto-la-politica-ambiental-viva-la-politica-ambiental\/\" aria-label=\"Leer m\u00e1s sobre Ha muerto la pol\u00edtica ambiental\u2026 Viva la pol\u00edtica ambiental\">Leer m\u00e1s<\/a><\/p>\n","protected":false},"author":1,"featured_media":99843,"comment_status":"closed","ping_status":"open","sticky":false,"template":"","format":"standard","meta":{"_monsterinsights_skip_tracking":false,"_monsterinsights_sitenote_active":false,"_monsterinsights_sitenote_note":"","_monsterinsights_sitenote_category":0,"jetpack_post_was_ever_published":false,"_jetpack_newsletter_access":"","_jetpack_dont_email_post_to_subs":false,"_jetpack_newsletter_tier_id":0,"_jetpack_memberships_contains_paywalled_content":false,"_jetpack_memberships_contains_paid_content":false,"footnotes":"","jetpack_publicize_message":"","jetpack_publicize_feature_enabled":true,"jetpack_social_post_already_shared":true,"jetpack_social_options":{"image_generator_settings":{"template":"highway","default_image_id":0,"font":"","enabled":false},"version":2},"_wpas_customize_per_network":false},"categories":[1],"tags":[43,8748],"class_list":["post-113530","post","type-post","status-publish","format-standard","has-post-thumbnail","hentry","category-opinion","tag-medio-ambiente","tag-opinion","generate-columns","tablet-grid-50","mobile-grid-100","grid-parent","grid-50"],"jetpack_publicize_connections":[],"jetpack_featured_media_url":"https:\/\/www.hoymercedes.com.ar\/principal\/wp-content\/uploads\/2019\/09\/14-reciclaje-ambiente.jpg","wps_subtitle":"Medio ambiente","jetpack_sharing_enabled":true,"_links":{"self":[{"href":"https:\/\/www.hoymercedes.com.ar\/principal\/wp-json\/wp\/v2\/posts\/113530","targetHints":{"allow":["GET"]}}],"collection":[{"href":"https:\/\/www.hoymercedes.com.ar\/principal\/wp-json\/wp\/v2\/posts"}],"about":[{"href":"https:\/\/www.hoymercedes.com.ar\/principal\/wp-json\/wp\/v2\/types\/post"}],"author":[{"embeddable":true,"href":"https:\/\/www.hoymercedes.com.ar\/principal\/wp-json\/wp\/v2\/users\/1"}],"replies":[{"embeddable":true,"href":"https:\/\/www.hoymercedes.com.ar\/principal\/wp-json\/wp\/v2\/comments?post=113530"}],"version-history":[{"count":0,"href":"https:\/\/www.hoymercedes.com.ar\/principal\/wp-json\/wp\/v2\/posts\/113530\/revisions"}],"wp:featuredmedia":[{"embeddable":true,"href":"https:\/\/www.hoymercedes.com.ar\/principal\/wp-json\/wp\/v2\/media\/99843"}],"wp:attachment":[{"href":"https:\/\/www.hoymercedes.com.ar\/principal\/wp-json\/wp\/v2\/media?parent=113530"}],"wp:term":[{"taxonomy":"category","embeddable":true,"href":"https:\/\/www.hoymercedes.com.ar\/principal\/wp-json\/wp\/v2\/categories?post=113530"},{"taxonomy":"post_tag","embeddable":true,"href":"https:\/\/www.hoymercedes.com.ar\/principal\/wp-json\/wp\/v2\/tags?post=113530"}],"curies":[{"name":"wp","href":"https:\/\/api.w.org\/{rel}","templated":true}]}}