{"id":113544,"date":"2020-07-13T20:30:00","date_gmt":"2020-07-13T23:30:00","guid":{"rendered":"http:\/\/www.hoymercedes.com.ar\/principal\/?p=113544"},"modified":"2020-07-13T20:21:37","modified_gmt":"2020-07-13T23:21:37","slug":"suma-dias-y-amplian-horario-de-atencion-para-el-comercio-no-esencial","status":"publish","type":"post","link":"https:\/\/www.hoymercedes.com.ar\/principal\/2020\/07\/13\/suma-dias-y-amplian-horario-de-atencion-para-el-comercio-no-esencial\/","title":{"rendered":"Ampl\u00edan d\u00edas y horarios de atenci\u00f3n para el comercio no esencial"},"content":{"rendered":"\n<p class=\"has-normal-font-size\"><strong><em>A partir de un proyecto de la C\u00e1mara Econ\u00f3mica Mercedina, que cont\u00f3 con el acompa\u00f1amiento del Sindicato de Comercio, el Comit\u00e9 de Crisis autoriz\u00f3 m\u00e1s d\u00edas y horarios para los comercios locales de rubros considerados no esenciales en el marco de la cuarentena administrada.<\/em><\/strong><\/p>\n\n\n\n<hr class=\"wp-block-separator has-text-color has-background has-vivid-cyan-blue-background-color has-vivid-cyan-blue-color\"\/>\n\n\n\n<div class=\"wp-block-image\"><figure class=\"aligncenter size-large\"><img loading=\"lazy\" decoding=\"async\" width=\"1080\" height=\"1080\" data-attachment-id=\"113545\" data-permalink=\"https:\/\/www.hoymercedes.com.ar\/principal\/2020\/07\/13\/suma-dias-y-amplian-horario-de-atencion-para-el-comercio-no-esencial\/whatsapp-image-2020-07-13-at-18-28-37\/#main\" data-orig-file=\"https:\/\/www.hoymercedes.com.ar\/principal\/wp-content\/uploads\/2020\/07\/WhatsApp-Image-2020-07-13-at-18.28.37.jpeg\" data-orig-size=\"1080,1080\" data-comments-opened=\"0\" data-image-meta=\"{&quot;aperture&quot;:&quot;0&quot;,&quot;credit&quot;:&quot;&quot;,&quot;camera&quot;:&quot;&quot;,&quot;caption&quot;:&quot;&quot;,&quot;created_timestamp&quot;:&quot;0&quot;,&quot;copyright&quot;:&quot;&quot;,&quot;focal_length&quot;:&quot;0&quot;,&quot;iso&quot;:&quot;0&quot;,&quot;shutter_speed&quot;:&quot;0&quot;,&quot;title&quot;:&quot;&quot;,&quot;orientation&quot;:&quot;0&quot;}\" data-image-title=\"WhatsApp Image 2020-07-13 at 18.28.37\" data-image-description=\"\" data-image-caption=\"\" data-large-file=\"https:\/\/www.hoymercedes.com.ar\/principal\/wp-content\/uploads\/2020\/07\/WhatsApp-Image-2020-07-13-at-18.28.37.jpeg\" src=\"https:\/\/www.hoymercedes.com.ar\/principal\/wp-content\/uploads\/2020\/07\/WhatsApp-Image-2020-07-13-at-18.28.37.jpeg\" alt=\"\" class=\"wp-image-113545\"\/><\/figure><\/div>\n\n\n\n<p>La C\u00e1mara Econ\u00f3mica Mercedina expres\u00f3 su satisfacci\u00f3n por la autorizaci\u00f3n conseguida para que a partir del lunes 13 los comercios de la ciudad puedan retomar sus actividades todas las tardes en el horario de 13 a 18 horas. <\/p>\n\n\n\n<p>Desde el inicio del aislamiento social, preventivo y obligatorio, la CEM viene trabajando para llevar la voz del comercio en nuestra ciudad y al mismo tiempo en lo concerniente a protocolos sociosanitarios, alternativas de ventas y por supuesto atender las dudas y comentarios. <\/p>\n\n\n\n<p>En este sentido, luego de distintas reuniones con asociados, de recibir planteos y evaluar la situaci\u00f3n y con el acompa\u00f1amiento del Sindicato de Comercio de la ciudad, se formaliz\u00f3 la solicitud ante el Municipio y el Comit\u00e9 de Crisis, en la reuni\u00f3n del lunes por la ma\u00f1ana. All\u00ed se present\u00f3 una propuesta para agregar d\u00edas y ampliar los horarios de apertura. <\/p>\n\n\n\n<p>El gerente de la CEM Ariel Pietrucha expres\u00f3 \u201cnot\u00e1bamos que en varios rubros se generaba mucha congesti\u00f3n y largas colas, esto generaba preocupaci\u00f3n en el sector. Ante esta situaci\u00f3n, luego de analizar el tema la Comisi\u00f3n Directiva resolvi\u00f3 plantearlo ante el Municipio y el Comit\u00e9 de Crisis para analizarlo con los distintos sectores\u201d.<\/p>\n\n\n\n<p>As\u00ed fue que el Presidente Mario Dimaro, el Vicepresidente Oscar Pont\u00f3n y el mismo Pietrucha presentaron la propuesta en la reuni\u00f3n del Comit\u00e9 de Crisis. Tras el debate y con el consenso y el apoyo de todos los sectores presentes, se resolvi\u00f3 que el comercio podr\u00e1 abrir de lunes a viernes entre las 13 y las 18 hs (cabe recalcar que es optativo, aquel que quiera abrir m\u00e1s tarde podr\u00e1 hacerlo, aunque igualmente deber\u00e1 cerrar a la hora estipulada) y s\u00e1bados de 9 a 13 y de 15 a 18 horas. <\/p>\n\n\n\n<p>El Presidente Mario Dimaro coment\u00f3 \u201cestoy agradecido al municipio, al Sindicato y a los distintos integrantes de Comit\u00e9 de Crisis por escucharnos y esperamos que esta ampliaci\u00f3n sirva no s\u00f3lo para el comercio sino para todos los vecinos, por supuesto hay que seguir respetando los protocolos y cuid\u00e1ndonos para evitar la propagaci\u00f3n del virus y poder continuar en esta senda de apertura hasta volver a los horarios habituales\u201d. <\/p>\n\n\n\n<p>Asimismo, desde la C\u00e1mara Econ\u00f3mica agradecen la responsabilidad con la que est\u00e1n trabajando los comerciantes y los clientes que se hacen presentes en los comercios locales.<\/p>\n\n\n\n<p>Fuente: Prensa CEM<\/p>\n","protected":false},"excerpt":{"rendered":"<p>A partir de un proyecto de la C\u00e1mara Econ\u00f3mica Mercedina, que cont\u00f3 con el acompa\u00f1amiento del Sindicato de Comercio, el &#8230; <a title=\"Ampl\u00edan d\u00edas y horarios de atenci\u00f3n para el comercio no esencial\" class=\"read-more\" href=\"https:\/\/www.hoymercedes.com.ar\/principal\/2020\/07\/13\/suma-dias-y-amplian-horario-de-atencion-para-el-comercio-no-esencial\/\" aria-label=\"Leer m\u00e1s sobre Ampl\u00edan d\u00edas y horarios de atenci\u00f3n para el comercio no esencial\">Leer m\u00e1s<\/a><\/p>\n","protected":false},"author":1,"featured_media":113545,"comment_status":"closed","ping_status":"open","sticky":false,"template":"","format":"standard","meta":{"_monsterinsights_skip_tracking":false,"_monsterinsights_sitenote_active":false,"_monsterinsights_sitenote_note":"","_monsterinsights_sitenote_category":0,"jetpack_post_was_ever_published":false,"_jetpack_newsletter_access":"","_jetpack_dont_email_post_to_subs":false,"_jetpack_newsletter_tier_id":0,"_jetpack_memberships_contains_paywalled_content":false,"_jetpack_memberships_contains_paid_content":false,"footnotes":"","jetpack_publicize_message":"","jetpack_publicize_feature_enabled":true,"jetpack_social_post_already_shared":true,"jetpack_social_options":{"image_generator_settings":{"template":"highway","default_image_id":0,"font":"","enabled":false},"version":2},"_wpas_customize_per_network":false},"categories":[8],"tags":[682,13069,16559],"class_list":["post-113544","post","type-post","status-publish","format-standard","has-post-thumbnail","hentry","category-sociedad","tag-cem","tag-comercios","tag-cuarentena-administrada","generate-columns","tablet-grid-50","mobile-grid-100","grid-parent","grid-50"],"jetpack_publicize_connections":[],"jetpack_featured_media_url":"https:\/\/www.hoymercedes.com.ar\/principal\/wp-content\/uploads\/2020\/07\/WhatsApp-Image-2020-07-13-at-18.28.37.jpeg","wps_subtitle":"Acordado con el Comit\u00e9 de Crisis","jetpack_sharing_enabled":true,"_links":{"self":[{"href":"https:\/\/www.hoymercedes.com.ar\/principal\/wp-json\/wp\/v2\/posts\/113544","targetHints":{"allow":["GET"]}}],"collection":[{"href":"https:\/\/www.hoymercedes.com.ar\/principal\/wp-json\/wp\/v2\/posts"}],"about":[{"href":"https:\/\/www.hoymercedes.com.ar\/principal\/wp-json\/wp\/v2\/types\/post"}],"author":[{"embeddable":true,"href":"https:\/\/www.hoymercedes.com.ar\/principal\/wp-json\/wp\/v2\/users\/1"}],"replies":[{"embeddable":true,"href":"https:\/\/www.hoymercedes.com.ar\/principal\/wp-json\/wp\/v2\/comments?post=113544"}],"version-history":[{"count":0,"href":"https:\/\/www.hoymercedes.com.ar\/principal\/wp-json\/wp\/v2\/posts\/113544\/revisions"}],"wp:featuredmedia":[{"embeddable":true,"href":"https:\/\/www.hoymercedes.com.ar\/principal\/wp-json\/wp\/v2\/media\/113545"}],"wp:attachment":[{"href":"https:\/\/www.hoymercedes.com.ar\/principal\/wp-json\/wp\/v2\/media?parent=113544"}],"wp:term":[{"taxonomy":"category","embeddable":true,"href":"https:\/\/www.hoymercedes.com.ar\/principal\/wp-json\/wp\/v2\/categories?post=113544"},{"taxonomy":"post_tag","embeddable":true,"href":"https:\/\/www.hoymercedes.com.ar\/principal\/wp-json\/wp\/v2\/tags?post=113544"}],"curies":[{"name":"wp","href":"https:\/\/api.w.org\/{rel}","templated":true}]}}