{"id":113567,"date":"2020-07-14T11:58:18","date_gmt":"2020-07-14T14:58:18","guid":{"rendered":"http:\/\/www.hoymercedes.com.ar\/principal\/?p=113567"},"modified":"2020-07-14T09:36:52","modified_gmt":"2020-07-14T12:36:52","slug":"estudiantes-quilmes-y-el-fronton-con-entrevistas-virtuales-todas-las-semanas","status":"publish","type":"post","link":"https:\/\/www.hoymercedes.com.ar\/principal\/2020\/07\/14\/estudiantes-quilmes-y-el-fronton-con-entrevistas-virtuales-todas-las-semanas\/","title":{"rendered":"Estudiantes, Quilmes y El Front\u00f3n con entrevistas virtuales, todas las semanas"},"content":{"rendered":"\n<p>La falta de actividad por la cuarentena y los clubes sin actividad deportiva han hecho reinventar a sus protagonistas, que pasaron de ser deportistas a entrevistadores, aprovechando las herramientas que las redes sociales permiten para poder seguir en vigencia, como es el caso de los clubes Estudiantes y Quilmes, en Mercedes y de El Front\u00f3n, en San Andr\u00e9s de Giles.<\/p>\n\n\n\n<figure class=\"wp-block-image size-large\"><img loading=\"lazy\" decoding=\"async\" width=\"1600\" height=\"1200\" data-attachment-id=\"113568\" data-permalink=\"https:\/\/www.hoymercedes.com.ar\/principal\/2020\/07\/14\/estudiantes-quilmes-y-el-fronton-con-entrevistas-virtuales-todas-las-semanas\/juan-lofrano\/#main\" data-orig-file=\"https:\/\/www.hoymercedes.com.ar\/principal\/wp-content\/uploads\/2020\/07\/Juan-Lofrano.jpg\" data-orig-size=\"1600,1200\" data-comments-opened=\"0\" data-image-meta=\"{&quot;aperture&quot;:&quot;0&quot;,&quot;credit&quot;:&quot;&quot;,&quot;camera&quot;:&quot;&quot;,&quot;caption&quot;:&quot;&quot;,&quot;created_timestamp&quot;:&quot;0&quot;,&quot;copyright&quot;:&quot;&quot;,&quot;focal_length&quot;:&quot;0&quot;,&quot;iso&quot;:&quot;0&quot;,&quot;shutter_speed&quot;:&quot;0&quot;,&quot;title&quot;:&quot;&quot;,&quot;orientation&quot;:&quot;0&quot;}\" data-image-title=\"Juan-Lofrano\" data-image-description=\"\" data-image-caption=\"\" data-large-file=\"https:\/\/www.hoymercedes.com.ar\/principal\/wp-content\/uploads\/2020\/07\/Juan-Lofrano.jpg\" src=\"https:\/\/www.hoymercedes.com.ar\/principal\/wp-content\/uploads\/2020\/07\/Juan-Lofrano.jpg\" alt=\"\" class=\"wp-image-113568\"\/><\/figure>\n\n\n\n<p>En el caso del Pincha, dividido en basquet y f\u00fatbol, sus dos cuentas de instagram han tenido mucha actividad en cuarentena. La primera, conocida como @basquetcae, tuvo interesantes entrevistas los d\u00edas martes, jueves y s\u00e1bado, a diferentes basquetbolistas y entrenadores a nivel nacional y tambi\u00e9n del \u00e1mbito local continuando este jueves desde las 20.30 con Francisco \u00abPaco\u00bb Mandaglio. Por el lado del f\u00fatbol, con menor frecuencia, se encuentra el segmento \u00abPincha Vs&#8230;\u00bb en la red social de instagram @elpinchamercedino donde van pasando como entrevistados diferentes jugadores del club. El \u00faltimo de ellos fue \u00abToto\u00bb Botta, entrevistado por \u00abPepe\u00bb Lucero.<\/p>\n\n\n\n<p>Por el lado de Quilmes, la gente del b\u00e1squet comenz\u00f3 a utilizar Zoom para llevar adelante sus entrevistas. Ya pasaron el \u00e1rbitro de Liga Nacional Francisco Vitto, el entrenador de Boca Juniors Francisco Narvarte, el jugador de Atenas Lucas Arn y ahora se viene el turno de Juan Lofrano, que ser\u00e1 este s\u00e1bado a las 11 de la ma\u00f1ana.<\/p>\n\n\n\n<p>Lofrano actualmente es Coordinador del Departamento de Mini B\u00e1squet de la CABB y autor del Manuel de Mini B\u00e1squet. La charla es abierta para toda la comunidad que se quiera sumar a escuchar a un gran entrenador de b\u00e1squet\u201d. Es por ello que en redes sociales hicieron p\u00fablicos los datos para tomar parte. En Zoom ID:892 7683 9960 m\u00e1s la contrase\u00f1a :841799.<\/p>\n\n\n\n<p>En cuanto al f\u00fatbol, desde el instagram @clubquilmesmercedesoficial tambi\u00e9n comenzaron a realizarse entrevistas a futbolistas del club, a cargo de \u00abToto\u00bb Davobe y por ellas ya pasaron el ex DT y campe\u00f3n en 2016 Juan Ignacio Menendez, el arquero Pablo Fontana, Nicol\u00e1s Mansilla, entre otros.<\/p>\n\n\n\n<p>El otro con mucha actividad es el Club El Front\u00f3n de San Andr\u00e9s de Giles propuso entrevistas todos los martes y jueves a las 20 con diferentes personalidades de la instituci\u00f3n, en este caso, abarcando a todos los deportes y categor\u00edas del club e incluso dirigentes.<\/p>\n","protected":false},"excerpt":{"rendered":"<p>La falta de actividad por la cuarentena y los clubes sin actividad deportiva han hecho reinventar a sus protagonistas, que &#8230; <a title=\"Estudiantes, Quilmes y El Front\u00f3n con entrevistas virtuales, todas las semanas\" class=\"read-more\" href=\"https:\/\/www.hoymercedes.com.ar\/principal\/2020\/07\/14\/estudiantes-quilmes-y-el-fronton-con-entrevistas-virtuales-todas-las-semanas\/\" aria-label=\"Leer m\u00e1s sobre Estudiantes, Quilmes y El Front\u00f3n con entrevistas virtuales, todas las semanas\">Leer m\u00e1s<\/a><\/p>\n","protected":false},"author":1,"featured_media":113568,"comment_status":"closed","ping_status":"open","sticky":false,"template":"","format":"standard","meta":{"_monsterinsights_skip_tracking":false,"_monsterinsights_sitenote_active":false,"_monsterinsights_sitenote_note":"","_monsterinsights_sitenote_category":0,"jetpack_post_was_ever_published":false,"_jetpack_newsletter_access":"","_jetpack_dont_email_post_to_subs":false,"_jetpack_newsletter_tier_id":0,"_jetpack_memberships_contains_paywalled_content":false,"_jetpack_memberships_contains_paid_content":false,"footnotes":"","jetpack_publicize_message":"","jetpack_publicize_feature_enabled":true,"jetpack_social_post_already_shared":true,"jetpack_social_options":{"image_generator_settings":{"template":"highway","default_image_id":0,"font":"","enabled":false},"version":2},"_wpas_customize_per_network":false},"categories":[21],"tags":[1058,14254,829],"class_list":["post-113567","post","type-post","status-publish","format-standard","has-post-thumbnail","hentry","category-deportes","tag-basquet","tag-el-fronton-2","tag-estudiantes","generate-columns","tablet-grid-50","mobile-grid-100","grid-parent","grid-50"],"jetpack_publicize_connections":[],"jetpack_featured_media_url":"https:\/\/www.hoymercedes.com.ar\/principal\/wp-content\/uploads\/2020\/07\/Juan-Lofrano.jpg","wps_subtitle":"","jetpack_sharing_enabled":true,"_links":{"self":[{"href":"https:\/\/www.hoymercedes.com.ar\/principal\/wp-json\/wp\/v2\/posts\/113567","targetHints":{"allow":["GET"]}}],"collection":[{"href":"https:\/\/www.hoymercedes.com.ar\/principal\/wp-json\/wp\/v2\/posts"}],"about":[{"href":"https:\/\/www.hoymercedes.com.ar\/principal\/wp-json\/wp\/v2\/types\/post"}],"author":[{"embeddable":true,"href":"https:\/\/www.hoymercedes.com.ar\/principal\/wp-json\/wp\/v2\/users\/1"}],"replies":[{"embeddable":true,"href":"https:\/\/www.hoymercedes.com.ar\/principal\/wp-json\/wp\/v2\/comments?post=113567"}],"version-history":[{"count":0,"href":"https:\/\/www.hoymercedes.com.ar\/principal\/wp-json\/wp\/v2\/posts\/113567\/revisions"}],"wp:featuredmedia":[{"embeddable":true,"href":"https:\/\/www.hoymercedes.com.ar\/principal\/wp-json\/wp\/v2\/media\/113568"}],"wp:attachment":[{"href":"https:\/\/www.hoymercedes.com.ar\/principal\/wp-json\/wp\/v2\/media?parent=113567"}],"wp:term":[{"taxonomy":"category","embeddable":true,"href":"https:\/\/www.hoymercedes.com.ar\/principal\/wp-json\/wp\/v2\/categories?post=113567"},{"taxonomy":"post_tag","embeddable":true,"href":"https:\/\/www.hoymercedes.com.ar\/principal\/wp-json\/wp\/v2\/tags?post=113567"}],"curies":[{"name":"wp","href":"https:\/\/api.w.org\/{rel}","templated":true}]}}