{"id":113579,"date":"2020-07-14T14:55:02","date_gmt":"2020-07-14T17:55:02","guid":{"rendered":"http:\/\/www.hoymercedes.com.ar\/principal\/?p=113579"},"modified":"2020-07-14T14:55:05","modified_gmt":"2020-07-14T17:55:05","slug":"coronavirus-nuevo-parte-oficial-destaca-el-76-de-los-casos-se-dieron-por-rastreo-e-ir-a-buscarlos","status":"publish","type":"post","link":"https:\/\/www.hoymercedes.com.ar\/principal\/2020\/07\/14\/coronavirus-nuevo-parte-oficial-destaca-el-76-de-los-casos-se-dieron-por-rastreo-e-ir-a-buscarlos\/","title":{"rendered":"Coronavirus: nuevo parte oficial destaca el 76% de los casos se dieron por rastreo e \u00abir a buscarlos\u00bb"},"content":{"rendered":"\n<p>[Comunicado oficial] Desde el Centro de Diagn\u00f3sticos por im\u00e1genes el intendente <strong>Juan Ignacio Ustarroz<\/strong> junto al director del hospital Blas L. Dubarry <strong>Pablo Cassiani<\/strong> efectu\u00f3 una comunicaci\u00f3n oficial donde informaron a los vecinos la situaci\u00f3n epidemiol\u00f3gica que se vive en la ciudad. Informando, principalmente, que la suba en los casos positivos de COVID-19 tiene que ver, m\u00e1s all\u00e1 del contagio por estar en contacto con alg\u00fan paciente que hab\u00eda contra\u00eddo la enfermedad, a la b\u00fasqueda activa de los casos por medio del sistema de salud y la comuna.\u00a0 Alrededor del 76% de los casos se detectaron por ir a buscarlos. Hay 2 pacientes con respirador.<\/p>\n\n\n\n<figure class=\"wp-block-image size-large\"><img loading=\"lazy\" decoding=\"async\" width=\"1280\" height=\"720\" data-attachment-id=\"113580\" data-permalink=\"https:\/\/www.hoymercedes.com.ar\/principal\/2020\/07\/14\/coronavirus-nuevo-parte-oficial-destaca-el-76-de-los-casos-se-dieron-por-rastreo-e-ir-a-buscarlos\/ustarroz-cassiani-1\/#main\" data-orig-file=\"https:\/\/www.hoymercedes.com.ar\/principal\/wp-content\/uploads\/2020\/07\/Ustarroz-Cassiani-1.jpg\" data-orig-size=\"1280,720\" data-comments-opened=\"0\" data-image-meta=\"{&quot;aperture&quot;:&quot;0&quot;,&quot;credit&quot;:&quot;&quot;,&quot;camera&quot;:&quot;&quot;,&quot;caption&quot;:&quot;&quot;,&quot;created_timestamp&quot;:&quot;0&quot;,&quot;copyright&quot;:&quot;&quot;,&quot;focal_length&quot;:&quot;0&quot;,&quot;iso&quot;:&quot;0&quot;,&quot;shutter_speed&quot;:&quot;0&quot;,&quot;title&quot;:&quot;&quot;,&quot;orientation&quot;:&quot;0&quot;}\" data-image-title=\"Ustarroz-Cassiani-1\" data-image-description=\"\" data-image-caption=\"\" data-large-file=\"https:\/\/www.hoymercedes.com.ar\/principal\/wp-content\/uploads\/2020\/07\/Ustarroz-Cassiani-1.jpg\" src=\"https:\/\/www.hoymercedes.com.ar\/principal\/wp-content\/uploads\/2020\/07\/Ustarroz-Cassiani-1.jpg\" alt=\"\" class=\"wp-image-113580\"\/><\/figure>\n\n\n\n<p>En primer lugar, el intendente Juan Ignacio Ustarroz se\u00f1al\u00f3 \u201cnuestra realidad epidemiol\u00f3gica guarda una relaci\u00f3n directa con lo que hoy est\u00e1 pasando en la zona AMBA, donde existen una gran cantidad de casos. En lo que corresponde a nuestra ciudad, estos n\u00fameros hay que leerlos en su debido contexto, que tiene que ver espec\u00edficamente a las b\u00fasquedas activas, donde m\u00e1s del setenta (76%) por ciento son resultante de los rastreos del sistema covid\u201d y agreg\u00f3 \u201choy estamos ac\u00e1, lugar donde se encuentran 42 operadores quienes desde la ma\u00f1ana temprano hasta la noche, est\u00e1n llamando a las personas que tienen covid positivo y hacen el rastreo y as\u00ed realizar un mapeo epidemiol\u00f3gico\u201d.&nbsp; &nbsp;&nbsp;&nbsp;<\/p>\n\n\n\n<figure class=\"wp-block-image size-large\"><img loading=\"lazy\" decoding=\"async\" width=\"842\" height=\"506\" data-attachment-id=\"113581\" data-permalink=\"https:\/\/www.hoymercedes.com.ar\/principal\/2020\/07\/14\/coronavirus-nuevo-parte-oficial-destaca-el-76-de-los-casos-se-dieron-por-rastreo-e-ir-a-buscarlos\/pacientes\/#main\" data-orig-file=\"https:\/\/www.hoymercedes.com.ar\/principal\/wp-content\/uploads\/2020\/07\/PACIENTES.jpg\" data-orig-size=\"842,506\" data-comments-opened=\"0\" data-image-meta=\"{&quot;aperture&quot;:&quot;0&quot;,&quot;credit&quot;:&quot;&quot;,&quot;camera&quot;:&quot;&quot;,&quot;caption&quot;:&quot;&quot;,&quot;created_timestamp&quot;:&quot;0&quot;,&quot;copyright&quot;:&quot;&quot;,&quot;focal_length&quot;:&quot;0&quot;,&quot;iso&quot;:&quot;0&quot;,&quot;shutter_speed&quot;:&quot;0&quot;,&quot;title&quot;:&quot;&quot;,&quot;orientation&quot;:&quot;0&quot;}\" data-image-title=\"PACIENTES\" data-image-description=\"\" data-image-caption=\"\" data-large-file=\"https:\/\/www.hoymercedes.com.ar\/principal\/wp-content\/uploads\/2020\/07\/PACIENTES.jpg\" src=\"https:\/\/www.hoymercedes.com.ar\/principal\/wp-content\/uploads\/2020\/07\/PACIENTES.jpg\" alt=\"\" class=\"wp-image-113581\"\/><\/figure>\n\n\n\n<p>\u201cSi bien vemos el crecimiento de casos, tiene que ver con esta b\u00fasqueda activa a la cual ponemos cada vez m\u00e1s recursos a disposici\u00f3n, en la que encontramos una forma -validada en el mundo- que es rastrear, testear y aislar\u201d destac\u00f3 el intendente Ustarroz y se\u00f1al\u00f3 \u201ces muy importante en esta primera etapa la contenci\u00f3n que se hace de los pacientes que son positivos\u201d.<\/p>\n\n\n\n<p>Conjuntamente, Ustarroz cont\u00f3 \u201cen l\u00edneas generales vemos que la gran mayor\u00eda son asintom\u00e1ticos, paciente que est\u00e1n cursando la enfermedad con s\u00edntomas leves\u201d y a su vez subray\u00f3 \u201cestamos en el periodo m\u00e1s cr\u00edtico, donde existe un crecimiento exponencial de casos, por lo tanto, lo que nosotros sostenemos es el aislamiento y las medidas sanitarias que se vienen implementado hasta ahora\u201d.<\/p>\n\n\n\n<p>En este sentido, el Dr. Ustarroz recalc\u00f3 \u201cvemos un gran cumplimiento por parte de la poblaci\u00f3n con respecto al horario que se ha fijado como tope para las actividades sociales. Entendemos que este cumplimiento comenzar\u00e1 a dar sus frutos en 10 o 15 d\u00edas\u201d y a\u00f1adi\u00f3 \u201centendemos que esta es la forma que tenemos que seguir profundizando y mejorando, para lo cual, hay un elemento que siempre es central que es el nivel de compromiso, responsabilidad y unidad de nuestro pueblo\u201d.&nbsp;&nbsp;<\/p>\n\n\n\n<figure class=\"wp-block-image size-large\"><img loading=\"lazy\" decoding=\"async\" width=\"842\" height=\"506\" data-attachment-id=\"113582\" data-permalink=\"https:\/\/www.hoymercedes.com.ar\/principal\/2020\/07\/14\/coronavirus-nuevo-parte-oficial-destaca-el-76-de-los-casos-se-dieron-por-rastreo-e-ir-a-buscarlos\/porcentajes\/#main\" data-orig-file=\"https:\/\/www.hoymercedes.com.ar\/principal\/wp-content\/uploads\/2020\/07\/PORCENTAJES.jpg\" data-orig-size=\"842,506\" data-comments-opened=\"0\" data-image-meta=\"{&quot;aperture&quot;:&quot;0&quot;,&quot;credit&quot;:&quot;&quot;,&quot;camera&quot;:&quot;&quot;,&quot;caption&quot;:&quot;&quot;,&quot;created_timestamp&quot;:&quot;0&quot;,&quot;copyright&quot;:&quot;&quot;,&quot;focal_length&quot;:&quot;0&quot;,&quot;iso&quot;:&quot;0&quot;,&quot;shutter_speed&quot;:&quot;0&quot;,&quot;title&quot;:&quot;&quot;,&quot;orientation&quot;:&quot;0&quot;}\" data-image-title=\"PORCENTAJES\" data-image-description=\"\" data-image-caption=\"\" data-large-file=\"https:\/\/www.hoymercedes.com.ar\/principal\/wp-content\/uploads\/2020\/07\/PORCENTAJES.jpg\" src=\"https:\/\/www.hoymercedes.com.ar\/principal\/wp-content\/uploads\/2020\/07\/PORCENTAJES.jpg\" alt=\"\" class=\"wp-image-113582\"\/><\/figure>\n\n\n\n<p>Por su parte, el director del hospital, el Dr. Pablo Cassiani se\u00f1al\u00f3 \u201cqueremos reflejar cual es la situaci\u00f3n epidemiol\u00f3gica de la ciudad en este momento, durante estos d\u00edas hemos sumad casos, donde tenemos un total de ciento setenta y cinco (175) casos, de los cuales permanecen activos ciento veinte (120), cincuenta y cuatro (54) obtuvieron el alta. La gran mayor\u00eda de los pacientes est\u00e1 cursando la enfermedad de manera asintom\u00e1tica o s\u00edntomas leves\u201d.<\/p>\n\n\n\n<p>\u201cTenemos ocho (8) pacientes al d\u00eda de la fecha internados entre la cl\u00ednica y el hospital y de ese total hay dos (2) que se encuentran con respirador y un pron\u00f3stico reservado. Una de ellas ha recibido plasma, el otro a\u00fan no tiene criterio, estamos viendo y trabajando con el Dr. Laporta la evoluci\u00f3n, ya que los dos pacientes se encuentran en la Cl\u00ednica Nueva Cruz Azul\u201d se\u00f1al\u00f3 Cassiani.<\/p>\n\n\n\n<p>Asimismo, el Dr. Cassiani expres\u00f3 \u201ces importante contarles que el 76 por ciento de estos 175 casos, pertenecen a b\u00fasquedas activas, lo que significa que se sali\u00f3 a buscar e intentar controlar focos que se van suscitando en nuestra ciudad a fin de prevenir la cadena de contagios y salvaguardar la salud de los adultos mayores\u201d y asegur\u00f3 \u201cexiste un sistema trabajando constantemente, hospital, cl\u00ednica, centros de atenci\u00f3n primaria de la salud y todo\u00a0 un equipo preparado que hace el acompa\u00f1amiento del paciente de covid positivo y tambi\u00e9n de todo su n\u00facleo familiar y los contactos estrechos\u201d. \u00a0<\/p>\n\n\n\n<p>Conferencia completa:<\/p>\n\n\n\n<figure><iframe loading=\"lazy\" src=\"https:\/\/www.facebook.com\/plugins\/video.php?href=https%3A%2F%2Fwww.facebook.com%2Fjuaniustarroz%2Fvideos%2F3649015751792671%2F&amp;show_text=0&amp;width=900\" width=\"900\" height=\"315\" allowfullscreen=\"true\"><\/iframe><\/figure>\n","protected":false},"excerpt":{"rendered":"<p>[Comunicado oficial] Desde el Centro de Diagn\u00f3sticos por im\u00e1genes el intendente Juan Ignacio Ustarroz junto al director del hospital Blas &#8230; <a title=\"Coronavirus: nuevo parte oficial destaca el 76% de los casos se dieron por rastreo e \u00abir a buscarlos\u00bb\" class=\"read-more\" href=\"https:\/\/www.hoymercedes.com.ar\/principal\/2020\/07\/14\/coronavirus-nuevo-parte-oficial-destaca-el-76-de-los-casos-se-dieron-por-rastreo-e-ir-a-buscarlos\/\" aria-label=\"Leer m\u00e1s sobre Coronavirus: nuevo parte oficial destaca el 76% de los casos se dieron por rastreo e \u00abir a buscarlos\u00bb\">Leer m\u00e1s<\/a><\/p>\n","protected":false},"author":1,"featured_media":113581,"comment_status":"closed","ping_status":"open","sticky":false,"template":"","format":"standard","meta":{"_monsterinsights_skip_tracking":false,"_monsterinsights_sitenote_active":false,"_monsterinsights_sitenote_note":"","_monsterinsights_sitenote_category":0,"jetpack_post_was_ever_published":false,"_jetpack_newsletter_access":"","_jetpack_dont_email_post_to_subs":false,"_jetpack_newsletter_tier_id":0,"_jetpack_memberships_contains_paywalled_content":false,"_jetpack_memberships_contains_paid_content":false,"footnotes":"","jetpack_publicize_message":"","jetpack_publicize_feature_enabled":true,"jetpack_social_post_already_shared":true,"jetpack_social_options":{"image_generator_settings":{"template":"highway","default_image_id":0,"font":"","enabled":false},"version":2},"_wpas_customize_per_network":false},"categories":[8],"tags":[8637,16175,424],"class_list":["post-113579","post","type-post","status-publish","format-standard","has-post-thumbnail","hentry","category-sociedad","tag-cassiani","tag-coronavirus","tag-ustarroz","generate-columns","tablet-grid-50","mobile-grid-100","grid-parent","grid-50"],"jetpack_publicize_connections":[],"jetpack_featured_media_url":"https:\/\/www.hoymercedes.com.ar\/principal\/wp-content\/uploads\/2020\/07\/PACIENTES.jpg","wps_subtitle":"Comunicaci\u00f3n Oficial ","jetpack_sharing_enabled":true,"_links":{"self":[{"href":"https:\/\/www.hoymercedes.com.ar\/principal\/wp-json\/wp\/v2\/posts\/113579","targetHints":{"allow":["GET"]}}],"collection":[{"href":"https:\/\/www.hoymercedes.com.ar\/principal\/wp-json\/wp\/v2\/posts"}],"about":[{"href":"https:\/\/www.hoymercedes.com.ar\/principal\/wp-json\/wp\/v2\/types\/post"}],"author":[{"embeddable":true,"href":"https:\/\/www.hoymercedes.com.ar\/principal\/wp-json\/wp\/v2\/users\/1"}],"replies":[{"embeddable":true,"href":"https:\/\/www.hoymercedes.com.ar\/principal\/wp-json\/wp\/v2\/comments?post=113579"}],"version-history":[{"count":0,"href":"https:\/\/www.hoymercedes.com.ar\/principal\/wp-json\/wp\/v2\/posts\/113579\/revisions"}],"wp:featuredmedia":[{"embeddable":true,"href":"https:\/\/www.hoymercedes.com.ar\/principal\/wp-json\/wp\/v2\/media\/113581"}],"wp:attachment":[{"href":"https:\/\/www.hoymercedes.com.ar\/principal\/wp-json\/wp\/v2\/media?parent=113579"}],"wp:term":[{"taxonomy":"category","embeddable":true,"href":"https:\/\/www.hoymercedes.com.ar\/principal\/wp-json\/wp\/v2\/categories?post=113579"},{"taxonomy":"post_tag","embeddable":true,"href":"https:\/\/www.hoymercedes.com.ar\/principal\/wp-json\/wp\/v2\/tags?post=113579"}],"curies":[{"name":"wp","href":"https:\/\/api.w.org\/{rel}","templated":true}]}}