{"id":113587,"date":"2020-07-14T20:06:57","date_gmt":"2020-07-14T23:06:57","guid":{"rendered":"http:\/\/www.hoymercedes.com.ar\/principal\/?p=113587"},"modified":"2020-07-14T21:38:59","modified_gmt":"2020-07-15T00:38:59","slug":"el-periodista-y-operador-de-radio-pablo-pauli-confirmo-ser-positivo-de-covid-19","status":"publish","type":"post","link":"https:\/\/www.hoymercedes.com.ar\/principal\/2020\/07\/14\/el-periodista-y-operador-de-radio-pablo-pauli-confirmo-ser-positivo-de-covid-19\/","title":{"rendered":"El periodista y operador de radio Pablo Pauli confirm\u00f3 ser positivo de covid-19"},"content":{"rendered":"\n<p>El Periodista, movilero, operador y productor de radio FM Universo, Pablo Pauli, confirm\u00f3 a los medios locales que fue positivo de covid-19. Solicit\u00f3 llevar tranquilidad a los oyentes del programa ya que se encuentra bien y con s\u00edntomas leves. D\u00edas atr\u00e1s, desde la redes del programa \u00abEncuentro\u00bb que conduce Oscar Pozzi hab\u00edan notificado que el equipo se encontraba en aislamiento y no transmitir\u00edan en vivo por unos d\u00edas. <\/p>\n\n\n\n<p>Durante la tarde del martes, Pauli recibi\u00f3 la notificaci\u00f3n oficial del resultado del hisopado realizado el viernes pasado. En di\u00e1logo con este medio, el periodista cont\u00f3 que tuvo algunos s\u00edntomas y que se encuentra aislado desde la semana pasada cuando dej\u00f3 se asistir a la radio donde otros de sus compa\u00f1eros tambi\u00e9n est\u00e1n aislados desde el momento que uno de los familiares de ellos empezaron con s\u00edntomas y dieron positivos. Asimismo pidi\u00f3 llevar tranquilidad y recordar que no \u00abnadie est\u00e1 excento de contagiarse del virus que preocupa al mundo. <\/p>\n","protected":false},"excerpt":{"rendered":"<p>El Periodista, movilero, operador y productor de radio FM Universo, Pablo Pauli, confirm\u00f3 a los medios locales que fue positivo &#8230; <a title=\"El periodista y operador de radio Pablo Pauli confirm\u00f3 ser positivo de covid-19\" class=\"read-more\" href=\"https:\/\/www.hoymercedes.com.ar\/principal\/2020\/07\/14\/el-periodista-y-operador-de-radio-pablo-pauli-confirmo-ser-positivo-de-covid-19\/\" aria-label=\"Leer m\u00e1s sobre El periodista y operador de radio Pablo Pauli confirm\u00f3 ser positivo de covid-19\">Leer m\u00e1s<\/a><\/p>\n","protected":false},"author":1,"featured_media":113590,"comment_status":"closed","ping_status":"open","sticky":false,"template":"","format":"standard","meta":{"_monsterinsights_skip_tracking":false,"_monsterinsights_sitenote_active":false,"_monsterinsights_sitenote_note":"","_monsterinsights_sitenote_category":0,"jetpack_post_was_ever_published":false,"_jetpack_newsletter_access":"","_jetpack_dont_email_post_to_subs":false,"_jetpack_newsletter_tier_id":0,"_jetpack_memberships_contains_paywalled_content":false,"_jetpack_memberships_contains_paid_content":false,"footnotes":"","jetpack_publicize_message":"","jetpack_publicize_feature_enabled":true,"jetpack_social_post_already_shared":true,"jetpack_social_options":{"image_generator_settings":{"template":"highway","default_image_id":0,"font":"","enabled":false},"version":2},"_wpas_customize_per_network":false},"categories":[8],"tags":[16428,16175,16313,14922,9219],"class_list":["post-113587","post","type-post","status-publish","format-standard","has-post-thumbnail","hentry","category-sociedad","tag-casos-positivos","tag-coronavirus","tag-covid-19","tag-medios-de-comunicacion","tag-radio","generate-columns","tablet-grid-50","mobile-grid-100","grid-parent","grid-50"],"jetpack_publicize_connections":[],"jetpack_featured_media_url":"https:\/\/www.hoymercedes.com.ar\/principal\/wp-content\/uploads\/2020\/07\/pauli.jpeg","wps_subtitle":"","jetpack_sharing_enabled":true,"_links":{"self":[{"href":"https:\/\/www.hoymercedes.com.ar\/principal\/wp-json\/wp\/v2\/posts\/113587","targetHints":{"allow":["GET"]}}],"collection":[{"href":"https:\/\/www.hoymercedes.com.ar\/principal\/wp-json\/wp\/v2\/posts"}],"about":[{"href":"https:\/\/www.hoymercedes.com.ar\/principal\/wp-json\/wp\/v2\/types\/post"}],"author":[{"embeddable":true,"href":"https:\/\/www.hoymercedes.com.ar\/principal\/wp-json\/wp\/v2\/users\/1"}],"replies":[{"embeddable":true,"href":"https:\/\/www.hoymercedes.com.ar\/principal\/wp-json\/wp\/v2\/comments?post=113587"}],"version-history":[{"count":0,"href":"https:\/\/www.hoymercedes.com.ar\/principal\/wp-json\/wp\/v2\/posts\/113587\/revisions"}],"wp:featuredmedia":[{"embeddable":true,"href":"https:\/\/www.hoymercedes.com.ar\/principal\/wp-json\/wp\/v2\/media\/113590"}],"wp:attachment":[{"href":"https:\/\/www.hoymercedes.com.ar\/principal\/wp-json\/wp\/v2\/media?parent=113587"}],"wp:term":[{"taxonomy":"category","embeddable":true,"href":"https:\/\/www.hoymercedes.com.ar\/principal\/wp-json\/wp\/v2\/categories?post=113587"},{"taxonomy":"post_tag","embeddable":true,"href":"https:\/\/www.hoymercedes.com.ar\/principal\/wp-json\/wp\/v2\/tags?post=113587"}],"curies":[{"name":"wp","href":"https:\/\/api.w.org\/{rel}","templated":true}]}}