{"id":113592,"date":"2020-07-14T18:24:00","date_gmt":"2020-07-14T21:24:00","guid":{"rendered":"http:\/\/www.hoymercedes.com.ar\/principal\/?p=113592"},"modified":"2020-07-14T21:42:30","modified_gmt":"2020-07-15T00:42:30","slug":"esclarecen-homicidio-en-marcos-paz","status":"publish","type":"post","link":"https:\/\/www.hoymercedes.com.ar\/principal\/2020\/07\/14\/esclarecen-homicidio-en-marcos-paz\/","title":{"rendered":"Esclarecen homicidio en Marcos Paz"},"content":{"rendered":"\n<p>En la jornada de este martes, en horas de la ma\u00f1ana, se llevaron a cabo seis allanamientos en las localidades de&nbsp;Hurlingham, Merlo y Mariano Acosta que fueron oportunamente solicitadas al Juzgado de Garant\u00edas interviniente junto con los pedidos de detenci\u00f3n de dos sujetos respecto de los cuales el Ministerio P\u00fablico Fiscal considera que existen sobrados elementos que los vinculan con el homicidio de un reconocido vecino \u2013empresario inmobiliario- de la localidad de Marcos Paz.&nbsp;<\/p>\n\n\n\n<p>Vale recordar que el d\u00eda 12 de julio de 2019, en horas de la ma\u00f1ana, un grupo de sujetos junto a una femenina ingresaron a una vivienda de la calle Sarmiento de la mencionada ciudad, y utilizando un dispositivo tipo ganz\u00faa hicieron palanca sobre la cerradura del port\u00f3n del garaje logrando ingresar al interior de la morada. Una vez abierto, no consiguieron ingresar al sector en que se hallaban las v\u00edctimas por encontrarse una puerta con pasadores. Fue entonces que aguardaron a que los moradores despertaran y sorprendieron a la primera de las v\u00edctimas cuando se dirig\u00eda al&nbsp;garage. Uno de ellos, encapuchado y con guantes, se abalanz\u00f3 la at\u00f3 de pies y manos con un alambre y le tap\u00f3 la boca con una prenda de vestir. M\u00e1s tarde comenz\u00f3 a exigirle la entrega de dinero.&nbsp;<\/p>\n\n\n\n<p>Luego, uno de los sujetos ingres\u00f3 por la segunda v\u00edctima a quien redujeron y amordazaron violentamente con una corbata y alambre en sus manos y pies. En todo momento los amenazaron y golpearon brutalmente. Alrededor de las 8:50 horas, los sujetos se retiraron de la vivienda en un veh\u00edculo marca Renault&nbsp;Fluence&nbsp;de color gris. Los autores del hecho lograron sustraer una gran suma de dinero, en pesos y d\u00f3lares, alhajas e indumentarias varias.&nbsp;<\/p>\n\n\n\n<p>Las v\u00edctimas fueron socorridas cerca del mediod\u00eda cuando un familiar se acerc\u00f3 a la vivienda. Lamentablemente, el morador de la vivienda falleci\u00f3 tras un paro card\u00edaco, debido a la obstrucci\u00f3n respiratoria y las m\u00faltiples lesiones recibidas.&nbsp;<\/p>\n\n\n\n<p>Durante todos estos meses desde la Unidad Funcional de Investigaciones Complejas \u2013 a cargo del doctor Sebasti\u00e1n Villalba en esta investigaci\u00f3n\u2013 se llev\u00f3 a cabo un arduo trabajo de investigaci\u00f3n con colaboraci\u00f3n de la divisi\u00f3n Homicidios de la Polic\u00eda Federal Argentina para poder determinar la autor\u00eda del hecho.&nbsp;<\/p>\n\n\n\n<p>Seg\u00fan entiende el fiscal, se trat\u00f3 de una operaci\u00f3n delictiva que cont\u00f3 con una fuerte inteligencia y planificaci\u00f3n previa donde los autores actuaron meticulosamente y que solo se logr\u00f3 detectar por un intenso y exhaustivo trabajo de an\u00e1lisis judicial de entrecruzamientos telef\u00f3nicos y posicionamientos de antenas de telefon\u00eda celular.&nbsp;<\/p>\n\n\n\n<p>A partir del material f\u00edlmico obtenido y que posibilit\u00f3 reconstruir parte del recorrido del veh\u00edculo Renault&nbsp;Fluence&nbsp;se tomaron algunos puntos estrat\u00e9gicos para el estudio telef\u00f3nico. Se solicitaron a las compa\u00f1\u00edas telef\u00f3nicas el informe de antenas que tomaron estos sectores y se efectuaron distintos \u201ccruces\u201d telef\u00f3nicos, y tras un an\u00e1lisis detallado se logr\u00f3 establecer la identidad de las personas respecto de las cuales se solicitaron las detenciones.&nbsp;<\/p>\n\n\n\n<p>Estas dos personas registran frondosos antecedentes penales entre los cuales han sido condenados por delitos contra la vida, la integridad f\u00edsica y la propiedad. De hecho,&nbsp;ambos se encuentran detenidos a disposici\u00f3n del Juzgado Correccional N\u00b0 1 de Mor\u00f3n tras ser aprehendidos alrededor de las 3.00 de la madrugada el pasado 12 de octubre de 2019 en momentos en que se encontraban en poder de armas de fuego, ganz\u00faas, cuchillos, chalecos antibalas, precintos, etc. a punto de ingresar en la vivienda de una anciana de 88 a\u00f1os en Merlo.&nbsp;&nbsp;&nbsp;&nbsp;<\/p>\n\n\n\n<p>El Juez de Garant\u00edas N\u00b0 1,&nbsp;dr.&nbsp;&nbsp;Marcelo Romero concedi\u00f3 los allanamientos y la detenci\u00f3n de uno de los sujetos pero no as\u00ed la del restante que ser\u00e1 apelada ante&nbsp;la&nbsp;C\u00e1mara de Apelaci\u00f3n y Garant\u00edas en lo Penal&nbsp;&nbsp;por el fiscal interviniente. Cabe mencionar que este sujeto cuya detenci\u00f3n fuera denegada purg\u00f3 una condena de 18 a\u00f1os por el delito de homicidio agravado criminas causa en grado de tentativa y recuper\u00f3 su libertad en el a\u00f1o 2018.&nbsp;&nbsp;<\/p>\n\n\n\n<p>En los allanamientos realizados en la jornada de este martes, con colaboraci\u00f3n de Polic\u00eda Federal Argentina,<strong>&nbsp;<\/strong>se lograron secuestrar:&nbsp;una constancia de&nbsp;la&nbsp;poliza&nbsp;de seguro de un Renault&nbsp;Fluence&nbsp;a nombre de uno de los imputados, una campera negra y un pantal\u00f3n con bolsillos&nbsp;de similares caracter\u00edsticas a los&nbsp;que se observaron en las filmaciones y que llevaba puestas uno de los autores al momento del hecho, precintos, esposas, elementos para abrir puertas, equipos telef\u00f3nicos (entre ellos el equipo celular utilizado por uno de los autores del hecho)&nbsp;y armas.&nbsp;<\/p>\n\n\n\n<p>La detenci\u00f3n concedida es para\u00a0un sujeto de 41 a\u00f1os con domicilio en\u00a0Hurlingham, quien\u00a0comparecer\u00e1 en la audiencia de declaraci\u00f3n en los t\u00e9rminos del art. 308 del C\u00f3digo Procesal Penal ante el agente fiscal en jornada a determinar una vez establecida la disposici\u00f3n conjunta con el Juzgado en lo Correccional N\u00b0 1 del Departamento Judicial Mor\u00f3n y se autorice el correspondiente traslado al Departamento Judicial de Mercedes.\u00a0<\/p>\n\n\n\n<p>Fuente: Ministerio P\u00fablico Fiscal &#8211; Depto Judicial Mercedes<\/p>\n","protected":false},"excerpt":{"rendered":"<p>En la jornada de este martes, en horas de la ma\u00f1ana, se llevaron a cabo seis allanamientos en las localidades &#8230; <a title=\"Esclarecen homicidio en Marcos Paz\" class=\"read-more\" href=\"https:\/\/www.hoymercedes.com.ar\/principal\/2020\/07\/14\/esclarecen-homicidio-en-marcos-paz\/\" aria-label=\"Leer m\u00e1s sobre Esclarecen homicidio en Marcos Paz\">Leer m\u00e1s<\/a><\/p>\n","protected":false},"author":1,"featured_media":99825,"comment_status":"closed","ping_status":"open","sticky":false,"template":"","format":"standard","meta":{"_monsterinsights_skip_tracking":false,"_monsterinsights_sitenote_active":false,"_monsterinsights_sitenote_note":"","_monsterinsights_sitenote_category":0,"jetpack_post_was_ever_published":false,"_jetpack_newsletter_access":"","_jetpack_dont_email_post_to_subs":false,"_jetpack_newsletter_tier_id":0,"_jetpack_memberships_contains_paywalled_content":false,"_jetpack_memberships_contains_paid_content":false,"footnotes":"","jetpack_publicize_message":"","jetpack_publicize_feature_enabled":true,"jetpack_social_post_already_shared":true,"jetpack_social_options":{"image_generator_settings":{"template":"highway","default_image_id":0,"font":"","enabled":false},"version":2},"_wpas_customize_per_network":false},"categories":[85],"tags":[2425,10581,10689,14998,96],"class_list":["post-113592","post","type-post","status-publish","format-standard","has-post-thumbnail","hentry","category-policial","tag-departamento-judicial-mercedes","tag-fiscalia","tag-marcos-paz","tag-ministerio-publico-fiscal","tag-policial-2","generate-columns","tablet-grid-50","mobile-grid-100","grid-parent","grid-50"],"jetpack_publicize_connections":[],"jetpack_featured_media_url":"https:\/\/www.hoymercedes.com.ar\/principal\/wp-content\/uploads\/2019\/09\/14-policial-lujan.jpg","wps_subtitle":"Regional","jetpack_sharing_enabled":true,"_links":{"self":[{"href":"https:\/\/www.hoymercedes.com.ar\/principal\/wp-json\/wp\/v2\/posts\/113592","targetHints":{"allow":["GET"]}}],"collection":[{"href":"https:\/\/www.hoymercedes.com.ar\/principal\/wp-json\/wp\/v2\/posts"}],"about":[{"href":"https:\/\/www.hoymercedes.com.ar\/principal\/wp-json\/wp\/v2\/types\/post"}],"author":[{"embeddable":true,"href":"https:\/\/www.hoymercedes.com.ar\/principal\/wp-json\/wp\/v2\/users\/1"}],"replies":[{"embeddable":true,"href":"https:\/\/www.hoymercedes.com.ar\/principal\/wp-json\/wp\/v2\/comments?post=113592"}],"version-history":[{"count":0,"href":"https:\/\/www.hoymercedes.com.ar\/principal\/wp-json\/wp\/v2\/posts\/113592\/revisions"}],"wp:featuredmedia":[{"embeddable":true,"href":"https:\/\/www.hoymercedes.com.ar\/principal\/wp-json\/wp\/v2\/media\/99825"}],"wp:attachment":[{"href":"https:\/\/www.hoymercedes.com.ar\/principal\/wp-json\/wp\/v2\/media?parent=113592"}],"wp:term":[{"taxonomy":"category","embeddable":true,"href":"https:\/\/www.hoymercedes.com.ar\/principal\/wp-json\/wp\/v2\/categories?post=113592"},{"taxonomy":"post_tag","embeddable":true,"href":"https:\/\/www.hoymercedes.com.ar\/principal\/wp-json\/wp\/v2\/tags?post=113592"}],"curies":[{"name":"wp","href":"https:\/\/api.w.org\/{rel}","templated":true}]}}