{"id":113596,"date":"2020-07-14T20:46:38","date_gmt":"2020-07-14T23:46:38","guid":{"rendered":"http:\/\/www.hoymercedes.com.ar\/principal\/?p=113596"},"modified":"2020-07-14T21:34:10","modified_gmt":"2020-07-15T00:34:10","slug":"intendente-mantuvo-teleconferencia-con-gobernador","status":"publish","type":"post","link":"https:\/\/www.hoymercedes.com.ar\/principal\/2020\/07\/14\/intendente-mantuvo-teleconferencia-con-gobernador\/","title":{"rendered":"Intendente mantuvo teleconferencia con Gobernador"},"content":{"rendered":"\n<p>El intendente Juan I. Ustarroz particip\u00f3 de un nueva mesa de trabajo v\u00eda teleconferencia con el gobernador Kicillof y el ministro de salud Goll\u00e1n junto a intendentes de distintos puntos de la provincia con el objetivo de seguir articulando medidas y acciones para el control y prevenci\u00f3n del covid-19.<\/p>\n\n\n\n<p>La reuni\u00f3n v\u00eda teleconferencia permiti\u00f3 exponer la realidad de la provincia y de cada distrito sobre m\u00faltiples temas de inter\u00e9s y, especialmente, las acciones sobre la pandemia que viene azotando al pa\u00eds y el mundo donde el incremento de casos se da en pr\u00e1cticamente todas las localidades de la provincia y, desde hace unos d\u00edas, en las provincias del interior del pa\u00eds.<\/p>\n","protected":false},"excerpt":{"rendered":"<p>El intendente Juan I. Ustarroz particip\u00f3 de un nueva mesa de trabajo v\u00eda teleconferencia con el gobernador Kicillof y el &#8230; <a title=\"Intendente mantuvo teleconferencia con Gobernador\" class=\"read-more\" href=\"https:\/\/www.hoymercedes.com.ar\/principal\/2020\/07\/14\/intendente-mantuvo-teleconferencia-con-gobernador\/\" aria-label=\"Leer m\u00e1s sobre Intendente mantuvo teleconferencia con Gobernador\">Leer m\u00e1s<\/a><\/p>\n","protected":false},"author":1,"featured_media":113597,"comment_status":"closed","ping_status":"open","sticky":false,"template":"","format":"standard","meta":{"_monsterinsights_skip_tracking":false,"_monsterinsights_sitenote_active":false,"_monsterinsights_sitenote_note":"","_monsterinsights_sitenote_category":0,"jetpack_post_was_ever_published":false,"_jetpack_newsletter_access":"","_jetpack_dont_email_post_to_subs":false,"_jetpack_newsletter_tier_id":0,"_jetpack_memberships_contains_paywalled_content":false,"_jetpack_memberships_contains_paid_content":false,"footnotes":"","jetpack_publicize_message":"","jetpack_publicize_feature_enabled":true,"jetpack_social_post_already_shared":true,"jetpack_social_options":{"image_generator_settings":{"template":"highway","default_image_id":0,"font":"","enabled":false},"version":2},"_wpas_customize_per_network":false},"categories":[30],"tags":[16383,244,134,16833],"class_list":["post-113596","post","type-post","status-publish","format-standard","has-post-thumbnail","hentry","category-municipio","tag-gobernador","tag-municipio-2","tag-salud","tag-teleconferencia","generate-columns","tablet-grid-50","mobile-grid-100","grid-parent","grid-50"],"jetpack_publicize_connections":[],"jetpack_featured_media_url":"https:\/\/www.hoymercedes.com.ar\/principal\/wp-content\/uploads\/2020\/07\/WhatsApp-Image-2020-07-14-at-20.27.23.jpeg","wps_subtitle":"Tambi\u00e9n con el Ministro de Salud","jetpack_sharing_enabled":true,"_links":{"self":[{"href":"https:\/\/www.hoymercedes.com.ar\/principal\/wp-json\/wp\/v2\/posts\/113596","targetHints":{"allow":["GET"]}}],"collection":[{"href":"https:\/\/www.hoymercedes.com.ar\/principal\/wp-json\/wp\/v2\/posts"}],"about":[{"href":"https:\/\/www.hoymercedes.com.ar\/principal\/wp-json\/wp\/v2\/types\/post"}],"author":[{"embeddable":true,"href":"https:\/\/www.hoymercedes.com.ar\/principal\/wp-json\/wp\/v2\/users\/1"}],"replies":[{"embeddable":true,"href":"https:\/\/www.hoymercedes.com.ar\/principal\/wp-json\/wp\/v2\/comments?post=113596"}],"version-history":[{"count":0,"href":"https:\/\/www.hoymercedes.com.ar\/principal\/wp-json\/wp\/v2\/posts\/113596\/revisions"}],"wp:featuredmedia":[{"embeddable":true,"href":"https:\/\/www.hoymercedes.com.ar\/principal\/wp-json\/wp\/v2\/media\/113597"}],"wp:attachment":[{"href":"https:\/\/www.hoymercedes.com.ar\/principal\/wp-json\/wp\/v2\/media?parent=113596"}],"wp:term":[{"taxonomy":"category","embeddable":true,"href":"https:\/\/www.hoymercedes.com.ar\/principal\/wp-json\/wp\/v2\/categories?post=113596"},{"taxonomy":"post_tag","embeddable":true,"href":"https:\/\/www.hoymercedes.com.ar\/principal\/wp-json\/wp\/v2\/tags?post=113596"}],"curies":[{"name":"wp","href":"https:\/\/api.w.org\/{rel}","templated":true}]}}