{"id":113618,"date":"2020-07-15T07:47:00","date_gmt":"2020-07-15T10:47:00","guid":{"rendered":"http:\/\/www.hoymercedes.com.ar\/principal\/?p=113618"},"modified":"2020-07-15T21:32:56","modified_gmt":"2020-07-16T00:32:56","slug":"avanza-el-plan-de-bacheo-en-las-calles-de-la-ciudad","status":"publish","type":"post","link":"https:\/\/www.hoymercedes.com.ar\/principal\/2020\/07\/15\/avanza-el-plan-de-bacheo-en-las-calles-de-la-ciudad\/","title":{"rendered":"Avanza el plan de bacheo en las calles de la ciudad"},"content":{"rendered":"\n<p>El Municipio de Mercedes contin\u00faa con el cronograma del plan integral de bacheo y recuperaci\u00f3n de pavimento. En esta oportunidad la maquinaria municipal se encuentra apostada en calle 47, entre 34 y 36.<\/p>\n\n\n\n<div class=\"wp-block-image\"><figure class=\"aligncenter size-large\"><img loading=\"lazy\" decoding=\"async\" width=\"836\" height=\"615\" data-attachment-id=\"113624\" data-permalink=\"https:\/\/www.hoymercedes.com.ar\/principal\/2020\/07\/15\/avanza-el-plan-de-bacheo-en-las-calles-de-la-ciudad\/15-bacheo\/#main\" data-orig-file=\"https:\/\/www.hoymercedes.com.ar\/principal\/wp-content\/uploads\/2020\/07\/15-bacheo.jpg\" data-orig-size=\"836,615\" data-comments-opened=\"0\" data-image-meta=\"{&quot;aperture&quot;:&quot;0&quot;,&quot;credit&quot;:&quot;&quot;,&quot;camera&quot;:&quot;&quot;,&quot;caption&quot;:&quot;&quot;,&quot;created_timestamp&quot;:&quot;0&quot;,&quot;copyright&quot;:&quot;&quot;,&quot;focal_length&quot;:&quot;0&quot;,&quot;iso&quot;:&quot;0&quot;,&quot;shutter_speed&quot;:&quot;0&quot;,&quot;title&quot;:&quot;&quot;,&quot;orientation&quot;:&quot;0&quot;}\" data-image-title=\"15 bacheo\" data-image-description=\"\" data-image-caption=\"\" data-large-file=\"https:\/\/www.hoymercedes.com.ar\/principal\/wp-content\/uploads\/2020\/07\/15-bacheo.jpg\" src=\"https:\/\/www.hoymercedes.com.ar\/principal\/wp-content\/uploads\/2020\/07\/15-bacheo.jpg\" alt=\"\" class=\"wp-image-113624\"\/><\/figure><\/div>\n\n\n\n<p>Se trata de obras profundas e integrales de hormig\u00f3n para tener arreglos de calidad, duraderos y con materiales resistentes. Estas tareas son efectuadas por personal municipal y solventadas con fondos municipales.<\/p>\n\n\n\n<p>\u201cEn primera instancia realizamos un diagn\u00f3stico sobre las calles m\u00e1s da\u00f1adas, luego la preparaci\u00f3n del suelo rompiendo en su totalidad el antiguo hormig\u00f3n y compactando el terreno a los efectos de obtener mejores resultados en el nuevo pavimento\u201d informaron desde el \u00e1rea de obras p\u00fablicas.&nbsp;<\/p>\n\n\n\n<p>Desde la comuna se plantea, adem\u00e1s, la necesidad de que los vecinos circulen con precauci\u00f3n por las zonas donde se est\u00e1n llevando adelante los trabajos, como as\u00ed tambi\u00e9n, una vez ejecutadas las obras, hagan uso y cuidado responsable de las calles.<\/p>\n\n\n\n<p>Fuente: Pernsa Municipal<\/p>\n","protected":false},"excerpt":{"rendered":"<p>El Municipio de Mercedes contin\u00faa con el cronograma del plan integral de bacheo y recuperaci\u00f3n de pavimento. En esta oportunidad &#8230; <a title=\"Avanza el plan de bacheo en las calles de la ciudad\" class=\"read-more\" href=\"https:\/\/www.hoymercedes.com.ar\/principal\/2020\/07\/15\/avanza-el-plan-de-bacheo-en-las-calles-de-la-ciudad\/\" aria-label=\"Leer m\u00e1s sobre Avanza el plan de bacheo en las calles de la ciudad\">Leer m\u00e1s<\/a><\/p>\n","protected":false},"author":1,"featured_media":113624,"comment_status":"closed","ping_status":"open","sticky":false,"template":"","format":"standard","meta":{"_monsterinsights_skip_tracking":false,"_monsterinsights_sitenote_active":false,"_monsterinsights_sitenote_note":"","_monsterinsights_sitenote_category":0,"jetpack_post_was_ever_published":false,"_jetpack_newsletter_access":"","_jetpack_dont_email_post_to_subs":false,"_jetpack_newsletter_tier_id":0,"_jetpack_memberships_contains_paywalled_content":false,"_jetpack_memberships_contains_paid_content":false,"footnotes":"","jetpack_publicize_message":"","jetpack_publicize_feature_enabled":true,"jetpack_social_post_already_shared":true,"jetpack_social_options":{"image_generator_settings":{"template":"highway","default_image_id":0,"font":"","enabled":false},"version":2},"_wpas_customize_per_network":false},"categories":[30],"tags":[244,15004],"class_list":["post-113618","post","type-post","status-publish","format-standard","has-post-thumbnail","hentry","category-municipio","tag-municipio-2","tag-plan-de-bacheo","generate-columns","tablet-grid-50","mobile-grid-100","grid-parent","grid-50"],"jetpack_publicize_connections":[],"jetpack_featured_media_url":"https:\/\/www.hoymercedes.com.ar\/principal\/wp-content\/uploads\/2020\/07\/15-bacheo.jpg","wps_subtitle":"","jetpack_sharing_enabled":true,"_links":{"self":[{"href":"https:\/\/www.hoymercedes.com.ar\/principal\/wp-json\/wp\/v2\/posts\/113618","targetHints":{"allow":["GET"]}}],"collection":[{"href":"https:\/\/www.hoymercedes.com.ar\/principal\/wp-json\/wp\/v2\/posts"}],"about":[{"href":"https:\/\/www.hoymercedes.com.ar\/principal\/wp-json\/wp\/v2\/types\/post"}],"author":[{"embeddable":true,"href":"https:\/\/www.hoymercedes.com.ar\/principal\/wp-json\/wp\/v2\/users\/1"}],"replies":[{"embeddable":true,"href":"https:\/\/www.hoymercedes.com.ar\/principal\/wp-json\/wp\/v2\/comments?post=113618"}],"version-history":[{"count":0,"href":"https:\/\/www.hoymercedes.com.ar\/principal\/wp-json\/wp\/v2\/posts\/113618\/revisions"}],"wp:featuredmedia":[{"embeddable":true,"href":"https:\/\/www.hoymercedes.com.ar\/principal\/wp-json\/wp\/v2\/media\/113624"}],"wp:attachment":[{"href":"https:\/\/www.hoymercedes.com.ar\/principal\/wp-json\/wp\/v2\/media?parent=113618"}],"wp:term":[{"taxonomy":"category","embeddable":true,"href":"https:\/\/www.hoymercedes.com.ar\/principal\/wp-json\/wp\/v2\/categories?post=113618"},{"taxonomy":"post_tag","embeddable":true,"href":"https:\/\/www.hoymercedes.com.ar\/principal\/wp-json\/wp\/v2\/tags?post=113618"}],"curies":[{"name":"wp","href":"https:\/\/api.w.org\/{rel}","templated":true}]}}