{"id":113626,"date":"2020-07-15T12:51:48","date_gmt":"2020-07-15T15:51:48","guid":{"rendered":"http:\/\/www.hoymercedes.com.ar\/principal\/?p=113626"},"modified":"2020-07-15T21:30:31","modified_gmt":"2020-07-16T00:30:31","slug":"taller-despertares-ofrece-talleres-gratuitos-durante-la-pandemia","status":"publish","type":"post","link":"https:\/\/www.hoymercedes.com.ar\/principal\/2020\/07\/15\/taller-despertares-ofrece-talleres-gratuitos-durante-la-pandemia\/","title":{"rendered":"Taller Despertares: ofrece talleres gratuitos durante la pandemia"},"content":{"rendered":"\n<p><strong><em>Para ni\u00f1os de 6 a 13 a\u00f1os por videollamadas grupales. El taller funciona hace m\u00e1s de 15 a\u00f1os en Mercedes. Se encuentran abiertas las inscripciones.<\/em><\/strong><\/p>\n\n\n\n<figure class=\"wp-block-image size-large\"><img loading=\"lazy\" decoding=\"async\" width=\"800\" height=\"450\" data-attachment-id=\"113627\" data-permalink=\"https:\/\/www.hoymercedes.com.ar\/principal\/2020\/07\/15\/taller-despertares-ofrece-talleres-gratuitos-durante-la-pandemia\/15-despertares\/#main\" data-orig-file=\"https:\/\/www.hoymercedes.com.ar\/principal\/wp-content\/uploads\/2020\/07\/15-despertares.jpeg\" data-orig-size=\"800,450\" data-comments-opened=\"0\" data-image-meta=\"{&quot;aperture&quot;:&quot;0&quot;,&quot;credit&quot;:&quot;&quot;,&quot;camera&quot;:&quot;&quot;,&quot;caption&quot;:&quot;&quot;,&quot;created_timestamp&quot;:&quot;0&quot;,&quot;copyright&quot;:&quot;&quot;,&quot;focal_length&quot;:&quot;0&quot;,&quot;iso&quot;:&quot;0&quot;,&quot;shutter_speed&quot;:&quot;0&quot;,&quot;title&quot;:&quot;&quot;,&quot;orientation&quot;:&quot;0&quot;}\" data-image-title=\"15 despertares\" data-image-description=\"\" data-image-caption=\"\" data-large-file=\"https:\/\/www.hoymercedes.com.ar\/principal\/wp-content\/uploads\/2020\/07\/15-despertares.jpeg\" src=\"https:\/\/www.hoymercedes.com.ar\/principal\/wp-content\/uploads\/2020\/07\/15-despertares.jpeg\" alt=\"\" class=\"wp-image-113627\"\/><\/figure>\n\n\n\n<p>Desde el mes de junio Taller Despertares ofrece diferentes talleres gratuitos, baj\u00f3 la plataforma Zoom para los ni\u00f1os de 6 a 13 a\u00f1os. Destacando desde el espacio que los cupos son limitados.<\/p>\n\n\n\n<p>Es amplio el abanico de propuestas culturales que ofrece la compa\u00f1\u00eda: canto, m\u00fasica, clown, malabares, expresi\u00f3n corporal y cuento. Los talleres se dictan entre lunes y viernes desde las 17 a las 19 hs.<\/p>\n\n\n\n<p>El director de la propuesta, profesor de m\u00fasica con formaci\u00f3n en pedag\u00f3gica Waldorf, Pablo Chacar indic\u00f3, que \u201ces una decisi\u00f3n que tomamos durante la pandemia, ya que priorizamos mantener el contacto con los ni\u00f1os, entendiendo las dificultades que nos encontramos atravesando todos\u201d.<\/p>\n\n\n\n<p>El Taller Despertares funciona desde hace 15 a\u00f1os, es un espacio pensado para el desarrollo de ni\u00f1os entre los 5\/6 y los 13 a\u00f1os, mediante el cual se utiliza una mirada art\u00edstica\/pedag\u00f3gica, que parte desde la observaci\u00f3n conjunta de los profesores y desde all\u00ed las propuestas de clase. Los ni\u00f1os se dividen en grupos seg\u00fan su edad y\/o requerimientos pedag\u00f3gicos, indican los miembros de la propuesta.<\/p>\n\n\n\n<p>Cabe destacar que si bien est\u00e1 iniciativa es virtual, el Taller Despertares tiene lugar en las instalaciones de 14 N\u00b0280 e\/ 11 y 13.\u00a0 Las consultas y\/o inscripciones se pueden realizar al siguiente email:\u00a0<a rel=\"noreferrer noopener\" target=\"_blank\" href=\"mailto:tdespertares@gmail.com\">tdespertares@gmail.com<\/a>\u00a0o por Facebook: p\u00e1gina:tallerdespertares e Instagram: Taller Despertares Mercedes.<\/p>\n\n\n\n<p>Fuente: Prensa Despertares<\/p>\n","protected":false},"excerpt":{"rendered":"<p>Para ni\u00f1os de 6 a 13 a\u00f1os por videollamadas grupales. El taller funciona hace m\u00e1s de 15 a\u00f1os en Mercedes. &#8230; <a title=\"Taller Despertares: ofrece talleres gratuitos durante la pandemia\" class=\"read-more\" href=\"https:\/\/www.hoymercedes.com.ar\/principal\/2020\/07\/15\/taller-despertares-ofrece-talleres-gratuitos-durante-la-pandemia\/\" aria-label=\"Leer m\u00e1s sobre Taller Despertares: ofrece talleres gratuitos durante la pandemia\">Leer m\u00e1s<\/a><\/p>\n","protected":false},"author":1,"featured_media":113627,"comment_status":"closed","ping_status":"open","sticky":false,"template":"","format":"standard","meta":{"_monsterinsights_skip_tracking":false,"_monsterinsights_sitenote_active":false,"_monsterinsights_sitenote_note":"","_monsterinsights_sitenote_category":0,"jetpack_post_was_ever_published":false,"_jetpack_newsletter_access":"","_jetpack_dont_email_post_to_subs":false,"_jetpack_newsletter_tier_id":0,"_jetpack_memberships_contains_paywalled_content":false,"_jetpack_memberships_contains_paid_content":false,"footnotes":"","jetpack_publicize_message":"","jetpack_publicize_feature_enabled":true,"jetpack_social_post_already_shared":true,"jetpack_social_options":{"image_generator_settings":{"template":"highway","default_image_id":0,"font":"","enabled":false},"version":2},"_wpas_customize_per_network":false},"categories":[104],"tags":[7805,47,10030],"class_list":["post-113626","post","type-post","status-publish","format-standard","has-post-thumbnail","hentry","category-cultura","tag-cultura","tag-educacion-2","tag-talleres","generate-columns","tablet-grid-50","mobile-grid-100","grid-parent","grid-50"],"jetpack_publicize_connections":[],"jetpack_featured_media_url":"https:\/\/www.hoymercedes.com.ar\/principal\/wp-content\/uploads\/2020\/07\/15-despertares.jpeg","wps_subtitle":"","jetpack_sharing_enabled":true,"_links":{"self":[{"href":"https:\/\/www.hoymercedes.com.ar\/principal\/wp-json\/wp\/v2\/posts\/113626","targetHints":{"allow":["GET"]}}],"collection":[{"href":"https:\/\/www.hoymercedes.com.ar\/principal\/wp-json\/wp\/v2\/posts"}],"about":[{"href":"https:\/\/www.hoymercedes.com.ar\/principal\/wp-json\/wp\/v2\/types\/post"}],"author":[{"embeddable":true,"href":"https:\/\/www.hoymercedes.com.ar\/principal\/wp-json\/wp\/v2\/users\/1"}],"replies":[{"embeddable":true,"href":"https:\/\/www.hoymercedes.com.ar\/principal\/wp-json\/wp\/v2\/comments?post=113626"}],"version-history":[{"count":0,"href":"https:\/\/www.hoymercedes.com.ar\/principal\/wp-json\/wp\/v2\/posts\/113626\/revisions"}],"wp:featuredmedia":[{"embeddable":true,"href":"https:\/\/www.hoymercedes.com.ar\/principal\/wp-json\/wp\/v2\/media\/113627"}],"wp:attachment":[{"href":"https:\/\/www.hoymercedes.com.ar\/principal\/wp-json\/wp\/v2\/media?parent=113626"}],"wp:term":[{"taxonomy":"category","embeddable":true,"href":"https:\/\/www.hoymercedes.com.ar\/principal\/wp-json\/wp\/v2\/categories?post=113626"},{"taxonomy":"post_tag","embeddable":true,"href":"https:\/\/www.hoymercedes.com.ar\/principal\/wp-json\/wp\/v2\/tags?post=113626"}],"curies":[{"name":"wp","href":"https:\/\/api.w.org\/{rel}","templated":true}]}}