{"id":113629,"date":"2020-07-15T11:53:00","date_gmt":"2020-07-15T14:53:00","guid":{"rendered":"http:\/\/www.hoymercedes.com.ar\/principal\/?p=113629"},"modified":"2020-07-15T21:30:54","modified_gmt":"2020-07-16T00:30:54","slug":"suipacha-hombre-pierde-la-vida-al-caerle-un-arbol-encima","status":"publish","type":"post","link":"https:\/\/www.hoymercedes.com.ar\/principal\/2020\/07\/15\/suipacha-hombre-pierde-la-vida-al-caerle-un-arbol-encima\/","title":{"rendered":"Suipacha: Hombre pierde la vida al caerle un \u00e1rbol encima"},"content":{"rendered":"\n<p>Alrededor de las dos de la tarde del martes en la zona rural de la localidad de Suipacha, se produjo un lamentable accidente donde perdi\u00f3 la vida una persona, al ser aplastado por un \u00e1rbol que se hallaba cortando.<\/p>\n\n\n\n<div class=\"wp-block-image\"><figure class=\"aligncenter size-large\"><img loading=\"lazy\" decoding=\"async\" width=\"960\" height=\"405\" data-attachment-id=\"113631\" data-permalink=\"https:\/\/www.hoymercedes.com.ar\/principal\/2020\/07\/15\/suipacha-hombre-pierde-la-vida-al-caerle-un-arbol-encima\/15-arbol-suipacha-2\/#main\" data-orig-file=\"https:\/\/www.hoymercedes.com.ar\/principal\/wp-content\/uploads\/2020\/07\/15-arbol-suipacha-2.jpg\" data-orig-size=\"960,405\" data-comments-opened=\"0\" data-image-meta=\"{&quot;aperture&quot;:&quot;0&quot;,&quot;credit&quot;:&quot;&quot;,&quot;camera&quot;:&quot;&quot;,&quot;caption&quot;:&quot;&quot;,&quot;created_timestamp&quot;:&quot;0&quot;,&quot;copyright&quot;:&quot;&quot;,&quot;focal_length&quot;:&quot;0&quot;,&quot;iso&quot;:&quot;0&quot;,&quot;shutter_speed&quot;:&quot;0&quot;,&quot;title&quot;:&quot;&quot;,&quot;orientation&quot;:&quot;0&quot;}\" data-image-title=\"15 arbol suipacha 2\" data-image-description=\"\" data-image-caption=\"\" data-large-file=\"https:\/\/www.hoymercedes.com.ar\/principal\/wp-content\/uploads\/2020\/07\/15-arbol-suipacha-2.jpg\" src=\"https:\/\/www.hoymercedes.com.ar\/principal\/wp-content\/uploads\/2020\/07\/15-arbol-suipacha-2.jpg\" alt=\"\" class=\"wp-image-113631\"\/><\/figure><\/div>\n\n\n\n<p>El lamentable suceso ocurri\u00f3 en el cuartel XIII, a unos 5 kil\u00f3metros del casco urbano de Suipacha, sobre el camino real de tierra cuya traza se ubica paralela a las v\u00edas del ferrocarril Sarmiento y une la ciudad de Suipacha con la localidad de Gorostiaga, partido de Chivilcoy.<\/p>\n\n\n\n<p>El accidente ocurri\u00f3 cuando tres personas se hallaban cortando con una motosierra un \u00e1rbol, ubicado a la vera del camino, para hacer le\u00f1a, cuando imprevistamente el mismo cae pesadamente sobre una de las personas, provoc\u00e1ndole la muerte., de inmediato los dos acompa\u00f1antes intentan auxiliarlo, sin \u00e9xito, por lo que salen en busca de auxilio.<\/p>\n\n\n\n<p>En el suceso lamentablemente fallece Ricardo Alfredo Mosquera, de 59 a\u00f1os, quien se hab\u00eda dirigido hacia el lugar a bordo de un cami\u00f3n Ford , color rojo dominio TNH 206 , con caja volcadora , con la finalidad de cortar le\u00f1a , acompa\u00f1ado por Ricardo Telleria de 35 a\u00f1os y Rub\u00e9n Andr\u00e9s Alvarado de 46 a\u00f1os, todos domiciliados en Suipacha.<\/p>\n\n\n\n<p>Intervino personal del Comando de Prevenci\u00f3n Rural y Bomberos Voluntarios de Suipacha.<\/p>\n\n\n\n<p>Colaboraci\u00f3n: Jorge Lasala de Suipacha<\/p>\n\n\n\n<div class=\"wp-block-image\"><figure class=\"aligncenter size-large\"><img loading=\"lazy\" decoding=\"async\" width=\"960\" height=\"443\" data-attachment-id=\"113630\" data-permalink=\"https:\/\/www.hoymercedes.com.ar\/principal\/2020\/07\/15\/suipacha-hombre-pierde-la-vida-al-caerle-un-arbol-encima\/15-arbol-suipacha-1\/#main\" data-orig-file=\"https:\/\/www.hoymercedes.com.ar\/principal\/wp-content\/uploads\/2020\/07\/15-arbol-suipacha-1.jpg\" data-orig-size=\"960,443\" data-comments-opened=\"0\" data-image-meta=\"{&quot;aperture&quot;:&quot;0&quot;,&quot;credit&quot;:&quot;&quot;,&quot;camera&quot;:&quot;&quot;,&quot;caption&quot;:&quot;&quot;,&quot;created_timestamp&quot;:&quot;0&quot;,&quot;copyright&quot;:&quot;&quot;,&quot;focal_length&quot;:&quot;0&quot;,&quot;iso&quot;:&quot;0&quot;,&quot;shutter_speed&quot;:&quot;0&quot;,&quot;title&quot;:&quot;&quot;,&quot;orientation&quot;:&quot;0&quot;}\" data-image-title=\"15 arbol suipacha 1\" data-image-description=\"\" data-image-caption=\"\" data-large-file=\"https:\/\/www.hoymercedes.com.ar\/principal\/wp-content\/uploads\/2020\/07\/15-arbol-suipacha-1.jpg\" src=\"https:\/\/www.hoymercedes.com.ar\/principal\/wp-content\/uploads\/2020\/07\/15-arbol-suipacha-1.jpg\" alt=\"\" class=\"wp-image-113630\"\/><\/figure><\/div>\n","protected":false},"excerpt":{"rendered":"<p>Alrededor de las dos de la tarde del martes en la zona rural de la localidad de Suipacha, se produjo &#8230; <a title=\"Suipacha: Hombre pierde la vida al caerle un \u00e1rbol encima\" class=\"read-more\" href=\"https:\/\/www.hoymercedes.com.ar\/principal\/2020\/07\/15\/suipacha-hombre-pierde-la-vida-al-caerle-un-arbol-encima\/\" aria-label=\"Leer m\u00e1s sobre Suipacha: Hombre pierde la vida al caerle un \u00e1rbol encima\">Leer m\u00e1s<\/a><\/p>\n","protected":false},"author":1,"featured_media":113630,"comment_status":"closed","ping_status":"open","sticky":false,"template":"","format":"standard","meta":{"_monsterinsights_skip_tracking":false,"_monsterinsights_sitenote_active":false,"_monsterinsights_sitenote_note":"","_monsterinsights_sitenote_category":0,"jetpack_post_was_ever_published":false,"_jetpack_newsletter_access":"","_jetpack_dont_email_post_to_subs":false,"_jetpack_newsletter_tier_id":0,"_jetpack_memberships_contains_paywalled_content":false,"_jetpack_memberships_contains_paid_content":false,"footnotes":"","jetpack_publicize_message":"","jetpack_publicize_feature_enabled":true,"jetpack_social_post_already_shared":true,"jetpack_social_options":{"image_generator_settings":{"template":"highway","default_image_id":0,"font":"","enabled":false},"version":2},"_wpas_customize_per_network":false},"categories":[5501],"tags":[832,96,9322,559],"class_list":["post-113629","post","type-post","status-publish","format-standard","has-post-thumbnail","hentry","category-region","tag-accidente","tag-policial-2","tag-region","tag-suipacha","generate-columns","tablet-grid-50","mobile-grid-100","grid-parent","grid-50"],"jetpack_publicize_connections":[],"jetpack_featured_media_url":"https:\/\/www.hoymercedes.com.ar\/principal\/wp-content\/uploads\/2020\/07\/15-arbol-suipacha-1.jpg","wps_subtitle":"Lamentable","jetpack_sharing_enabled":true,"_links":{"self":[{"href":"https:\/\/www.hoymercedes.com.ar\/principal\/wp-json\/wp\/v2\/posts\/113629","targetHints":{"allow":["GET"]}}],"collection":[{"href":"https:\/\/www.hoymercedes.com.ar\/principal\/wp-json\/wp\/v2\/posts"}],"about":[{"href":"https:\/\/www.hoymercedes.com.ar\/principal\/wp-json\/wp\/v2\/types\/post"}],"author":[{"embeddable":true,"href":"https:\/\/www.hoymercedes.com.ar\/principal\/wp-json\/wp\/v2\/users\/1"}],"replies":[{"embeddable":true,"href":"https:\/\/www.hoymercedes.com.ar\/principal\/wp-json\/wp\/v2\/comments?post=113629"}],"version-history":[{"count":0,"href":"https:\/\/www.hoymercedes.com.ar\/principal\/wp-json\/wp\/v2\/posts\/113629\/revisions"}],"wp:featuredmedia":[{"embeddable":true,"href":"https:\/\/www.hoymercedes.com.ar\/principal\/wp-json\/wp\/v2\/media\/113630"}],"wp:attachment":[{"href":"https:\/\/www.hoymercedes.com.ar\/principal\/wp-json\/wp\/v2\/media?parent=113629"}],"wp:term":[{"taxonomy":"category","embeddable":true,"href":"https:\/\/www.hoymercedes.com.ar\/principal\/wp-json\/wp\/v2\/categories?post=113629"},{"taxonomy":"post_tag","embeddable":true,"href":"https:\/\/www.hoymercedes.com.ar\/principal\/wp-json\/wp\/v2\/tags?post=113629"}],"curies":[{"name":"wp","href":"https:\/\/api.w.org\/{rel}","templated":true}]}}