{"id":11363,"date":"2012-03-08T11:37:30","date_gmt":"2012-03-08T11:37:30","guid":{"rendered":"http:\/\/www.hoymercedes.com.ar\/principal\/?p=11363"},"modified":"2012-03-08T11:37:30","modified_gmt":"2012-03-08T11:37:30","slug":"pintaron-parte-externa-del-jardin-de-infantes-de-29-entre-12-y-14","status":"publish","type":"post","link":"https:\/\/www.hoymercedes.com.ar\/principal\/2012\/03\/08\/pintaron-parte-externa-del-jardin-de-infantes-de-29-entre-12-y-14\/","title":{"rendered":"Pintaron parte externa del Jardin de Infantes de 29 entre 12 y 14"},"content":{"rendered":"<p style=\"text-align: center;\"><a href=\"https:\/\/www.hoymercedes.com.ar\/principal\/wp-content\/uploads\/2012\/03\/Jardin906-2012.jpg\"><img loading=\"lazy\" decoding=\"async\" data-attachment-id=\"11365\" data-permalink=\"https:\/\/www.hoymercedes.com.ar\/principal\/2012\/03\/08\/pintaron-parte-externa-del-jardin-de-infantes-de-29-entre-12-y-14\/jardin906-2012\/#main\" data-orig-file=\"https:\/\/www.hoymercedes.com.ar\/principal\/wp-content\/uploads\/2012\/03\/Jardin906-2012.jpg\" data-orig-size=\"720,480\" data-comments-opened=\"1\" data-image-meta=\"{&quot;aperture&quot;:&quot;0&quot;,&quot;credit&quot;:&quot;&quot;,&quot;camera&quot;:&quot;&quot;,&quot;caption&quot;:&quot;&quot;,&quot;created_timestamp&quot;:&quot;0&quot;,&quot;copyright&quot;:&quot;&quot;,&quot;focal_length&quot;:&quot;0&quot;,&quot;iso&quot;:&quot;0&quot;,&quot;shutter_speed&quot;:&quot;0&quot;,&quot;title&quot;:&quot;&quot;}\" data-image-title=\"Jardin906-2012\" data-image-description=\"\" data-image-caption=\"\" data-large-file=\"https:\/\/www.hoymercedes.com.ar\/principal\/wp-content\/uploads\/2012\/03\/Jardin906-2012.jpg\" class=\"aligncenter  wp-image-11365\" title=\"Jardin906-2012\" src=\"https:\/\/www.hoymercedes.com.ar\/principal\/wp-content\/uploads\/2012\/03\/Jardin906-2012.jpg\" alt=\"\" width=\"612\" height=\"440\" \/><\/a><\/p>\n<p>Desde hace algunos d\u00edas se puede observar cuan prolijo ha quedado el frente del Jard\u00edn de Infantes ubicado en la Avenida 29 entre 12 y 14, producto de un buen trabajo realizado por un grupo de militantes de la Agrupaci\u00f3n Justicialista 17 de Octubre.<\/p>\n<p>Sobre la tarea realizada, Sabrina Selva coment\u00f3 a HOYMERCEDES.COM.AR:<\/p>\n<p><em>El tema de las pintadas es un eje de trabajo que nos propusimos durante la campa\u00f1a y que decidimos continuar porque realmente dio buenos resultados, muchas instituciones que pintamos porque siempre eran blanco de grafitis o destrozos, hoy est\u00e1n coloridas y cuidadas. Tratamos de instaurar de que se puede hacer pol\u00edtica de otra forma, fomentando valores, y quisimos plasmarlos en estos tipos de trabajos.<\/em><\/p>\n<p><em>Arrancamos el a\u00f1o pintando la Plaza Virgen del Rosario, y a ra\u00edz de ellos, con el comienzo de clases, muchas instituciones se acercaron al Consejo Escolar, y por medio de la consejera, Magui Oliva, fuimos armando un cronograma para ir tratando de abastecer todos los pedidos.<\/em><\/p>\n<p><em>Hace dos fines de semana pintamos el Jard\u00edn de Goldney y subimos las fotos a este medio, y a trav\u00e9s de ellas, la directora del Jard\u00edn 906 se puso en contacto con nosotros y nos pidi\u00f3 si no pod\u00edamos pintar su jard\u00edn. A lo que accedimos, y sinceramente quedamos muy satisfechos porque el jard\u00edn qued\u00f3 hermoso! y personalmente me parece valios\u00edsimo el esfuerzo de muchos j\u00f3venes que se acercaron a participar justamente porque vieron esto que te dec\u00eda, el fomento de los valores, el hacer pol\u00edtica de otra manera.<\/em><\/p>\n<p><em>Pr\u00f3ximamente creo que estaremos pintando el Jard\u00edn Maternal N\u00b0 1.<\/em><\/p>\n<p><em>Creo que est\u00e1 bueno aclarar que la pintura que usamos surge de un fondo propio de la Juventud, m\u00e1s all\u00e1 de que las pintadas las hagamos en nombre y en apoyo a esta gesti\u00f3n de gobierno, creo que no est\u00e1 de m\u00e1s aclarar que las pintadas no son institucionales, forman parte de un eje de trabajo que nos propusimos con la Juventud Peronista de la Agrupaci\u00f3n 17 de Octubre\u00bb.<\/em><\/p>\n","protected":false},"excerpt":{"rendered":"<p>Desde hace algunos d\u00edas se puede observar cuan prolijo ha quedado el frente del Jard\u00edn de Infantes ubicado en la &#8230; <a title=\"Pintaron parte externa del Jardin de Infantes de 29 entre 12 y 14\" class=\"read-more\" href=\"https:\/\/www.hoymercedes.com.ar\/principal\/2012\/03\/08\/pintaron-parte-externa-del-jardin-de-infantes-de-29-entre-12-y-14\/\" aria-label=\"Leer m\u00e1s sobre Pintaron parte externa del Jardin de Infantes de 29 entre 12 y 14\">Leer m\u00e1s<\/a><\/p>\n","protected":false},"author":1,"featured_media":0,"comment_status":"open","ping_status":"open","sticky":false,"template":"","format":"standard","meta":{"_monsterinsights_skip_tracking":false,"_monsterinsights_sitenote_active":false,"_monsterinsights_sitenote_note":"","_monsterinsights_sitenote_category":0,"jetpack_post_was_ever_published":false,"_jetpack_newsletter_access":"","_jetpack_dont_email_post_to_subs":false,"_jetpack_newsletter_tier_id":0,"_jetpack_memberships_contains_paywalled_content":false,"_jetpack_memberships_contains_paid_content":false,"footnotes":"","jetpack_publicize_message":"","jetpack_publicize_feature_enabled":true,"jetpack_social_post_already_shared":false,"jetpack_social_options":{"image_generator_settings":{"template":"highway","default_image_id":0,"font":"","enabled":false},"version":2},"_wpas_customize_per_network":false},"categories":[5],"tags":[552,1933,1934],"class_list":["post-11363","post","type-post","status-publish","format-standard","hentry","category-politica","tag-agrupacion-17-de-octubre","tag-jardin-906-mercedes","tag-pj-mercedes","generate-columns","tablet-grid-50","mobile-grid-100","grid-parent","grid-50"],"jetpack_publicize_connections":[],"jetpack_featured_media_url":"","wps_subtitle":"","jetpack_sharing_enabled":true,"_links":{"self":[{"href":"https:\/\/www.hoymercedes.com.ar\/principal\/wp-json\/wp\/v2\/posts\/11363","targetHints":{"allow":["GET"]}}],"collection":[{"href":"https:\/\/www.hoymercedes.com.ar\/principal\/wp-json\/wp\/v2\/posts"}],"about":[{"href":"https:\/\/www.hoymercedes.com.ar\/principal\/wp-json\/wp\/v2\/types\/post"}],"author":[{"embeddable":true,"href":"https:\/\/www.hoymercedes.com.ar\/principal\/wp-json\/wp\/v2\/users\/1"}],"replies":[{"embeddable":true,"href":"https:\/\/www.hoymercedes.com.ar\/principal\/wp-json\/wp\/v2\/comments?post=11363"}],"version-history":[{"count":0,"href":"https:\/\/www.hoymercedes.com.ar\/principal\/wp-json\/wp\/v2\/posts\/11363\/revisions"}],"wp:attachment":[{"href":"https:\/\/www.hoymercedes.com.ar\/principal\/wp-json\/wp\/v2\/media?parent=11363"}],"wp:term":[{"taxonomy":"category","embeddable":true,"href":"https:\/\/www.hoymercedes.com.ar\/principal\/wp-json\/wp\/v2\/categories?post=11363"},{"taxonomy":"post_tag","embeddable":true,"href":"https:\/\/www.hoymercedes.com.ar\/principal\/wp-json\/wp\/v2\/tags?post=11363"}],"curies":[{"name":"wp","href":"https:\/\/api.w.org\/{rel}","templated":true}]}}