{"id":113642,"date":"2020-07-15T21:16:36","date_gmt":"2020-07-16T00:16:36","guid":{"rendered":"http:\/\/www.hoymercedes.com.ar\/principal\/?p=113642"},"modified":"2020-07-15T21:29:50","modified_gmt":"2020-07-16T00:29:50","slug":"coronavirus-25-nuevos-positivos-en-55-testeos-del-dia","status":"publish","type":"post","link":"https:\/\/www.hoymercedes.com.ar\/principal\/2020\/07\/15\/coronavirus-25-nuevos-positivos-en-55-testeos-del-dia\/","title":{"rendered":"Coronavirus: 25 nuevos positivos en 55 testeos del d\u00eda"},"content":{"rendered":"\n<p><em><strong>En el informe diario enviado por el Municipio de Mercedes y el Hospital Dubarry confirmaron que este mi\u00e9rcoles se confirmaron 25 pacientes con covid-19. Asimismo, destacaron que 23 de las personas que transitaron la enfermedad fueron dadas de alta. En el \u00e1mbito nacional se registraron 4250 nuevos positivos y 82 personas fallecieron en las \u00faltimas 24 horas en el pa\u00eds. <\/strong><\/em><\/p>\n\n\n\n<hr class=\"wp-block-separator has-text-color has-background has-vivid-cyan-blue-background-color has-vivid-cyan-blue-color\"\/>\n\n\n\n<p>La informaci\u00f3n oficial enviada a los medios como cierre del d\u00eda a nivel local, expresa: \u00abTras una ardua jornada y con tareas a\u00fan en desarrollo por parte del SAME, el Hospital Dubarry, personal de la Secretar\u00eda de Salud y el Centro de Teleseguimiento se efectuaron 55 testeos de los cuales 25 resultaron positivos para covid-19. Tras el \u00faltimo corte de resultados efectuado por el laboratorio de virolog\u00eda molecular municipal ubicado en el nosocomio local se conocieron estos datos que generaron un amplio dispositivo de estudios epidemiol\u00f3gicos, rastreos e identificaci\u00f3n de fuentes de contagio\u00bb. <\/p>\n\n\n\n<p>\u00abLos 42 operadores de teleseguimiento municipal est\u00e1n actuando en la asistencia, contenci\u00f3n, prevenci\u00f3n, informaci\u00f3n y formaci\u00f3n protocolar y socio sanitaria de los nuevos pacientes. Un dato muy alentador para toda la ciudad es que 23 pacientes obtuvieron el alta m\u00e9dica tras srecuperarse satisfactoriamente del virus\u00bb, agregan.<\/p>\n\n\n\n<p>Asimismo, resaltan desde el Municipio y el Dubarry, que \u00abante la pronta llegada del d\u00eda del amigo se recuerda que no est\u00e1n permitidas las reuniones. Son instancias de generaci\u00f3n de contagios y focos de enfermedad. Es necesario cuidarnos, cuidar a nuestros seres queridos y evitar el virus contin\u00fae propag\u00e1ndose\u00bb.<\/p>\n\n\n\n<div class=\"wp-block-image\"><figure class=\"aligncenter size-large\"><img loading=\"lazy\" decoding=\"async\" width=\"800\" height=\"800\" data-attachment-id=\"113651\" data-permalink=\"https:\/\/www.hoymercedes.com.ar\/principal\/2020\/07\/15\/coronavirus-25-nuevos-positivos-en-55-testeos-del-dia\/whatsapp-image-2020-07-15-at-21-07-52\/#main\" data-orig-file=\"https:\/\/www.hoymercedes.com.ar\/principal\/wp-content\/uploads\/2020\/07\/WhatsApp-Image-2020-07-15-at-21.07.52.jpeg\" data-orig-size=\"800,800\" data-comments-opened=\"0\" data-image-meta=\"{&quot;aperture&quot;:&quot;0&quot;,&quot;credit&quot;:&quot;&quot;,&quot;camera&quot;:&quot;&quot;,&quot;caption&quot;:&quot;&quot;,&quot;created_timestamp&quot;:&quot;0&quot;,&quot;copyright&quot;:&quot;&quot;,&quot;focal_length&quot;:&quot;0&quot;,&quot;iso&quot;:&quot;0&quot;,&quot;shutter_speed&quot;:&quot;0&quot;,&quot;title&quot;:&quot;&quot;,&quot;orientation&quot;:&quot;0&quot;}\" data-image-title=\"WhatsApp-Image-2020-07-15-at-21.07.52\" data-image-description=\"\" data-image-caption=\"\" data-large-file=\"https:\/\/www.hoymercedes.com.ar\/principal\/wp-content\/uploads\/2020\/07\/WhatsApp-Image-2020-07-15-at-21.07.52.jpeg\" src=\"https:\/\/www.hoymercedes.com.ar\/principal\/wp-content\/uploads\/2020\/07\/WhatsApp-Image-2020-07-15-at-21.07.52.jpeg\" alt=\"\" class=\"wp-image-113651\"\/><\/figure><\/div>\n\n\n\n<p><strong>Informe nacional<\/strong> <\/p>\n\n\n\n<p>Desde el Ministerio de Salud de Naci\u00f3n confirmaron en el informe vespertino, 4250 nuevos casos de COVID-19. Con estos registros, suman 111.160 positivos en el pa\u00eds. Del total de casos positivos en el pa\u00eds, 2734 son de la provincia de Buenos Aires y 1220 son de la ciudad de Buenos Aires. El resto se divide en las provincias de Catamarca 2; Chaco 77; Chubut 5; C\u00f3rdoba 17; Entre R\u00edos 9; Jujuy 50; La Pampa 1; La Rioja 3; Mendoza 29; Neuqu\u00e9n 35; R\u00edo Negro 28; Salta 2; San Juan 5; Santa Cruz 9; Santa Fe 23; y Tucum\u00e1n 1. <\/p>\n\n\n\n<p>Asimismo, confirmaron 82 fallecimientos de personas que transitaban la enfermedad. Por la ma\u00f1ana, registraron 19 nuevas muertes: 12 hombres (siete de 70, 66, 76, 87, 83, 67, y 57 a\u00f1os, residentes en la provincia de Buenos Aires; tres de 69, 65 y 71 a\u00f1os, residentes en la Ciudad de Buenos Aires y dos de 70 y 81 a\u00f1os, residentes en la provincia de R\u00edo Negro) y 7 mujeres (cuatro de 77, 81, 56 y 76 a\u00f1os, residentes en la provincia de Buenos Aires; una de 77 a\u00f1os, residente en la provincia de R\u00edo Negro; una de 82 a\u00f1os, residente en la Ciudad de Buenos Aires; y una de 63 a\u00f1os, residente en la provincia de Neuqu\u00e9n).<\/p>\n\n\n\n<p>En el informe vespertino, comunicaron los 63 fallecimientos restantes: 42 hombres (veinte de 60, 62, 87, 66, 74, 79, 71, 86, 20, 68, 81, 37, 65, 82, 70, 62, 71, 76 y 65 a\u00f1os, residentes en la provincia de Buenos Aires; diecisiete de 81, 83, 75, 82, 53, 44, 69, 70, 79, 62, 78, 78, 81, 65, 84, 81 y 50 a\u00f1os, residentes en la Ciudad de Buenos Aires; dos de 23 y 69 a\u00f1os, residentes en la provincia de R\u00edo Negro; tres de 85, 70 y 78 a\u00f1os, residentes en la provincia de Entre R\u00edos; y uno de 90 a\u00f1os, residente en la provincia de Santa F\u00e9) y 20 mujeres, once de 74, 70, 85, 81, 73, 95, 80, 81, 93, 94 y 47 a\u00f1os, residentes en la provincia de Buenos Aires; siete de 98, 92, 24, 83, 68, 71 y 57 a\u00f1os, residente en la Ciudad de Buenos Aires; una de 93 a\u00f1os, residente en la provincia de Santa F\u00e9; y una de 83 a\u00f1os, residente en la provincia de Entre R\u00edos). Una persona fallecida de 92 a\u00f1os, residente en la provincia de Buenos Aires, no registra dato de sexo. Al momento la cantidad de personas fallecidas es 2.050.<\/p>\n","protected":false},"excerpt":{"rendered":"<p>En el informe diario enviado por el Municipio de Mercedes y el Hospital Dubarry confirmaron que este mi\u00e9rcoles se confirmaron &#8230; <a title=\"Coronavirus: 25 nuevos positivos en 55 testeos del d\u00eda\" class=\"read-more\" href=\"https:\/\/www.hoymercedes.com.ar\/principal\/2020\/07\/15\/coronavirus-25-nuevos-positivos-en-55-testeos-del-dia\/\" aria-label=\"Leer m\u00e1s sobre Coronavirus: 25 nuevos positivos en 55 testeos del d\u00eda\">Leer m\u00e1s<\/a><\/p>\n","protected":false},"author":1,"featured_media":113651,"comment_status":"closed","ping_status":"open","sticky":false,"template":"","format":"standard","meta":{"_monsterinsights_skip_tracking":false,"_monsterinsights_sitenote_active":false,"_monsterinsights_sitenote_note":"","_monsterinsights_sitenote_category":0,"jetpack_post_was_ever_published":false,"_jetpack_newsletter_access":"","_jetpack_dont_email_post_to_subs":false,"_jetpack_newsletter_tier_id":0,"_jetpack_memberships_contains_paywalled_content":false,"_jetpack_memberships_contains_paid_content":false,"footnotes":"","jetpack_publicize_message":"","jetpack_publicize_feature_enabled":true,"jetpack_social_post_already_shared":true,"jetpack_social_options":{"image_generator_settings":{"template":"highway","default_image_id":0,"font":"","enabled":false},"version":2},"_wpas_customize_per_network":false},"categories":[9791],"tags":[16428,16561,16175,16313,134],"class_list":["post-113642","post","type-post","status-publish","format-standard","has-post-thumbnail","hentry","category-salud","tag-casos-positivos","tag-cierre-del-dia","tag-coronavirus","tag-covid-19","tag-salud","generate-columns","tablet-grid-50","mobile-grid-100","grid-parent","grid-50"],"jetpack_publicize_connections":[],"jetpack_featured_media_url":"https:\/\/www.hoymercedes.com.ar\/principal\/wp-content\/uploads\/2020\/07\/WhatsApp-Image-2020-07-15-at-21.07.52.jpeg","wps_subtitle":"Cierre del d\u00eda","jetpack_sharing_enabled":true,"_links":{"self":[{"href":"https:\/\/www.hoymercedes.com.ar\/principal\/wp-json\/wp\/v2\/posts\/113642","targetHints":{"allow":["GET"]}}],"collection":[{"href":"https:\/\/www.hoymercedes.com.ar\/principal\/wp-json\/wp\/v2\/posts"}],"about":[{"href":"https:\/\/www.hoymercedes.com.ar\/principal\/wp-json\/wp\/v2\/types\/post"}],"author":[{"embeddable":true,"href":"https:\/\/www.hoymercedes.com.ar\/principal\/wp-json\/wp\/v2\/users\/1"}],"replies":[{"embeddable":true,"href":"https:\/\/www.hoymercedes.com.ar\/principal\/wp-json\/wp\/v2\/comments?post=113642"}],"version-history":[{"count":0,"href":"https:\/\/www.hoymercedes.com.ar\/principal\/wp-json\/wp\/v2\/posts\/113642\/revisions"}],"wp:featuredmedia":[{"embeddable":true,"href":"https:\/\/www.hoymercedes.com.ar\/principal\/wp-json\/wp\/v2\/media\/113651"}],"wp:attachment":[{"href":"https:\/\/www.hoymercedes.com.ar\/principal\/wp-json\/wp\/v2\/media?parent=113642"}],"wp:term":[{"taxonomy":"category","embeddable":true,"href":"https:\/\/www.hoymercedes.com.ar\/principal\/wp-json\/wp\/v2\/categories?post=113642"},{"taxonomy":"post_tag","embeddable":true,"href":"https:\/\/www.hoymercedes.com.ar\/principal\/wp-json\/wp\/v2\/tags?post=113642"}],"curies":[{"name":"wp","href":"https:\/\/api.w.org\/{rel}","templated":true}]}}