{"id":113666,"date":"2020-07-16T09:14:19","date_gmt":"2020-07-16T12:14:19","guid":{"rendered":"http:\/\/www.hoymercedes.com.ar\/principal\/?p=113666"},"modified":"2020-07-16T09:14:24","modified_gmt":"2020-07-16T12:14:24","slug":"lucas-biglia-esta-en-la-mira-del-anderlecht","status":"publish","type":"post","link":"https:\/\/www.hoymercedes.com.ar\/principal\/2020\/07\/16\/lucas-biglia-esta-en-la-mira-del-anderlecht\/","title":{"rendered":"Lucas Biglia est\u00e1 en la mira del Anderlecht"},"content":{"rendered":"\n<p>El mensaje ha estado circulando por un tiempo, pero los rumores se est\u00e1n&nbsp;volviendo cada vez m\u00e1s enf\u00e1ticos, Lucas Biglia podr\u00eda regresar a RSC Anderlecht. Varios medios argentinos incluso hablan de una propuesta concreta de p\u00farpura y blanco.<\/p>\n\n\n\n<figure class=\"wp-block-image size-large\"><img loading=\"lazy\" decoding=\"async\" width=\"1024\" height=\"624\" data-attachment-id=\"113667\" data-permalink=\"https:\/\/www.hoymercedes.com.ar\/principal\/2020\/07\/16\/lucas-biglia-esta-en-la-mira-del-anderlecht\/ac-milan-v-parma-calcio-serie-a\/#main\" data-orig-file=\"https:\/\/www.hoymercedes.com.ar\/principal\/wp-content\/uploads\/2020\/07\/Lucas-Biglia-Milan-3-Parma-1.jpg\" data-orig-size=\"1024,624\" data-comments-opened=\"0\" data-image-meta=\"{&quot;aperture&quot;:&quot;0&quot;,&quot;credit&quot;:&quot;Getty Images&quot;,&quot;camera&quot;:&quot;&quot;,&quot;caption&quot;:&quot;MILAN, ITALY - JULY 15:  Franck Yannick Kessi\\u00e9 of AC Milan celebrates after scoring the first goal during the Serie A match between AC Milan and  Parma Calcio at Stadio Giuseppe Meazza on July 15, 2020 in Milan, Italy.  (Photo by Claudio Villa\/Getty Images)&quot;,&quot;created_timestamp&quot;:&quot;0&quot;,&quot;copyright&quot;:&quot;2020 Getty Images&quot;,&quot;focal_length&quot;:&quot;0&quot;,&quot;iso&quot;:&quot;0&quot;,&quot;shutter_speed&quot;:&quot;0&quot;,&quot;title&quot;:&quot;AC Milan v Parma Calcio - Serie A&quot;,&quot;orientation&quot;:&quot;0&quot;}\" data-image-title=\"AC Milan v Parma Calcio &amp;#8211; Serie A\" data-image-description=\"\" data-image-caption=\"&lt;p&gt;MILAN, ITALY &amp;#8211; JULY 15:  Franck Yannick Kessi\u00e9 of AC Milan celebrates after scoring the first goal during the Serie A match between AC Milan and  Parma Calcio at Stadio Giuseppe Meazza on July 15, 2020 in Milan, Italy.  (Photo by Claudio Villa\/Getty Images)&lt;\/p&gt;\n\" data-large-file=\"https:\/\/www.hoymercedes.com.ar\/principal\/wp-content\/uploads\/2020\/07\/Lucas-Biglia-Milan-3-Parma-1.jpg\" src=\"https:\/\/www.hoymercedes.com.ar\/principal\/wp-content\/uploads\/2020\/07\/Lucas-Biglia-Milan-3-Parma-1.jpg\" alt=\"\" class=\"wp-image-113667\"\/><\/figure>\n\n\n\n<p>El centrocampista argentino est\u00e1 al final de su contrato con el AC Milan y a\u00fan no est\u00e1 pensando en dejar el f\u00fatbol. Adem\u00e1s, su experiencia puede ser \u00fatil en el centro del campo para liderar a los j\u00f3venes.<\/p>\n\n\n\n<p>Mientras tanto, no hay elementos \u00abnegativos\u00bb en Neerpede que puedan poner palos en las ruedas. Por supuesto, hay rumores y queda por ver si Biglia realmente regresar\u00e1 a Bruselas. Los fan\u00e1ticos ciertamente lo recibir\u00e1n con los brazos abiertos.<\/p>\n\n\n\n<p><strong>Titular en Milan<\/strong><\/p>\n\n\n\n<p>En sus \u00faltimos partidos en el AC Milan, Lucas Biglia fue titular en la victoria del Rossonero por 3 a 1 ante Parma. Resultado que le sirvi\u00f3 al conjunto del mercedino para seguir prendido en la pelea por el ingreso a la Europa League, ya que aprovech\u00f3 el empate de N\u00e1poli y ahora comparte la sexta posici\u00f3n con 53 puntos, aunque por el momento no clasifica por tres goles de diferencia. Biglia fue reemplazado a los diez del segundo tiempo por Ismael Bennacer.<\/p>\n","protected":false},"excerpt":{"rendered":"<p>El mensaje ha estado circulando por un tiempo, pero los rumores se est\u00e1n&nbsp;volviendo cada vez m\u00e1s enf\u00e1ticos, Lucas Biglia podr\u00eda &#8230; <a title=\"Lucas Biglia est\u00e1 en la mira del Anderlecht\" class=\"read-more\" href=\"https:\/\/www.hoymercedes.com.ar\/principal\/2020\/07\/16\/lucas-biglia-esta-en-la-mira-del-anderlecht\/\" aria-label=\"Leer m\u00e1s sobre Lucas Biglia est\u00e1 en la mira del Anderlecht\">Leer m\u00e1s<\/a><\/p>\n","protected":false},"author":1,"featured_media":113667,"comment_status":"closed","ping_status":"open","sticky":false,"template":"","format":"standard","meta":{"_monsterinsights_skip_tracking":false,"_monsterinsights_sitenote_active":false,"_monsterinsights_sitenote_note":"","_monsterinsights_sitenote_category":0,"jetpack_post_was_ever_published":false,"_jetpack_newsletter_access":"","_jetpack_dont_email_post_to_subs":false,"_jetpack_newsletter_tier_id":0,"_jetpack_memberships_contains_paywalled_content":false,"_jetpack_memberships_contains_paid_content":false,"footnotes":"","jetpack_publicize_message":"","jetpack_publicize_feature_enabled":true,"jetpack_social_post_already_shared":true,"jetpack_social_options":{"image_generator_settings":{"template":"highway","default_image_id":0,"font":"","enabled":false},"version":2},"_wpas_customize_per_network":false},"categories":[21],"tags":[305,16837,10728],"class_list":["post-113666","post","type-post","status-publish","format-standard","has-post-thumbnail","hentry","category-deportes","tag-lucas-biglia","tag-milan-3-parma-1","tag-serie-a","generate-columns","tablet-grid-50","mobile-grid-100","grid-parent","grid-50"],"jetpack_publicize_connections":[],"jetpack_featured_media_url":"https:\/\/www.hoymercedes.com.ar\/principal\/wp-content\/uploads\/2020\/07\/Lucas-Biglia-Milan-3-Parma-1.jpg","wps_subtitle":"La Legi\u00f3n","jetpack_sharing_enabled":true,"_links":{"self":[{"href":"https:\/\/www.hoymercedes.com.ar\/principal\/wp-json\/wp\/v2\/posts\/113666","targetHints":{"allow":["GET"]}}],"collection":[{"href":"https:\/\/www.hoymercedes.com.ar\/principal\/wp-json\/wp\/v2\/posts"}],"about":[{"href":"https:\/\/www.hoymercedes.com.ar\/principal\/wp-json\/wp\/v2\/types\/post"}],"author":[{"embeddable":true,"href":"https:\/\/www.hoymercedes.com.ar\/principal\/wp-json\/wp\/v2\/users\/1"}],"replies":[{"embeddable":true,"href":"https:\/\/www.hoymercedes.com.ar\/principal\/wp-json\/wp\/v2\/comments?post=113666"}],"version-history":[{"count":0,"href":"https:\/\/www.hoymercedes.com.ar\/principal\/wp-json\/wp\/v2\/posts\/113666\/revisions"}],"wp:featuredmedia":[{"embeddable":true,"href":"https:\/\/www.hoymercedes.com.ar\/principal\/wp-json\/wp\/v2\/media\/113667"}],"wp:attachment":[{"href":"https:\/\/www.hoymercedes.com.ar\/principal\/wp-json\/wp\/v2\/media?parent=113666"}],"wp:term":[{"taxonomy":"category","embeddable":true,"href":"https:\/\/www.hoymercedes.com.ar\/principal\/wp-json\/wp\/v2\/categories?post=113666"},{"taxonomy":"post_tag","embeddable":true,"href":"https:\/\/www.hoymercedes.com.ar\/principal\/wp-json\/wp\/v2\/tags?post=113666"}],"curies":[{"name":"wp","href":"https:\/\/api.w.org\/{rel}","templated":true}]}}