{"id":113695,"date":"2020-07-16T12:00:00","date_gmt":"2020-07-16T15:00:00","guid":{"rendered":"http:\/\/www.hoymercedes.com.ar\/principal\/?p=113695"},"modified":"2020-07-16T23:50:18","modified_gmt":"2020-07-17T02:50:18","slug":"controlan-foco-de-anemia-infecciosa-equina","status":"publish","type":"post","link":"https:\/\/www.hoymercedes.com.ar\/principal\/2020\/07\/16\/controlan-foco-de-anemia-infecciosa-equina\/","title":{"rendered":"Controlan foco de anemia infecciosa equina"},"content":{"rendered":"\n<p><em><strong>El Senasa control\u00f3 un foco de Anemia Infecciosa Equina, en General Alvear. Se interdict\u00f3 el predio, se identificaron los caballos enfermos y se evit\u00f3 la propagaci\u00f3n de la enfermedad en el resto de los animales sanos del establecimiento. \u00a0\u00a0<\/strong><\/em><\/p>\n\n\n\n<p>El Servicio Nacional de Sanidad y Calidad Agroalimentaria (Senasa) interdict\u00f3 un establecimiento productivo, en la localidad bonaerense de General Alvear, por detectar casos positivos de Anemia Infecciosa Equina (AIE), en los caballos muestreados.<\/p>\n\n\n\n<p>A partir del alerta de laboratorio del primer positivo, se realizaron los sangrados correspondientes y la posterior identificaci\u00f3n de los animales enfermos, cumpliendo con los tiempos y las condiciones sanitarias exigidas por la normativa Senasa. Luego, se procedi\u00f3 a despoblar el lugar, enviando los animales a faena, evitando el contagio de la enfermedad al resto de los equinos sanos que se encontraban en el predio.<\/p>\n\n\n\n<p>\u00a0De esta manera, Tomas Valerga, veterinario del Senasa en dicha localidad, en jurisdicci\u00f3n del Centro Regional Buenos Aires Norte, junto con profesionales del \u00e1mbito privado y la colaboraci\u00f3n del propietario de los animales, lograron controlar y cerrar el foco de AIE.<\/p>\n\n\n\n<p>Es importante resaltar que la AIE no es una zoonosis (no se transmite del animal al ser humano) es una enfermedad viral que solo afecta a los \u00e9quidos y que se transmite por la picadura de t\u00e1banos y por la utilizaci\u00f3n de objetos corto-punzantes que contengan sangre infectada.<em> Una vez detectado un equino positivo, se deber\u00e1 proceder a su eliminaci\u00f3n por medio del sacrificio sanitario o env\u00edo a faena, de este modo se evitar\u00e1 que otros caballos del rodeo sean contagiados.<\/em><em><\/em><\/p>\n\n\n\n<p>Todo propietario o tenedor de equinos debe realizar la prueba de laboratorio de AIE y evitar el ingreso de caballos a su predio que no porten el certificado de diagn\u00f3stico negativo a dicha enfermedad.<\/p>\n\n\n\n<p>Para m\u00e1s informaci\u00f3n comunicarse con la sede del Centro Regional Buenos Aires Norte del Senasa, en la ciudad bonaerense de Chivilcoy, a los tel\u00e9fonos: (02346) 436271\/72\/73 o ingresar a <a href=\"http:\/\/www.argentina.gob.ar\/senasa\" target=\"_blank\" rel=\"noopener\">www.argentina.gob.ar\/senasa<\/a><\/p>\n","protected":false},"excerpt":{"rendered":"<p>El Senasa control\u00f3 un foco de Anemia Infecciosa Equina, en General Alvear. Se interdict\u00f3 el predio, se identificaron los caballos &#8230; <a title=\"Controlan foco de anemia infecciosa equina\" class=\"read-more\" href=\"https:\/\/www.hoymercedes.com.ar\/principal\/2020\/07\/16\/controlan-foco-de-anemia-infecciosa-equina\/\" aria-label=\"Leer m\u00e1s sobre Controlan foco de anemia infecciosa equina\">Leer m\u00e1s<\/a><\/p>\n","protected":false},"author":1,"featured_media":113696,"comment_status":"closed","ping_status":"open","sticky":false,"template":"","format":"standard","meta":{"_monsterinsights_skip_tracking":false,"_monsterinsights_sitenote_active":false,"_monsterinsights_sitenote_note":"","_monsterinsights_sitenote_category":0,"jetpack_post_was_ever_published":false,"_jetpack_newsletter_access":"","_jetpack_dont_email_post_to_subs":false,"_jetpack_newsletter_tier_id":0,"_jetpack_memberships_contains_paywalled_content":false,"_jetpack_memberships_contains_paid_content":false,"footnotes":"","jetpack_publicize_message":"","jetpack_publicize_feature_enabled":true,"jetpack_social_post_already_shared":true,"jetpack_social_options":{"image_generator_settings":{"template":"highway","default_image_id":0,"font":"","enabled":false},"version":2},"_wpas_customize_per_network":false},"categories":[5501],"tags":[16844,9322,8450],"class_list":["post-113695","post","type-post","status-publish","format-standard","has-post-thumbnail","hentry","category-region","tag-fiebre-equina","tag-region","tag-senasa","generate-columns","tablet-grid-50","mobile-grid-100","grid-parent","grid-50"],"jetpack_publicize_connections":[],"jetpack_featured_media_url":"https:\/\/www.hoymercedes.com.ar\/principal\/wp-content\/uploads\/2020\/07\/16-senasa-Caballos-marcados-1-1.jpg","wps_subtitle":"Sanidad de los caballos","jetpack_sharing_enabled":true,"_links":{"self":[{"href":"https:\/\/www.hoymercedes.com.ar\/principal\/wp-json\/wp\/v2\/posts\/113695","targetHints":{"allow":["GET"]}}],"collection":[{"href":"https:\/\/www.hoymercedes.com.ar\/principal\/wp-json\/wp\/v2\/posts"}],"about":[{"href":"https:\/\/www.hoymercedes.com.ar\/principal\/wp-json\/wp\/v2\/types\/post"}],"author":[{"embeddable":true,"href":"https:\/\/www.hoymercedes.com.ar\/principal\/wp-json\/wp\/v2\/users\/1"}],"replies":[{"embeddable":true,"href":"https:\/\/www.hoymercedes.com.ar\/principal\/wp-json\/wp\/v2\/comments?post=113695"}],"version-history":[{"count":0,"href":"https:\/\/www.hoymercedes.com.ar\/principal\/wp-json\/wp\/v2\/posts\/113695\/revisions"}],"wp:featuredmedia":[{"embeddable":true,"href":"https:\/\/www.hoymercedes.com.ar\/principal\/wp-json\/wp\/v2\/media\/113696"}],"wp:attachment":[{"href":"https:\/\/www.hoymercedes.com.ar\/principal\/wp-json\/wp\/v2\/media?parent=113695"}],"wp:term":[{"taxonomy":"category","embeddable":true,"href":"https:\/\/www.hoymercedes.com.ar\/principal\/wp-json\/wp\/v2\/categories?post=113695"},{"taxonomy":"post_tag","embeddable":true,"href":"https:\/\/www.hoymercedes.com.ar\/principal\/wp-json\/wp\/v2\/tags?post=113695"}],"curies":[{"name":"wp","href":"https:\/\/api.w.org\/{rel}","templated":true}]}}