{"id":113723,"date":"2020-07-17T09:20:00","date_gmt":"2020-07-17T12:20:00","guid":{"rendered":"http:\/\/www.hoymercedes.com.ar\/principal\/?p=113723"},"modified":"2020-07-16T23:46:44","modified_gmt":"2020-07-17T02:46:44","slug":"programa-invierno-para-asistir-a-las-familias-mercedinas","status":"publish","type":"post","link":"https:\/\/www.hoymercedes.com.ar\/principal\/2020\/07\/17\/programa-invierno-para-asistir-a-las-familias-mercedinas\/","title":{"rendered":"Programa Invierno para asistir a las familias mercedinas"},"content":{"rendered":"\n<p>El Municipio de Mercedes, a trav\u00e9s del Secretar\u00eda de Desarrollo Social, viene llevando adelante el \u201cPrograma Invierno\u201d asistiendo de manera directa a las familias vulnerables de la ciudad. Esta iniciativa se suma a las m\u00faltiples acciones de atenci\u00f3n y contenci\u00f3n barrial que se est\u00e1n realizando en tiempos de pandemia.<\/p>\n\n\n\n<div class=\"wp-block-image\"><figure class=\"aligncenter size-large\"><img loading=\"lazy\" decoding=\"async\" width=\"800\" height=\"600\" data-attachment-id=\"113724\" data-permalink=\"https:\/\/www.hoymercedes.com.ar\/principal\/2020\/07\/17\/programa-invierno-para-asistir-a-las-familias-mercedinas\/16-muni-lena\/#main\" data-orig-file=\"https:\/\/www.hoymercedes.com.ar\/principal\/wp-content\/uploads\/2020\/07\/16-muni-le\u00f1a.jpeg\" data-orig-size=\"800,600\" data-comments-opened=\"0\" data-image-meta=\"{&quot;aperture&quot;:&quot;0&quot;,&quot;credit&quot;:&quot;&quot;,&quot;camera&quot;:&quot;&quot;,&quot;caption&quot;:&quot;&quot;,&quot;created_timestamp&quot;:&quot;0&quot;,&quot;copyright&quot;:&quot;&quot;,&quot;focal_length&quot;:&quot;0&quot;,&quot;iso&quot;:&quot;0&quot;,&quot;shutter_speed&quot;:&quot;0&quot;,&quot;title&quot;:&quot;&quot;,&quot;orientation&quot;:&quot;0&quot;}\" data-image-title=\"16 muni le\u00f1a\" data-image-description=\"\" data-image-caption=\"\" data-large-file=\"https:\/\/www.hoymercedes.com.ar\/principal\/wp-content\/uploads\/2020\/07\/16-muni-le\u00f1a.jpeg\" src=\"https:\/\/www.hoymercedes.com.ar\/principal\/wp-content\/uploads\/2020\/07\/16-muni-le\u00f1a.jpeg\" alt=\"\" class=\"wp-image-113724\"\/><\/figure><\/div>\n\n\n\n<p>La le\u00f1a que se acumula de la poda y trabajos realizados en la ciudad es acumulada, para que de esta forma los trabajadores municipales la acondicionan y la acercan a los diferentes barrios. Asimismo, este programa, evaluando la situaci\u00f3n de vulnerabilidad de cada familia, hace entrega de colchones, frazadas y cargas de gas.<\/p>\n\n\n\n<p>\u201cEl objetivo es tratar de suministrar este insumo, tan importante para muchas familias, a la mayor cantidad de familias posibles, para que puedan sobrellevar de la mejor forma este invierno\u201d se\u00f1alaron desde el \u00e1rea de Desarrollo Social municipal.<\/p>\n\n\n\n<p>Asimismo, se\u00f1alaron \u201ceste trabajo lo realizamos de manera coordinada con cada barrio, donde los vecinos nos expresan su gratitud, ya que se sienten de alguna forma contenidos y escuchados\u201d y agregaron \u201ctratamos de optimizar todos los recursos municipales para poder llevar soluciones concretas a la gente\u201d.<\/p>\n\n\n\n<p>Fuente: Prensa Municipal<\/p>\n","protected":false},"excerpt":{"rendered":"<p>El Municipio de Mercedes, a trav\u00e9s del Secretar\u00eda de Desarrollo Social, viene llevando adelante el \u201cPrograma Invierno\u201d asistiendo de manera &#8230; <a title=\"Programa Invierno para asistir a las familias mercedinas\" class=\"read-more\" href=\"https:\/\/www.hoymercedes.com.ar\/principal\/2020\/07\/17\/programa-invierno-para-asistir-a-las-familias-mercedinas\/\" aria-label=\"Leer m\u00e1s sobre Programa Invierno para asistir a las familias mercedinas\">Leer m\u00e1s<\/a><\/p>\n","protected":false},"author":1,"featured_media":113724,"comment_status":"closed","ping_status":"open","sticky":false,"template":"","format":"standard","meta":{"_monsterinsights_skip_tracking":false,"_monsterinsights_sitenote_active":false,"_monsterinsights_sitenote_note":"","_monsterinsights_sitenote_category":0,"jetpack_post_was_ever_published":false,"_jetpack_newsletter_access":"","_jetpack_dont_email_post_to_subs":false,"_jetpack_newsletter_tier_id":0,"_jetpack_memberships_contains_paywalled_content":false,"_jetpack_memberships_contains_paid_content":false,"footnotes":"","jetpack_publicize_message":"","jetpack_publicize_feature_enabled":true,"jetpack_social_post_already_shared":true,"jetpack_social_options":{"image_generator_settings":{"template":"highway","default_image_id":0,"font":"","enabled":false},"version":2},"_wpas_customize_per_network":false},"categories":[30],"tags":[870,244],"class_list":["post-113723","post","type-post","status-publish","format-standard","has-post-thumbnail","hentry","category-municipio","tag-desarrollo-social","tag-municipio-2","generate-columns","tablet-grid-50","mobile-grid-100","grid-parent","grid-50"],"jetpack_publicize_connections":[],"jetpack_featured_media_url":"https:\/\/www.hoymercedes.com.ar\/principal\/wp-content\/uploads\/2020\/07\/16-muni-le\u00f1a.jpeg","wps_subtitle":"","jetpack_sharing_enabled":true,"_links":{"self":[{"href":"https:\/\/www.hoymercedes.com.ar\/principal\/wp-json\/wp\/v2\/posts\/113723","targetHints":{"allow":["GET"]}}],"collection":[{"href":"https:\/\/www.hoymercedes.com.ar\/principal\/wp-json\/wp\/v2\/posts"}],"about":[{"href":"https:\/\/www.hoymercedes.com.ar\/principal\/wp-json\/wp\/v2\/types\/post"}],"author":[{"embeddable":true,"href":"https:\/\/www.hoymercedes.com.ar\/principal\/wp-json\/wp\/v2\/users\/1"}],"replies":[{"embeddable":true,"href":"https:\/\/www.hoymercedes.com.ar\/principal\/wp-json\/wp\/v2\/comments?post=113723"}],"version-history":[{"count":0,"href":"https:\/\/www.hoymercedes.com.ar\/principal\/wp-json\/wp\/v2\/posts\/113723\/revisions"}],"wp:featuredmedia":[{"embeddable":true,"href":"https:\/\/www.hoymercedes.com.ar\/principal\/wp-json\/wp\/v2\/media\/113724"}],"wp:attachment":[{"href":"https:\/\/www.hoymercedes.com.ar\/principal\/wp-json\/wp\/v2\/media?parent=113723"}],"wp:term":[{"taxonomy":"category","embeddable":true,"href":"https:\/\/www.hoymercedes.com.ar\/principal\/wp-json\/wp\/v2\/categories?post=113723"},{"taxonomy":"post_tag","embeddable":true,"href":"https:\/\/www.hoymercedes.com.ar\/principal\/wp-json\/wp\/v2\/tags?post=113723"}],"curies":[{"name":"wp","href":"https:\/\/api.w.org\/{rel}","templated":true}]}}