{"id":113737,"date":"2020-07-16T22:43:17","date_gmt":"2020-07-17T01:43:17","guid":{"rendered":"http:\/\/www.hoymercedes.com.ar\/principal\/?p=113737"},"modified":"2020-07-16T23:48:10","modified_gmt":"2020-07-17T02:48:10","slug":"fallecio-el-ex-concejal-jose-luis-ramos","status":"publish","type":"post","link":"https:\/\/www.hoymercedes.com.ar\/principal\/2020\/07\/16\/fallecio-el-ex-concejal-jose-luis-ramos\/","title":{"rendered":"Falleci\u00f3 el ex Concejal Jos\u00e9 Luis Ramos"},"content":{"rendered":"\n<p>El Concejal Mandato Cumplido Jos\u00e9 Luis Ramos integr\u00f3 el cuerpo deliberativo entre 2009 y 2013.<\/p>\n\n\n\n<p>Fue electo por el \u00abAcuerdo C\u00edvico y Social\u00bb peteneciendo a la Uni\u00f3n C\u00edvica Radical hasta que conform\u00f3 el Partido GEN siguiendo a Margarita Stolbizer.<\/p>\n\n\n\n<p>Jos\u00e9 Luis Ramos tambi\u00e9n fue delegado del gremio de telef\u00f3nicos.<\/p>\n\n\n\n<p>Con 70 a\u00f1os, falleci\u00f3 este 16 de julio.<\/p>\n\n\n\n<p>En \u00e9pocas de aislamiento obligatorio, sus restos ser\u00e1n inhumados el viernes a la hora 16.<\/p>\n\n\n\n<p>Desde Hoy Mercedes enviamos nuestras condolencias a la familia de qui\u00e9n hemos entrevistado en inhumerables oportunidades.  <\/p>\n\n\n\n<div class=\"wp-block-image\"><figure class=\"aligncenter size-large\"><img loading=\"lazy\" decoding=\"async\" width=\"800\" height=\"533\" data-attachment-id=\"113738\" data-permalink=\"https:\/\/www.hoymercedes.com.ar\/principal\/2020\/07\/16\/fallecio-el-ex-concejal-jose-luis-ramos\/16-ramos\/#main\" data-orig-file=\"https:\/\/www.hoymercedes.com.ar\/principal\/wp-content\/uploads\/2020\/07\/16-ramos-.jpg\" data-orig-size=\"800,533\" data-comments-opened=\"0\" data-image-meta=\"{&quot;aperture&quot;:&quot;0&quot;,&quot;credit&quot;:&quot;&quot;,&quot;camera&quot;:&quot;&quot;,&quot;caption&quot;:&quot;&quot;,&quot;created_timestamp&quot;:&quot;0&quot;,&quot;copyright&quot;:&quot;&quot;,&quot;focal_length&quot;:&quot;0&quot;,&quot;iso&quot;:&quot;0&quot;,&quot;shutter_speed&quot;:&quot;0&quot;,&quot;title&quot;:&quot;&quot;,&quot;orientation&quot;:&quot;0&quot;}\" data-image-title=\"16 ramos\" data-image-description=\"\" data-image-caption=\"\" data-large-file=\"https:\/\/www.hoymercedes.com.ar\/principal\/wp-content\/uploads\/2020\/07\/16-ramos-.jpg\" src=\"https:\/\/www.hoymercedes.com.ar\/principal\/wp-content\/uploads\/2020\/07\/16-ramos-.jpg\" alt=\"\" class=\"wp-image-113738\"\/><figcaption>Jos\u00e9 Luis Ramos en una de las \u00faltimas sesiones que particip\u00f3 como concejal de Mercedes<\/figcaption><\/figure><\/div>\n","protected":false},"excerpt":{"rendered":"<p>El Concejal Mandato Cumplido Jos\u00e9 Luis Ramos integr\u00f3 el cuerpo deliberativo entre 2009 y 2013. Fue electo por el \u00abAcuerdo &#8230; <a title=\"Falleci\u00f3 el ex Concejal Jos\u00e9 Luis Ramos\" class=\"read-more\" href=\"https:\/\/www.hoymercedes.com.ar\/principal\/2020\/07\/16\/fallecio-el-ex-concejal-jose-luis-ramos\/\" aria-label=\"Leer m\u00e1s sobre Falleci\u00f3 el ex Concejal Jos\u00e9 Luis Ramos\">Leer m\u00e1s<\/a><\/p>\n","protected":false},"author":1,"featured_media":113738,"comment_status":"closed","ping_status":"open","sticky":false,"template":"","format":"standard","meta":{"_monsterinsights_skip_tracking":false,"_monsterinsights_sitenote_active":false,"_monsterinsights_sitenote_note":"","_monsterinsights_sitenote_category":0,"jetpack_post_was_ever_published":false,"_jetpack_newsletter_access":"","_jetpack_dont_email_post_to_subs":false,"_jetpack_newsletter_tier_id":0,"_jetpack_memberships_contains_paywalled_content":false,"_jetpack_memberships_contains_paid_content":false,"footnotes":"","jetpack_publicize_message":"","jetpack_publicize_feature_enabled":true,"jetpack_social_post_already_shared":true,"jetpack_social_options":{"image_generator_settings":{"template":"highway","default_image_id":0,"font":"","enabled":false},"version":2},"_wpas_customize_per_network":false},"categories":[8],"tags":[16839,8777,15],"class_list":["post-113737","post","type-post","status-publish","format-standard","has-post-thumbnail","hentry","category-sociedad","tag-concejal-mandato-cumplido","tag-fallecimiento","tag-hcd","generate-columns","tablet-grid-50","mobile-grid-100","grid-parent","grid-50"],"jetpack_publicize_connections":[],"jetpack_featured_media_url":"https:\/\/www.hoymercedes.com.ar\/principal\/wp-content\/uploads\/2020\/07\/16-ramos-.jpg","wps_subtitle":"Fue legislador entre 2009 y 2013","jetpack_sharing_enabled":true,"_links":{"self":[{"href":"https:\/\/www.hoymercedes.com.ar\/principal\/wp-json\/wp\/v2\/posts\/113737","targetHints":{"allow":["GET"]}}],"collection":[{"href":"https:\/\/www.hoymercedes.com.ar\/principal\/wp-json\/wp\/v2\/posts"}],"about":[{"href":"https:\/\/www.hoymercedes.com.ar\/principal\/wp-json\/wp\/v2\/types\/post"}],"author":[{"embeddable":true,"href":"https:\/\/www.hoymercedes.com.ar\/principal\/wp-json\/wp\/v2\/users\/1"}],"replies":[{"embeddable":true,"href":"https:\/\/www.hoymercedes.com.ar\/principal\/wp-json\/wp\/v2\/comments?post=113737"}],"version-history":[{"count":0,"href":"https:\/\/www.hoymercedes.com.ar\/principal\/wp-json\/wp\/v2\/posts\/113737\/revisions"}],"wp:featuredmedia":[{"embeddable":true,"href":"https:\/\/www.hoymercedes.com.ar\/principal\/wp-json\/wp\/v2\/media\/113738"}],"wp:attachment":[{"href":"https:\/\/www.hoymercedes.com.ar\/principal\/wp-json\/wp\/v2\/media?parent=113737"}],"wp:term":[{"taxonomy":"category","embeddable":true,"href":"https:\/\/www.hoymercedes.com.ar\/principal\/wp-json\/wp\/v2\/categories?post=113737"},{"taxonomy":"post_tag","embeddable":true,"href":"https:\/\/www.hoymercedes.com.ar\/principal\/wp-json\/wp\/v2\/tags?post=113737"}],"curies":[{"name":"wp","href":"https:\/\/api.w.org\/{rel}","templated":true}]}}