{"id":113797,"date":"2020-07-18T13:12:40","date_gmt":"2020-07-18T16:12:40","guid":{"rendered":"http:\/\/www.hoymercedes.com.ar\/principal\/?p=113797"},"modified":"2020-07-18T13:14:14","modified_gmt":"2020-07-18T16:14:14","slug":"el-padre-lucas-jerez-es-el-nuevo-rector-del-seminario-arquidiocesano","status":"publish","type":"post","link":"https:\/\/www.hoymercedes.com.ar\/principal\/2020\/07\/18\/el-padre-lucas-jerez-es-el-nuevo-rector-del-seminario-arquidiocesano\/","title":{"rendered":"El padre Lucas Jerez es el nuevo rector del Seminario Arquidiocesano"},"content":{"rendered":"\n<p>A trav\u00e9s de una comunicaci\u00f3n p\u00fablica el Arzobispo de la Arquidiocesis Mercedes-Luj\u00e1n, Jorge Eduardo Scheinig, dio cuenta del nombramiento del nuevo rector del Seminario Arquidiocesano \u00abSanto Cura de Ars\u00bb. Se trata del Padre Lucas Jerez que estar\u00e1 en el cargo, al menos seis a\u00f1os, tal es el pedido del Arzobispo. Remplaza al Padre Dar\u00edo Kling. <\/p>\n\n\n\n<p>Monse\u00f1or Jorge Eduardo Scheinig, Arzobispo de Mercedes-Luj\u00e1n, comunic\u00f3 a la comunidad religiosa el cambio de autoridades en el Seminario Arquidiocesano \u00abSanta Cura de Ars\u00bb. \u00abDesde hace tiempo vengo pensando la posibilidad de un nuevo rector ya que el padre Dar\u00edo (Kling) est\u00e1 cumpliendo 24 a\u00f1os de vida en esa casa de formaci\u00f3n. Por supuesto que con \u00e9l he charlado suficientemente la oportunidad de este cambio\u00bb, explica en su comunicaci\u00f3n el Arzobispo.<\/p>\n\n\n\n<p>\u00abFinalmente le he pedido al padre Lucas Jerez que por un per\u00edodo de 6 a\u00f1os asuma esta responsabilidad. Agradezco de coraz\u00f3n su generosidad y disponibilidad a mi pedido. Mi decisi\u00f3n de residir en el seminario lleva el deseo profundo de asegurarles tanto al rector, como al equipo de formaci\u00f3n y a los mismos seminaristas, la compa\u00f1\u00eda del obispo y de toda la Iglesia. Estoy seguro que la figura del rector es muy importante, pero considero que el equipo de formadores es fundamental para la formaci\u00f3n de los futuros sacerdotes y en eso ya hace un tiempo estamos trabajando con toda seriedad. Adem\u00e1s, deseo que el equipo se siga enriqueciendo\u00bb, agrega Monse\u00f1or Scheinig.<\/p>\n\n\n\n<p>Por \u00faltimo, anticip\u00f3 que el cambio de autoridades se har\u00e1 efectivo a fines de este a\u00f1o o principio del otro.<\/p>\n\n\n\n<p><\/p>\n","protected":false},"excerpt":{"rendered":"<p>A trav\u00e9s de una comunicaci\u00f3n p\u00fablica el Arzobispo de la Arquidiocesis Mercedes-Luj\u00e1n, Jorge Eduardo Scheinig, dio cuenta del nombramiento del &#8230; <a title=\"El padre Lucas Jerez es el nuevo rector del Seminario Arquidiocesano\" class=\"read-more\" href=\"https:\/\/www.hoymercedes.com.ar\/principal\/2020\/07\/18\/el-padre-lucas-jerez-es-el-nuevo-rector-del-seminario-arquidiocesano\/\" aria-label=\"Leer m\u00e1s sobre El padre Lucas Jerez es el nuevo rector del Seminario Arquidiocesano\">Leer m\u00e1s<\/a><\/p>\n","protected":false},"author":1,"featured_media":113795,"comment_status":"closed","ping_status":"open","sticky":false,"template":"","format":"standard","meta":{"_monsterinsights_skip_tracking":false,"_monsterinsights_sitenote_active":false,"_monsterinsights_sitenote_note":"","_monsterinsights_sitenote_category":0,"jetpack_post_was_ever_published":false,"_jetpack_newsletter_access":"","_jetpack_dont_email_post_to_subs":false,"_jetpack_newsletter_tier_id":0,"_jetpack_memberships_contains_paywalled_content":false,"_jetpack_memberships_contains_paid_content":false,"footnotes":"","jetpack_publicize_message":"","jetpack_publicize_feature_enabled":true,"jetpack_social_post_already_shared":true,"jetpack_social_options":{"image_generator_settings":{"template":"highway","default_image_id":0,"font":"","enabled":false},"version":2},"_wpas_customize_per_network":false},"categories":[8],"tags":[9033],"class_list":["post-113797","post","type-post","status-publish","format-standard","has-post-thumbnail","hentry","category-sociedad","tag-arquidiocesis-mercedes-lujan","generate-columns","tablet-grid-50","mobile-grid-100","grid-parent","grid-50"],"jetpack_publicize_connections":[],"jetpack_featured_media_url":"https:\/\/www.hoymercedes.com.ar\/principal\/wp-content\/uploads\/2020\/07\/Jerez-Lucas-300x225-1.jpg","wps_subtitle":"","jetpack_sharing_enabled":true,"_links":{"self":[{"href":"https:\/\/www.hoymercedes.com.ar\/principal\/wp-json\/wp\/v2\/posts\/113797","targetHints":{"allow":["GET"]}}],"collection":[{"href":"https:\/\/www.hoymercedes.com.ar\/principal\/wp-json\/wp\/v2\/posts"}],"about":[{"href":"https:\/\/www.hoymercedes.com.ar\/principal\/wp-json\/wp\/v2\/types\/post"}],"author":[{"embeddable":true,"href":"https:\/\/www.hoymercedes.com.ar\/principal\/wp-json\/wp\/v2\/users\/1"}],"replies":[{"embeddable":true,"href":"https:\/\/www.hoymercedes.com.ar\/principal\/wp-json\/wp\/v2\/comments?post=113797"}],"version-history":[{"count":0,"href":"https:\/\/www.hoymercedes.com.ar\/principal\/wp-json\/wp\/v2\/posts\/113797\/revisions"}],"wp:featuredmedia":[{"embeddable":true,"href":"https:\/\/www.hoymercedes.com.ar\/principal\/wp-json\/wp\/v2\/media\/113795"}],"wp:attachment":[{"href":"https:\/\/www.hoymercedes.com.ar\/principal\/wp-json\/wp\/v2\/media?parent=113797"}],"wp:term":[{"taxonomy":"category","embeddable":true,"href":"https:\/\/www.hoymercedes.com.ar\/principal\/wp-json\/wp\/v2\/categories?post=113797"},{"taxonomy":"post_tag","embeddable":true,"href":"https:\/\/www.hoymercedes.com.ar\/principal\/wp-json\/wp\/v2\/tags?post=113797"}],"curies":[{"name":"wp","href":"https:\/\/api.w.org\/{rel}","templated":true}]}}