{"id":113799,"date":"2020-07-18T17:07:57","date_gmt":"2020-07-18T20:07:57","guid":{"rendered":"http:\/\/www.hoymercedes.com.ar\/principal\/?p=113799"},"modified":"2020-07-18T17:10:26","modified_gmt":"2020-07-18T20:10:26","slug":"coronavirus-autoridades-brindaron-informe-sobre-situacion-epidemiologica","status":"publish","type":"post","link":"https:\/\/www.hoymercedes.com.ar\/principal\/2020\/07\/18\/coronavirus-autoridades-brindaron-informe-sobre-situacion-epidemiologica\/","title":{"rendered":"Coronavirus: Autoridades brindaron informe sobre situaci\u00f3n epidemiol\u00f3gica"},"content":{"rendered":"\n<p>El Intendente confirm\u00f3 la medida para evitar la circulaci\u00f3n de personas despu\u00e9s de la hora 18 y resalt\u00f3 la necesidad de no hacer reuniones sociales y as\u00ed evitar la propagaci\u00f3n del virus, resaltando especial \u00e9nfasis en los potenciales encuentros por el D\u00eda del Amigo. Por su parte, los m\u00e9dicos dieron cuenta del estado de salud de los pacientes que tienen covid-19 concentr\u00e1ndose en los adultos mayores del Hogar Villa Abrille y de quienes se encuentran internados en los centros de salud de la ciudad. <\/p>\n\n\n\n<div class=\"wp-block-image\"><figure class=\"aligncenter size-large\"><img loading=\"lazy\" decoding=\"async\" width=\"800\" height=\"450\" data-attachment-id=\"113804\" data-permalink=\"https:\/\/www.hoymercedes.com.ar\/principal\/2020\/07\/18\/coronavirus-autoridades-brindaron-informe-sobre-situacion-epidemiologica\/18-muni-epid-4\/#main\" data-orig-file=\"https:\/\/www.hoymercedes.com.ar\/principal\/wp-content\/uploads\/2020\/07\/18-muni-epid-4.jpeg\" data-orig-size=\"800,450\" data-comments-opened=\"0\" data-image-meta=\"{&quot;aperture&quot;:&quot;0&quot;,&quot;credit&quot;:&quot;&quot;,&quot;camera&quot;:&quot;&quot;,&quot;caption&quot;:&quot;&quot;,&quot;created_timestamp&quot;:&quot;0&quot;,&quot;copyright&quot;:&quot;&quot;,&quot;focal_length&quot;:&quot;0&quot;,&quot;iso&quot;:&quot;0&quot;,&quot;shutter_speed&quot;:&quot;0&quot;,&quot;title&quot;:&quot;&quot;,&quot;orientation&quot;:&quot;0&quot;}\" data-image-title=\"18 muni epid 4\" data-image-description=\"\" data-image-caption=\"\" data-large-file=\"https:\/\/www.hoymercedes.com.ar\/principal\/wp-content\/uploads\/2020\/07\/18-muni-epid-4.jpeg\" src=\"https:\/\/www.hoymercedes.com.ar\/principal\/wp-content\/uploads\/2020\/07\/18-muni-epid-4.jpeg\" alt=\"\" class=\"wp-image-113804\"\/><\/figure><\/div>\n\n\n\n<p>A trav\u00e9s de una comunicaci\u00f3n por las redes sociales del Municipio de Mercedes y el Hospital Blas L. Dubarry, el Intendente Municipal Juan Ignacio Ustarroz, acompa\u00f1ado por el Director del Dubarry Dr. Pablo Cassiani y el Director de la Cl\u00ednica Nueva Cruz Azul,  Dr. Ra\u00fal \u00abCacho\u00bb Laporta, dieron un panorama de la situaci\u00f3n epidemiol\u00f3gica en Mercedes en cuanto a la propagaci\u00f3n del coronavirus que produce covid-19 y preocupa al mundo por su estatus de pandemia. A ellos se le sum\u00f3 la Directora de Adultos Mayores Victoria Odell, aislada por prevenci\u00f3n, que cont\u00f3 el protocolo en el <a href=\"https:\/\/www.hoymercedes.com.ar\/principal\/2020\/07\/17\/son-22-los-residentes-del-villa-abrille-con-covid-19\/\" target=\"_blank\" rel=\"noreferrer noopener\">Hogar Villa Abrille a partir del contagio de todos los residentes y parte del persona<\/a>l. <\/p>\n\n\n\n<p>En una transmisi\u00f3n que se cort\u00f3 en un momento por problemas de energ\u00eda el\u00e9ctrica en el lugar donde se estaba trasmitiendo, el primero en tomar la palabra fue el m\u00e9dico responsable del Dubarry que cont\u00f3 lo suceddo en el Hogar Villa Abrille. \u201cAlgo que quiero destacar que es que los residentes se encuentran muy bien de salud, ninguno manifest\u00f3 s\u00edntomas de coronavirus, siendo tres de ellos con una edad muy avanzada y enfermedades preexistentes que desde hace mucho tiempo vienen luchando con ellas, pero ninguno requiri\u00f3 internaci\u00f3n\u201d resalt\u00f3 y le dio pie a un video con la responsable municipal del \u00e1rea Adultos Mayores Victoria Odell y un video de algunos de los residentes en el hogar municipal de calle 25.<\/p>\n\n\n\n<p>Posteriormente, Cassiani, acompa\u00f1ado de unos gr\u00e1ficos, desglos\u00f3 la composici\u00f3n de estado de salud, lugar de contagio y edades de los 299 pacientes que transitan y trasitaron el covid-19. \u00abLa mayor\u00eda se encuentra en su casa. El 38% ya se ha recuperado, el 29% cursa de forma asintom\u00e1tica, s\u00edntomas leves o moderados, y 3% se encuentra internado contando con un 1% fallecidos\u201d, resumi\u00f3. Adem\u00e1s cont\u00f3 que nueve personas se encuentran internadas. Cuatro de ellas en el Hospital y las cinco restantes en la Cl\u00ednica, de las cuales una est\u00e1 con respirador.  <\/p>\n\n\n\n<figure class=\"wp-block-gallery columns-3 is-cropped wp-block-gallery-1 is-layout-flex wp-block-gallery-is-layout-flex\"><ul class=\"blocks-gallery-grid\"><li class=\"blocks-gallery-item\"><figure><img loading=\"lazy\" decoding=\"async\" width=\"800\" height=\"450\" data-attachment-id=\"113802\" data-permalink=\"https:\/\/www.hoymercedes.com.ar\/principal\/2020\/07\/18\/coronavirus-autoridades-brindaron-informe-sobre-situacion-epidemiologica\/18-muni-epid-1\/#main\" data-orig-file=\"https:\/\/www.hoymercedes.com.ar\/principal\/wp-content\/uploads\/2020\/07\/18-muni-epid-1.jpeg\" data-orig-size=\"800,450\" data-comments-opened=\"0\" data-image-meta=\"{&quot;aperture&quot;:&quot;0&quot;,&quot;credit&quot;:&quot;&quot;,&quot;camera&quot;:&quot;&quot;,&quot;caption&quot;:&quot;&quot;,&quot;created_timestamp&quot;:&quot;0&quot;,&quot;copyright&quot;:&quot;&quot;,&quot;focal_length&quot;:&quot;0&quot;,&quot;iso&quot;:&quot;0&quot;,&quot;shutter_speed&quot;:&quot;0&quot;,&quot;title&quot;:&quot;&quot;,&quot;orientation&quot;:&quot;0&quot;}\" data-image-title=\"18 muni epid 1\" data-image-description=\"\" data-image-caption=\"\" data-large-file=\"https:\/\/www.hoymercedes.com.ar\/principal\/wp-content\/uploads\/2020\/07\/18-muni-epid-1.jpeg\" src=\"https:\/\/www.hoymercedes.com.ar\/principal\/wp-content\/uploads\/2020\/07\/18-muni-epid-1.jpeg\" alt=\"\" data-id=\"113802\" data-full-url=\"https:\/\/www.hoymercedes.com.ar\/principal\/wp-content\/uploads\/2020\/07\/18-muni-epid-1.jpeg\" data-link=\"https:\/\/www.hoymercedes.com.ar\/principal\/?attachment_id=113802\" class=\"wp-image-113802\"\/><\/figure><\/li><li class=\"blocks-gallery-item\"><figure><img loading=\"lazy\" decoding=\"async\" width=\"800\" height=\"450\" data-attachment-id=\"113803\" data-permalink=\"https:\/\/www.hoymercedes.com.ar\/principal\/2020\/07\/18\/coronavirus-autoridades-brindaron-informe-sobre-situacion-epidemiologica\/18-muni-epid-2\/#main\" data-orig-file=\"https:\/\/www.hoymercedes.com.ar\/principal\/wp-content\/uploads\/2020\/07\/18-muni-epid-2.jpeg\" data-orig-size=\"800,450\" data-comments-opened=\"0\" data-image-meta=\"{&quot;aperture&quot;:&quot;0&quot;,&quot;credit&quot;:&quot;&quot;,&quot;camera&quot;:&quot;&quot;,&quot;caption&quot;:&quot;&quot;,&quot;created_timestamp&quot;:&quot;0&quot;,&quot;copyright&quot;:&quot;&quot;,&quot;focal_length&quot;:&quot;0&quot;,&quot;iso&quot;:&quot;0&quot;,&quot;shutter_speed&quot;:&quot;0&quot;,&quot;title&quot;:&quot;&quot;,&quot;orientation&quot;:&quot;0&quot;}\" data-image-title=\"18 muni epid 2\" data-image-description=\"\" data-image-caption=\"\" data-large-file=\"https:\/\/www.hoymercedes.com.ar\/principal\/wp-content\/uploads\/2020\/07\/18-muni-epid-2.jpeg\" src=\"https:\/\/www.hoymercedes.com.ar\/principal\/wp-content\/uploads\/2020\/07\/18-muni-epid-2.jpeg\" alt=\"\" data-id=\"113803\" data-full-url=\"https:\/\/www.hoymercedes.com.ar\/principal\/wp-content\/uploads\/2020\/07\/18-muni-epid-2.jpeg\" data-link=\"https:\/\/www.hoymercedes.com.ar\/principal\/?attachment_id=113803\" class=\"wp-image-113803\"\/><\/figure><\/li><li class=\"blocks-gallery-item\"><figure><img loading=\"lazy\" decoding=\"async\" width=\"800\" height=\"450\" data-attachment-id=\"113801\" data-permalink=\"https:\/\/www.hoymercedes.com.ar\/principal\/2020\/07\/18\/coronavirus-autoridades-brindaron-informe-sobre-situacion-epidemiologica\/18-muni-epid-3\/#main\" data-orig-file=\"https:\/\/www.hoymercedes.com.ar\/principal\/wp-content\/uploads\/2020\/07\/18-muni-epid-3.jpeg\" data-orig-size=\"800,450\" data-comments-opened=\"0\" data-image-meta=\"{&quot;aperture&quot;:&quot;0&quot;,&quot;credit&quot;:&quot;&quot;,&quot;camera&quot;:&quot;&quot;,&quot;caption&quot;:&quot;&quot;,&quot;created_timestamp&quot;:&quot;0&quot;,&quot;copyright&quot;:&quot;&quot;,&quot;focal_length&quot;:&quot;0&quot;,&quot;iso&quot;:&quot;0&quot;,&quot;shutter_speed&quot;:&quot;0&quot;,&quot;title&quot;:&quot;&quot;,&quot;orientation&quot;:&quot;0&quot;}\" data-image-title=\"18 muni epid 3\" data-image-description=\"\" data-image-caption=\"\" data-large-file=\"https:\/\/www.hoymercedes.com.ar\/principal\/wp-content\/uploads\/2020\/07\/18-muni-epid-3.jpeg\" src=\"https:\/\/www.hoymercedes.com.ar\/principal\/wp-content\/uploads\/2020\/07\/18-muni-epid-3.jpeg\" alt=\"\" data-id=\"113801\" data-full-url=\"https:\/\/www.hoymercedes.com.ar\/principal\/wp-content\/uploads\/2020\/07\/18-muni-epid-3.jpeg\" data-link=\"https:\/\/www.hoymercedes.com.ar\/principal\/?attachment_id=113801\" class=\"wp-image-113801\"\/><\/figure><\/li><\/ul><\/figure>\n\n\n\n<p>\u201cTenemos tambi\u00e9n en el nexo de causalidad de cada uno de las personas que ha tenido el contagio, un 90 % de los casos con determinaci\u00f3n de la fuente de contagio haciendo toda la cadena aislando a cada uno de los contactos estrechos. De ese 90% el79% es contacto estrecho. Tambi\u00e9n tenemos viajeros a la regi\u00f3n del AMBA en el 11%, y un 9% no tiene nexo, significa que no hemos podido determinar de d\u00f3nde se contagiaron y mientras que un 1% est\u00e1 en estudio siendo los casos que se detectaron ayer (viernes). La mayor\u00eda de los casos se concentra entre los 20 y los 60 a\u00f1os y los de mayor riesgo, que est\u00e1n los residentes del Hogar Villa Abrille, la franja entre los 70 y los m\u00e1s de 90 a\u00f1os\u201d coment\u00f3 Cassiani.<\/p>\n\n\n\n<p>\u201cQueremos contarles que tenemos 970 casos de personas aisladas, pero con un seguimiento por parte del grupo de teletrabajo, de seguimiento en el Centro de Diagn\u00f3sticos por im\u00e1genes en donde hay m\u00e1s de 40 trabajadores, m\u00e9dicos y profesionales acompa\u00f1ando a cada vecino que le toca hoy transcurrir esta enfermedad y a los cuales tratamos de acompa\u00f1arlos\u201d, agreg\u00f3.<\/p>\n\n\n\n<p>Por su parte, el m\u00e9dico Ra\u00fal Laporta, director de la Cl\u00ednica Nueva Cruz Azul, agradeci\u00f3 el \u00abtrabajo mancomunado\u00bb y resalt\u00f3 que \u00abera previsible que \u00edbamos a tener contagios, que \u00edbamos a tener personas con s\u00edntomas leves y otras con s\u00edntomas cr\u00edticos\u00bb. A lo que agreg\u00f3 que una de las pacientes internada en la Cl\u00ednica est\u00e1 en una \u00absituaci\u00f3n bastante cr\u00edtica, con asistencia respiratoria\u00bb. Luego de hablar sobre el sitema sanitario local, el director de la Cl\u00ednica pidi\u00f3 a los vecinos que se cuiden en el marco del D\u00eda del Amigo. \u00abQuiero pedir que el lunes d\u00eda del amigo, se cuiden, que cuiden a sus amigos, porque es muy importante la no reuni\u00f3n y el aislamiento. Debido a que no solamente es un foco de epidemia, pudiendo contagiar a los adultos mayores, sino que los pacientes cr\u00edticos tambi\u00e9n pueden ser j\u00f3venes. As\u00ed que por favor el d\u00eda 20 a cuidarse\u201d afirm\u00f3 el m\u00e9dico.<\/p>\n\n\n\n<figure class=\"wp-block-embed-facebook wp-block-embed is-type-video is-provider-facebook\"><div class=\"wp-block-embed__wrapper\">\n<div class=\"fb-video\" data-allowfullscreen=\"true\" data-href=\"https:\/\/www.facebook.com\/munimercedes\/videos\/2632054827007469\/\" style=\"background-color: #fff; display: inline-block;\"><\/div>\n<\/div><figcaption>Primera Parte<\/figcaption><\/figure>\n\n\n\n<p><strong>Medidas comunales<\/strong><\/p>\n\n\n\n<p>A la hora de tomar la palabra Ustarroz busc\u00f3 responder algunas de las cuestiones que los vecinos plantean atrav\u00e9s de las redes sociales. As\u00ed fue como cont\u00f3 que no se hisop\u00f3 en busca del virus, pese a tener familiares con covid-19. \u00abNo he sido contacto estrecho de ninguno, por eso no he requerido ser hisopado. El Laboratorio de Virolog\u00eda Molecular Municipal nos da m\u00e1s capacidad de testear, pero no es infinita, y por eso debemos usarlo siempre sobre la base de criterios m\u00e9dicos\u201d, resalt\u00f3. Previamente, hab\u00eda destacado la labor del personal de salud y del sistema sanitario local. <\/p>\n\n\n\n<p>Luego, s\u00ed, hizo hincapi\u00e9 en c\u00f3mo seguir\u00e1 la cuarentena en Mercedes. \u00abAlgunas acciones que vamos a realizar son: mantener el protocolo de las 18 horas, a partir del cual cesa la circulaci\u00f3n. Amerita esa medida la raz\u00f3n de dos \u00f3rdenes. Primero identificar en la casu\u00edstica de casi 300 casos que lo que m\u00e1s propaga la enfermedad es el encuentro social y familiar. Entonces tenemos que buscar como limitar estas acciones que generan consecuencias negativas sobre el incremento de los contagios. El segundo orden es la seguridad. Porque nos toca administrar la ciudad en tiempos dif\u00edciles y el sector de la seguridad tambi\u00e9n es vulnerable. Agradecemos al Sistema Penitenciario que nos brind\u00f3 recursos humanos para seguir cuidado a nuestros vecinos\u201d<\/p>\n\n\n\n<p>\u201cOtra acci\u00f3n importante es que desde la semana que viene implementaremos un estudio junto a la Universidad Nacional de Quilmes que es epidemiol\u00f3gico sobre el sistema cloacal. Ser\u00e1 un mapa de calor sobre personas y hogares con personas de covid-19. Es una herramienta m\u00e1s de una pol\u00edtica activa. Queremos identificar a la mayor cantidad de casos para tomar todas las medidas de seguridad necesarias. Esto nos dar\u00e1 evidentemente mayor cantidad de casos. El 70% actual es por b\u00fasqueda activa. Reafirmamos este camino. El numero puede asustar, pero uno lo eval\u00faa en su contexto, hablando a las claras que la enfermedad se propaga con mucha rapidez\u201d coment\u00f3. Por otra parte, anticip\u00f3 que sumar\u00e1n cajeros autom\u00e1ticos en la ciudad para evitar largas colas en los bancos. En los pr\u00f3ximos d\u00edas, entonces, se inaugurar\u00e1 uno en el Municipio. <\/p>\n\n\n\n<p>Por \u00faltimo, \u201charemos un pedido espec\u00edfico a todas las personas que van a la zona AMBA. Vimos desde la aplicaci\u00f3n CirculAR vimos que el 89% va por razones laborales, el 6% por razones de salud y el 5% por razones de asistencia familiar. Le pedimos a ellos adem\u00e1s de usar la aplicaci\u00f3n de manera obligatoria que restrinjan al m\u00e1ximo la circulaci\u00f3n en nuestra ciudad dado que se demostr\u00f3 que la zona de mayor contagio es la zona AMBA. No vamos a bajar los brazos\u201d<\/p>\n\n\n\n<p>El intendente Ustarroz tambi\u00e9n refiri\u00f3 al que \u201cdice el refr\u00e1n que los amigos se ven en las malas y hoy nuestra ciudad, el pa\u00eds y el mundo est\u00e1 en una situaci\u00f3n mala, cr\u00edtica, de riesgo, entonces realmente necesitamos que el d\u00eda del amigo ejerzamos los valores de la amistad. Quedarnos en los hogares, siendo sinceros, honestos, solidarios, leales y as\u00ed poder cuidarnos y cuidar a nuestro pueblo. Hoy m\u00e1s que nunca necesitamos la unidad de todo el pueblo de Mercedes. La clave es la responsabilidad, la uni\u00f3n, y el sistema que integran cada uno de los mercedinos. Espec\u00edficamente se lo pedimos a los j\u00f3venes porque son muchos los contagiados. Cada uno de nosotros debemos ayudar. Acerquemos este mensaje de consciencia y cuidado de la poblaci\u00f3n\u201d<\/p>\n\n\n\n<figure class=\"wp-block-embed-facebook wp-block-embed is-type-video is-provider-facebook\"><div class=\"wp-block-embed__wrapper\">\n<div class=\"fb-video\" data-allowfullscreen=\"true\" data-href=\"https:\/\/www.facebook.com\/munimercedes\/videos\/3151523784941584\/\" style=\"background-color: #fff; display: inline-block;\"><\/div>\n<\/div><figcaption>Segunda parte<\/figcaption><\/figure>\n","protected":false},"excerpt":{"rendered":"<p>El Intendente confirm\u00f3 la medida para evitar la circulaci\u00f3n de personas despu\u00e9s de la hora 18 y resalt\u00f3 la necesidad &#8230; <a title=\"Coronavirus: Autoridades brindaron informe sobre situaci\u00f3n epidemiol\u00f3gica\" class=\"read-more\" href=\"https:\/\/www.hoymercedes.com.ar\/principal\/2020\/07\/18\/coronavirus-autoridades-brindaron-informe-sobre-situacion-epidemiologica\/\" aria-label=\"Leer m\u00e1s sobre Coronavirus: Autoridades brindaron informe sobre situaci\u00f3n epidemiol\u00f3gica\">Leer m\u00e1s<\/a><\/p>\n","protected":false},"author":1,"featured_media":113804,"comment_status":"closed","ping_status":"open","sticky":false,"template":"","format":"standard","meta":{"_monsterinsights_skip_tracking":false,"_monsterinsights_sitenote_active":false,"_monsterinsights_sitenote_note":"","_monsterinsights_sitenote_category":0,"jetpack_post_was_ever_published":false,"_jetpack_newsletter_access":"","_jetpack_dont_email_post_to_subs":false,"_jetpack_newsletter_tier_id":0,"_jetpack_memberships_contains_paywalled_content":false,"_jetpack_memberships_contains_paid_content":false,"footnotes":"","jetpack_publicize_message":"","jetpack_publicize_feature_enabled":true,"jetpack_social_post_already_shared":true,"jetpack_social_options":{"image_generator_settings":{"template":"highway","default_image_id":0,"font":"","enabled":false},"version":2},"_wpas_customize_per_network":false},"categories":[9791],"tags":[16313,16847,134],"class_list":["post-113799","post","type-post","status-publish","format-standard","has-post-thumbnail","hentry","category-salud","tag-covid-19","tag-cuarentena-coronavirus","tag-salud","generate-columns","tablet-grid-50","mobile-grid-100","grid-parent","grid-50"],"jetpack_publicize_connections":[],"jetpack_featured_media_url":"https:\/\/www.hoymercedes.com.ar\/principal\/wp-content\/uploads\/2020\/07\/18-muni-epid-4.jpeg","wps_subtitle":"C\u00f3mo sigue la cuarentena en Mercedes","jetpack_sharing_enabled":true,"_links":{"self":[{"href":"https:\/\/www.hoymercedes.com.ar\/principal\/wp-json\/wp\/v2\/posts\/113799","targetHints":{"allow":["GET"]}}],"collection":[{"href":"https:\/\/www.hoymercedes.com.ar\/principal\/wp-json\/wp\/v2\/posts"}],"about":[{"href":"https:\/\/www.hoymercedes.com.ar\/principal\/wp-json\/wp\/v2\/types\/post"}],"author":[{"embeddable":true,"href":"https:\/\/www.hoymercedes.com.ar\/principal\/wp-json\/wp\/v2\/users\/1"}],"replies":[{"embeddable":true,"href":"https:\/\/www.hoymercedes.com.ar\/principal\/wp-json\/wp\/v2\/comments?post=113799"}],"version-history":[{"count":0,"href":"https:\/\/www.hoymercedes.com.ar\/principal\/wp-json\/wp\/v2\/posts\/113799\/revisions"}],"wp:featuredmedia":[{"embeddable":true,"href":"https:\/\/www.hoymercedes.com.ar\/principal\/wp-json\/wp\/v2\/media\/113804"}],"wp:attachment":[{"href":"https:\/\/www.hoymercedes.com.ar\/principal\/wp-json\/wp\/v2\/media?parent=113799"}],"wp:term":[{"taxonomy":"category","embeddable":true,"href":"https:\/\/www.hoymercedes.com.ar\/principal\/wp-json\/wp\/v2\/categories?post=113799"},{"taxonomy":"post_tag","embeddable":true,"href":"https:\/\/www.hoymercedes.com.ar\/principal\/wp-json\/wp\/v2\/tags?post=113799"}],"curies":[{"name":"wp","href":"https:\/\/api.w.org\/{rel}","templated":true}]}}