{"id":113810,"date":"2020-07-18T19:00:00","date_gmt":"2020-07-18T22:00:00","guid":{"rendered":"http:\/\/www.hoymercedes.com.ar\/principal\/?p=113810"},"modified":"2020-07-18T18:02:17","modified_gmt":"2020-07-18T21:02:17","slug":"coronavirus-suipacha-declara-la-circulacion-comunitaria-del-virus","status":"publish","type":"post","link":"https:\/\/www.hoymercedes.com.ar\/principal\/2020\/07\/18\/coronavirus-suipacha-declara-la-circulacion-comunitaria-del-virus\/","title":{"rendered":"Coronavirus: Suipacha declara la circulaci\u00f3n comunitaria del virus"},"content":{"rendered":"\n<p>El Intendente de Suipacha, Alejandro Federico, habl\u00f3 en las primeras horas de la tarde del s\u00e1bado ante la comunidad con el objetivo de confirmar que est\u00e1n \u00aben presencia de una circulaci\u00f3n comunitaria del virus\u201d. La decisi\u00f3n tomada fue a partir de haber surgido un foco de contagio en un matadero y que el viernes elev\u00f3 en 59 el n\u00famero de pacientes con covid-19 en la vecina localidad. <\/p>\n\n\n\n<p>De acuerdo a la informaci\u00f3n que llega de Suipacha, se detectaron casos positivos en el matadero Frigorifico Suitrab, que cuenta con 70 empleados y que \u00abderiva en gran cantidad de sospechosos con alta probabilidad de transformarse en casos activos, que de ser as\u00ed desbordar\u00edan\u00a0el sistema sanitario de Suipacha\u00bb.  <\/p>\n\n\n\n<p>Asimismo se destac\u00f3 que el pr\u00f3ximo lunes culmina el periodo de cuarentena al que se hab\u00eda sometido al Hospital Municipal Esteban Iribarne, que comenzar\u00e1 a atender con riguroso protocolo, continuando hasta el momento Suipacha en fase 3.<\/p>\n\n\n\n<p>Seg\u00fan manifest\u00f3 el intendente Municipal Alejandro Federico, \u201cesto tiene resultado por la responsabilidad y el acompa\u00f1amiento de cada uno de ustedes , ya que estamos en las puertas de algo que puede ser demasiado grave para Suipacha, sino paramos entre todos esta proliferaci\u00f3n del contagio que hemos tenido\u00bb. <\/p>\n\n\n\n<p>Adem\u00e1s, agradeci\u00f3 la actitud de la empresa Frigorifico Suitrab de cerrar sus instalaciones, tanto en el matadero como en el local de carnicer\u00eda por el termino de 14 dias , a la vez que pidi\u00f3 enf\u00e1ticamente que nos quedemos en casa y de esta forma eliminar la circulaci\u00f3n del virus.<\/p>\n\n\n\n<p>Colaboraci\u00f3n: Jorge Lasala desde Suipacha<\/p>\n\n\n\n<figure class=\"wp-block-embed-facebook wp-block-embed is-type-video is-provider-facebook\"><div class=\"wp-block-embed__wrapper\">\n<div class=\"fb-video\" data-allowfullscreen=\"true\" data-href=\"https:\/\/www.facebook.com\/1193651483997685\/videos\/697876797458939\/\" style=\"background-color: #fff; display: inline-block;\"><\/div>\n<\/div><\/figure>\n","protected":false},"excerpt":{"rendered":"<p>El Intendente de Suipacha, Alejandro Federico, habl\u00f3 en las primeras horas de la tarde del s\u00e1bado ante la comunidad con &#8230; <a title=\"Coronavirus: Suipacha declara la circulaci\u00f3n comunitaria del virus\" class=\"read-more\" href=\"https:\/\/www.hoymercedes.com.ar\/principal\/2020\/07\/18\/coronavirus-suipacha-declara-la-circulacion-comunitaria-del-virus\/\" aria-label=\"Leer m\u00e1s sobre Coronavirus: Suipacha declara la circulaci\u00f3n comunitaria del virus\">Leer m\u00e1s<\/a><\/p>\n","protected":false},"author":1,"featured_media":113811,"comment_status":"closed","ping_status":"open","sticky":false,"template":"","format":"standard","meta":{"_monsterinsights_skip_tracking":false,"_monsterinsights_sitenote_active":false,"_monsterinsights_sitenote_note":"","_monsterinsights_sitenote_category":0,"jetpack_post_was_ever_published":false,"_jetpack_newsletter_access":"","_jetpack_dont_email_post_to_subs":false,"_jetpack_newsletter_tier_id":0,"_jetpack_memberships_contains_paywalled_content":false,"_jetpack_memberships_contains_paid_content":false,"footnotes":"","jetpack_publicize_message":"","jetpack_publicize_feature_enabled":true,"jetpack_social_post_already_shared":true,"jetpack_social_options":{"image_generator_settings":{"template":"highway","default_image_id":0,"font":"","enabled":false},"version":2},"_wpas_customize_per_network":false},"categories":[5501],"tags":[16175,9322,134,559],"class_list":["post-113810","post","type-post","status-publish","format-standard","has-post-thumbnail","hentry","category-region","tag-coronavirus","tag-region","tag-salud","tag-suipacha","generate-columns","tablet-grid-50","mobile-grid-100","grid-parent","grid-50"],"jetpack_publicize_connections":[],"jetpack_featured_media_url":"https:\/\/www.hoymercedes.com.ar\/principal\/wp-content\/uploads\/2020\/07\/18-suipacha-2.png","wps_subtitle":"Situaci\u00f3n sanitaria en la regi\u00f3n","jetpack_sharing_enabled":true,"_links":{"self":[{"href":"https:\/\/www.hoymercedes.com.ar\/principal\/wp-json\/wp\/v2\/posts\/113810","targetHints":{"allow":["GET"]}}],"collection":[{"href":"https:\/\/www.hoymercedes.com.ar\/principal\/wp-json\/wp\/v2\/posts"}],"about":[{"href":"https:\/\/www.hoymercedes.com.ar\/principal\/wp-json\/wp\/v2\/types\/post"}],"author":[{"embeddable":true,"href":"https:\/\/www.hoymercedes.com.ar\/principal\/wp-json\/wp\/v2\/users\/1"}],"replies":[{"embeddable":true,"href":"https:\/\/www.hoymercedes.com.ar\/principal\/wp-json\/wp\/v2\/comments?post=113810"}],"version-history":[{"count":0,"href":"https:\/\/www.hoymercedes.com.ar\/principal\/wp-json\/wp\/v2\/posts\/113810\/revisions"}],"wp:featuredmedia":[{"embeddable":true,"href":"https:\/\/www.hoymercedes.com.ar\/principal\/wp-json\/wp\/v2\/media\/113811"}],"wp:attachment":[{"href":"https:\/\/www.hoymercedes.com.ar\/principal\/wp-json\/wp\/v2\/media?parent=113810"}],"wp:term":[{"taxonomy":"category","embeddable":true,"href":"https:\/\/www.hoymercedes.com.ar\/principal\/wp-json\/wp\/v2\/categories?post=113810"},{"taxonomy":"post_tag","embeddable":true,"href":"https:\/\/www.hoymercedes.com.ar\/principal\/wp-json\/wp\/v2\/tags?post=113810"}],"curies":[{"name":"wp","href":"https:\/\/api.w.org\/{rel}","templated":true}]}}