{"id":113836,"date":"2020-07-19T13:55:00","date_gmt":"2020-07-19T16:55:00","guid":{"rendered":"http:\/\/www.hoymercedes.com.ar\/principal\/?p=113836"},"modified":"2020-07-19T18:44:14","modified_gmt":"2020-07-19T21:44:14","slug":"entregan-libros-a-escuelas-de-alternacia-de-la-region","status":"publish","type":"post","link":"https:\/\/www.hoymercedes.com.ar\/principal\/2020\/07\/19\/entregan-libros-a-escuelas-de-alternacia-de-la-region\/","title":{"rendered":"Entregan libros a escuelas de alternacia de la regi\u00f3n"},"content":{"rendered":"\n<p>Leer en tiempos de Pandemia. Se entregaron libros en el CEPT N\u00b02 de San Andr\u00e9s de Giles. Por Oscar Dinova. <\/p>\n\n\n\n<p>\u00abTodo comenz\u00f3 en Km 108, un paraje rural habitado por viejos fantasmas y nuevas esperanzas.<br>Un l\u00edder respetado, Rub\u00e9n Alvarez, un pu\u00f1ado de padres convencidos de la importancia que sus hijos deb\u00edan estudiar en el campo y un grupo de profesores, j\u00f3venes y apasionados se lanzan en busca de una quimera; crear una escuela para el medio rural. Era 1988.<br>El resultado ser\u00e1 el CEPT N\u00b02, centro de alternancia fundacional de la provincia de Buenos Aires. Casi por milagro, logr\u00e9 subirme a esa fascinante aventura educativa, junto a solidarios docentes, convencidos padres y entusiasmados jovencitos.<br>Aunque no fue f\u00e1cil, logramos atrapar los sue\u00f1os y convertirlos en hechos. Por una vez, el cielo estuvo con los pies bien firmes en la tierra. En la buena y siempre leal pampa bonaerense.<br>Hoy, el CEPT N\u00b02 est\u00e1 firme, consolidado. Se repiten a\u00f1o a a\u00f1o promociones de todo los rincones del partido y de pueblos vecinos; Azcu\u00e9naga, Sol\u00eds, Heavy, Villa Ruiz, Cucull\u00fa, Villa Espil, Franklin, familias de los pagos de Rivas, Rawson, Andonaegui, San Antonio y Carmen de Areco, Carlos Keen y muchos m\u00e1s.<br>\u201cNunca dejamos de estar en los lugares en que se deja el coraz\u00f3n\u201d. Ahora puedo llegar con mi segunda pasi\u00f3n; escribir. Mis libros, Cuentos del Abuelo y Cr\u00f3nicas de Gardel en Mercedes, editados por UATRE, son llevados por el equipo docente de mi querido CEPT N\u00b02 para que, estos duros tiempos de pandemia, sean la oportunidad de recorrer sus p\u00e1ginas.<br>Cada tranquera, cada puerta, cada casa de campo, es el bienvenido encuentro entre estos comprometidos docentes y las hermosas familias que integran la instituci\u00f3n. Este indestructible v\u00ednculo es la argamasa misma que nutre a toda una sociedad y bendice a nuestro pa\u00eds.<br>Infinitas gracias a toda la Comunidad CEPT -Consejo y Equipo Docente- por permitirme estar cerca de ustedes. Nos estamos encontrando en breve, para repasar estas y otras muchas historias.<br>Un abrazo fraternal, Oscar Dinova\u00bb<\/p>\n\n\n\n<figure class=\"wp-block-gallery columns-3 is-cropped wp-block-gallery-1 is-layout-flex wp-block-gallery-is-layout-flex\"><ul class=\"blocks-gallery-grid\"><li class=\"blocks-gallery-item\"><figure><img loading=\"lazy\" decoding=\"async\" width=\"724\" height=\"960\" data-attachment-id=\"113839\" data-permalink=\"https:\/\/www.hoymercedes.com.ar\/principal\/2020\/07\/19\/entregan-libros-a-escuelas-de-alternacia-de-la-region\/19-dinova\/#main\" data-orig-file=\"https:\/\/www.hoymercedes.com.ar\/principal\/wp-content\/uploads\/2020\/07\/19-dinova.jpg\" data-orig-size=\"724,960\" data-comments-opened=\"0\" data-image-meta=\"{&quot;aperture&quot;:&quot;0&quot;,&quot;credit&quot;:&quot;Picasa&quot;,&quot;camera&quot;:&quot;&quot;,&quot;caption&quot;:&quot;&quot;,&quot;created_timestamp&quot;:&quot;0&quot;,&quot;copyright&quot;:&quot;&quot;,&quot;focal_length&quot;:&quot;0&quot;,&quot;iso&quot;:&quot;0&quot;,&quot;shutter_speed&quot;:&quot;0&quot;,&quot;title&quot;:&quot;&quot;,&quot;orientation&quot;:&quot;0&quot;}\" data-image-title=\"19 dinova\" data-image-description=\"\" data-image-caption=\"\" data-large-file=\"https:\/\/www.hoymercedes.com.ar\/principal\/wp-content\/uploads\/2020\/07\/19-dinova.jpg\" src=\"https:\/\/www.hoymercedes.com.ar\/principal\/wp-content\/uploads\/2020\/07\/19-dinova.jpg\" alt=\"\" data-id=\"113839\" data-full-url=\"https:\/\/www.hoymercedes.com.ar\/principal\/wp-content\/uploads\/2020\/07\/19-dinova.jpg\" data-link=\"https:\/\/www.hoymercedes.com.ar\/principal\/?attachment_id=113839\" class=\"wp-image-113839\"\/><\/figure><\/li><li class=\"blocks-gallery-item\"><figure><img loading=\"lazy\" decoding=\"async\" width=\"730\" height=\"960\" data-attachment-id=\"113838\" data-permalink=\"https:\/\/www.hoymercedes.com.ar\/principal\/2020\/07\/19\/entregan-libros-a-escuelas-de-alternacia-de-la-region\/19-dinova1\/#main\" data-orig-file=\"https:\/\/www.hoymercedes.com.ar\/principal\/wp-content\/uploads\/2020\/07\/19-dinova1.jpg\" data-orig-size=\"730,960\" data-comments-opened=\"0\" data-image-meta=\"{&quot;aperture&quot;:&quot;0&quot;,&quot;credit&quot;:&quot;Picasa&quot;,&quot;camera&quot;:&quot;&quot;,&quot;caption&quot;:&quot;&quot;,&quot;created_timestamp&quot;:&quot;0&quot;,&quot;copyright&quot;:&quot;&quot;,&quot;focal_length&quot;:&quot;0&quot;,&quot;iso&quot;:&quot;0&quot;,&quot;shutter_speed&quot;:&quot;0&quot;,&quot;title&quot;:&quot;&quot;,&quot;orientation&quot;:&quot;0&quot;}\" data-image-title=\"19 dinova1\" data-image-description=\"\" data-image-caption=\"\" data-large-file=\"https:\/\/www.hoymercedes.com.ar\/principal\/wp-content\/uploads\/2020\/07\/19-dinova1.jpg\" src=\"https:\/\/www.hoymercedes.com.ar\/principal\/wp-content\/uploads\/2020\/07\/19-dinova1.jpg\" alt=\"\" data-id=\"113838\" data-full-url=\"https:\/\/www.hoymercedes.com.ar\/principal\/wp-content\/uploads\/2020\/07\/19-dinova1.jpg\" data-link=\"https:\/\/www.hoymercedes.com.ar\/principal\/?attachment_id=113838\" class=\"wp-image-113838\"\/><\/figure><\/li><li class=\"blocks-gallery-item\"><figure><img loading=\"lazy\" decoding=\"async\" width=\"738\" height=\"953\" data-attachment-id=\"113837\" data-permalink=\"https:\/\/www.hoymercedes.com.ar\/principal\/2020\/07\/19\/entregan-libros-a-escuelas-de-alternacia-de-la-region\/19-dinova2\/#main\" data-orig-file=\"https:\/\/www.hoymercedes.com.ar\/principal\/wp-content\/uploads\/2020\/07\/19-dinova2.jpg\" data-orig-size=\"738,953\" data-comments-opened=\"0\" data-image-meta=\"{&quot;aperture&quot;:&quot;0&quot;,&quot;credit&quot;:&quot;Picasa&quot;,&quot;camera&quot;:&quot;&quot;,&quot;caption&quot;:&quot;&quot;,&quot;created_timestamp&quot;:&quot;0&quot;,&quot;copyright&quot;:&quot;&quot;,&quot;focal_length&quot;:&quot;0&quot;,&quot;iso&quot;:&quot;0&quot;,&quot;shutter_speed&quot;:&quot;0&quot;,&quot;title&quot;:&quot;&quot;,&quot;orientation&quot;:&quot;0&quot;}\" data-image-title=\"19 dinova2\" data-image-description=\"\" data-image-caption=\"\" data-large-file=\"https:\/\/www.hoymercedes.com.ar\/principal\/wp-content\/uploads\/2020\/07\/19-dinova2.jpg\" src=\"https:\/\/www.hoymercedes.com.ar\/principal\/wp-content\/uploads\/2020\/07\/19-dinova2.jpg\" alt=\"\" data-id=\"113837\" data-full-url=\"https:\/\/www.hoymercedes.com.ar\/principal\/wp-content\/uploads\/2020\/07\/19-dinova2.jpg\" data-link=\"https:\/\/www.hoymercedes.com.ar\/principal\/?attachment_id=113837\" class=\"wp-image-113837\"\/><\/figure><\/li><\/ul><\/figure>\n","protected":false},"excerpt":{"rendered":"<p>Leer en tiempos de Pandemia. Se entregaron libros en el CEPT N\u00b02 de San Andr\u00e9s de Giles. Por Oscar Dinova. &#8230; <a title=\"Entregan libros a escuelas de alternacia de la regi\u00f3n\" class=\"read-more\" href=\"https:\/\/www.hoymercedes.com.ar\/principal\/2020\/07\/19\/entregan-libros-a-escuelas-de-alternacia-de-la-region\/\" aria-label=\"Leer m\u00e1s sobre Entregan libros a escuelas de alternacia de la regi\u00f3n\">Leer m\u00e1s<\/a><\/p>\n","protected":false},"author":1,"featured_media":113839,"comment_status":"closed","ping_status":"open","sticky":false,"template":"","format":"standard","meta":{"_monsterinsights_skip_tracking":false,"_monsterinsights_sitenote_active":false,"_monsterinsights_sitenote_note":"","_monsterinsights_sitenote_category":0,"jetpack_post_was_ever_published":false,"_jetpack_newsletter_access":"","_jetpack_dont_email_post_to_subs":false,"_jetpack_newsletter_tier_id":0,"_jetpack_memberships_contains_paywalled_content":false,"_jetpack_memberships_contains_paid_content":false,"footnotes":"","jetpack_publicize_message":"","jetpack_publicize_feature_enabled":true,"jetpack_social_post_already_shared":true,"jetpack_social_options":{"image_generator_settings":{"template":"highway","default_image_id":0,"font":"","enabled":false},"version":2},"_wpas_customize_per_network":false},"categories":[23],"tags":[7805,47,12209,12263],"class_list":["post-113836","post","type-post","status-publish","format-standard","has-post-thumbnail","hentry","category-educacion","tag-cultura","tag-educacion-2","tag-escuelas-rurales","tag-libros","generate-columns","tablet-grid-50","mobile-grid-100","grid-parent","grid-50"],"jetpack_publicize_connections":[],"jetpack_featured_media_url":"https:\/\/www.hoymercedes.com.ar\/principal\/wp-content\/uploads\/2020\/07\/19-dinova.jpg","wps_subtitle":"","jetpack_sharing_enabled":true,"_links":{"self":[{"href":"https:\/\/www.hoymercedes.com.ar\/principal\/wp-json\/wp\/v2\/posts\/113836","targetHints":{"allow":["GET"]}}],"collection":[{"href":"https:\/\/www.hoymercedes.com.ar\/principal\/wp-json\/wp\/v2\/posts"}],"about":[{"href":"https:\/\/www.hoymercedes.com.ar\/principal\/wp-json\/wp\/v2\/types\/post"}],"author":[{"embeddable":true,"href":"https:\/\/www.hoymercedes.com.ar\/principal\/wp-json\/wp\/v2\/users\/1"}],"replies":[{"embeddable":true,"href":"https:\/\/www.hoymercedes.com.ar\/principal\/wp-json\/wp\/v2\/comments?post=113836"}],"version-history":[{"count":0,"href":"https:\/\/www.hoymercedes.com.ar\/principal\/wp-json\/wp\/v2\/posts\/113836\/revisions"}],"wp:featuredmedia":[{"embeddable":true,"href":"https:\/\/www.hoymercedes.com.ar\/principal\/wp-json\/wp\/v2\/media\/113839"}],"wp:attachment":[{"href":"https:\/\/www.hoymercedes.com.ar\/principal\/wp-json\/wp\/v2\/media?parent=113836"}],"wp:term":[{"taxonomy":"category","embeddable":true,"href":"https:\/\/www.hoymercedes.com.ar\/principal\/wp-json\/wp\/v2\/categories?post=113836"},{"taxonomy":"post_tag","embeddable":true,"href":"https:\/\/www.hoymercedes.com.ar\/principal\/wp-json\/wp\/v2\/tags?post=113836"}],"curies":[{"name":"wp","href":"https:\/\/api.w.org\/{rel}","templated":true}]}}