{"id":113845,"date":"2020-07-19T15:25:52","date_gmt":"2020-07-19T18:25:52","guid":{"rendered":"http:\/\/www.hoymercedes.com.ar\/principal\/?p=113845"},"modified":"2020-07-19T18:43:32","modified_gmt":"2020-07-19T21:43:32","slug":"lo-que-parece-ser-y-lo-que-es","status":"publish","type":"post","link":"https:\/\/www.hoymercedes.com.ar\/principal\/2020\/07\/19\/lo-que-parece-ser-y-lo-que-es\/","title":{"rendered":"Lo que parece ser,  y lo que es"},"content":{"rendered":"\n<p>Por Luis Aros Peralta &#8211; Si usted escucha la expresi\u00f3n \u201cla florida\u201d, el m\u00e1s elemental sentido com\u00fan lo llevar\u00e1 a discurrir sobre plantas en pleno florecimiento con abundancia de p\u00e9talos exuberantes. Quiz\u00e1s piense en la primavera, en espacios llenos de flores y aromas precisamente primaverales que inundan sus sentidos y se establezca entre usted y el entorno inmediato, un estado de placer plagado de cantos de p\u00e1jaros de distintas especies y tama\u00f1os que musicalizan la estaci\u00f3n primaveral.<\/p>\n\n\n\n<p>Ahora bien, si la expresi\u00f3n es, \u201cBarrio la Florida\u201d. Ac\u00e1 empieza a cambiar el panorama e incorporamos a las personas. Individuos que habitan un barrio sembrado de flores y que esas personas han dedicado parte de su existencia a adornar el espacio en donde quieren vivir, porque les gusta y sienten goce de estar relacionados con las manifestaciones de la naturaleza y por consiguiente se sienten parte de ella.<\/p>\n\n\n\n<p>A trav\u00e9s de esta perspectiva, podr\u00eda deducirse que se est\u00e1 ante la presencia de una simbiosis casi perfecta entre hombres y naturaleza, a\u00f1oranza largamente acariciada por muchos so\u00f1adores de este mundo. De manera que, sin correr el riesgo de caer en un dislate, se puede aseverar que all\u00ed habr\u00eda abundante material de trabajo para poetas. Ellos s\u00ed que se har\u00edan un fest\u00edn describiendo, poniendo en palabras y entonaciones m\u00faltiples, tan frondoso paisaje.<\/p>\n\n\n\n<p>Pero ac\u00e1 se le sugiere, no se haga grandes ilusiones, porque sobre esta breve descripci\u00f3n paisaj\u00edstica no hay buenas noticias. Lo cierto es, que en ese mismo lugar permanece en forma de enclave, un pestilente basural a cielo abierto desde el a\u00f1o 1994, en donde el municipio de Mercedes deposita toda la basura que se genera en la ciudad y pueblos aleda\u00f1os \u2013 unas 80 toneladas diarias \u2013 Que por 26 a\u00f1os se han venido arrojando diariamente sobre una superficie de 8 hect\u00e1reas, ahora rebasadas de desperdicios de todo tipo.<\/p>\n\n\n\n<p>All\u00ed sigue estando como mudo testigo de la inacci\u00f3n, aun cuando los habitantes del lugar vienen reclamando insistentemente desde el inicio su erradicaci\u00f3n, por los perjuicios que les causa a sus vidas, a sus bienes y el deterioro del medio ambiente, adem\u00e1s del riesgo sanitario que implica un basurero a cielo abierto.<\/p>\n\n\n\n<p>Sin embargo, ya se ha dicho que despu\u00e9s de 26 a\u00f1os el reservorio de basura sigue estando, solamente se han mitigado algunos de los efectos, especialmente aquellos que se hacen visibles al pasar por el lugar; pero ahora no es esa la cuesti\u00f3n. Pesa sobre el municipio una sentencia firme de tercera instancia, que el Ejecutivo Municipal ha venido eludiendo de manera sistem\u00e1tica, a esta altura de forma inexplicable. Sentencia que ordena la erradicaci\u00f3n definitiva del basural y que deber\u00e1n finalmente cumplir. Los vecinos y el buen sentido, se niegan a aceptar que las autoridades no cumplan los mandatos judiciales.<\/p>\n\n\n\n<p>Hace s\u00f3lo unos d\u00edas, el Juzgado en lo Contencioso Administrativo de Mercedes, ante la renuencia del municipio a cumplir con la sentencia y, a pedido de los vecinos de La Florida, ha ordenado que en un plazo de 180 d\u00edas que el basurero debe ser erradicado.<\/p>\n\n\n\n<p>Desde noviembre del 2010, fecha en que los vecinos de La Florida cansados de promesas incumplidas y habiendo agotado todas las instancias administrativas, recurrieron en reclamo a la justicia provincial, la que les dio la raz\u00f3n jur\u00eddica en todas sus instancias. No se entiende c\u00f3mo es que el municipio litig\u00f3 en contra de los vecinos \u2013 con costo oneroso para el erario p\u00fablico &#8211; a sabiendas que incumpl\u00eda la Ley, y que su deber supremo es cuidar el medioambiente y las condiciones sanitarias de sus gobernados.<\/p>\n\n\n\n<p>Desde entonces y hasta ahora, han pasado dos gobiernos distintos en la comuna, pero ninguno de los dos, ha sabido, ha querido o ha sido capaz de solucionar el problema del basural. Muy por el contrario, han difundido con mendacidad sistem\u00e1tica que el basurero ya ha sido erradicado y que el saneamiento del lugar se ha realizado aplicando est\u00e1ndares mundiales. As\u00ed cuentan, pero el basural sigue all\u00ed, aun cuando la Sentencia que ordena su cierre permanece incumplida.<\/p>\n\n\n\n<p>Hace s\u00f3lo unos d\u00edas el Juzgado Contencioso Administrativo de Mercedes, m\u00e1s precisamente el 1\u00b0 de julio del presente, dict\u00f3 una Sentencia Ejecutoria en la que se ordena la erradicaci\u00f3n definitiva del basural en un plazo de 180 d\u00edas. Adem\u00e1s, le ordena al municipio informar sobre sobre el derrotero que van a seguir para tal fin y las acciones concretas a ejecutar con fehaciente documentaci\u00f3n respaldatoria. No hay m\u00e1s espacio para dilaciones.<\/p>\n\n\n\n<p>Fotograf\u00edas: Im\u00e1genes de Archivo<\/p>\n","protected":false},"excerpt":{"rendered":"<p>Por Luis Aros Peralta &#8211; Si usted escucha la expresi\u00f3n \u201cla florida\u201d, el m\u00e1s elemental sentido com\u00fan lo llevar\u00e1 a &#8230; <a title=\"Lo que parece ser,  y lo que es\" class=\"read-more\" href=\"https:\/\/www.hoymercedes.com.ar\/principal\/2020\/07\/19\/lo-que-parece-ser-y-lo-que-es\/\" aria-label=\"Leer m\u00e1s sobre Lo que parece ser,  y lo que es\">Leer m\u00e1s<\/a><\/p>\n","protected":false},"author":1,"featured_media":74976,"comment_status":"closed","ping_status":"open","sticky":false,"template":"","format":"standard","meta":{"_monsterinsights_skip_tracking":false,"_monsterinsights_sitenote_active":false,"_monsterinsights_sitenote_note":"","_monsterinsights_sitenote_category":0,"jetpack_post_was_ever_published":false,"_jetpack_newsletter_access":"","_jetpack_dont_email_post_to_subs":false,"_jetpack_newsletter_tier_id":0,"_jetpack_memberships_contains_paywalled_content":false,"_jetpack_memberships_contains_paid_content":false,"footnotes":"","jetpack_publicize_message":"","jetpack_publicize_feature_enabled":true,"jetpack_social_post_already_shared":true,"jetpack_social_options":{"image_generator_settings":{"template":"highway","default_image_id":0,"font":"","enabled":false},"version":2},"_wpas_customize_per_network":false},"categories":[1],"tags":[43,8748],"class_list":["post-113845","post","type-post","status-publish","format-standard","has-post-thumbnail","hentry","category-opinion","tag-medio-ambiente","tag-opinion","generate-columns","tablet-grid-50","mobile-grid-100","grid-parent","grid-50"],"jetpack_publicize_connections":[],"jetpack_featured_media_url":"https:\/\/www.hoymercedes.com.ar\/principal\/wp-content\/uploads\/2018\/04\/24-Luis-Aros-Basural-2.jpg","wps_subtitle":"Nota de Opini\u00f3n","jetpack_sharing_enabled":true,"_links":{"self":[{"href":"https:\/\/www.hoymercedes.com.ar\/principal\/wp-json\/wp\/v2\/posts\/113845","targetHints":{"allow":["GET"]}}],"collection":[{"href":"https:\/\/www.hoymercedes.com.ar\/principal\/wp-json\/wp\/v2\/posts"}],"about":[{"href":"https:\/\/www.hoymercedes.com.ar\/principal\/wp-json\/wp\/v2\/types\/post"}],"author":[{"embeddable":true,"href":"https:\/\/www.hoymercedes.com.ar\/principal\/wp-json\/wp\/v2\/users\/1"}],"replies":[{"embeddable":true,"href":"https:\/\/www.hoymercedes.com.ar\/principal\/wp-json\/wp\/v2\/comments?post=113845"}],"version-history":[{"count":0,"href":"https:\/\/www.hoymercedes.com.ar\/principal\/wp-json\/wp\/v2\/posts\/113845\/revisions"}],"wp:featuredmedia":[{"embeddable":true,"href":"https:\/\/www.hoymercedes.com.ar\/principal\/wp-json\/wp\/v2\/media\/74976"}],"wp:attachment":[{"href":"https:\/\/www.hoymercedes.com.ar\/principal\/wp-json\/wp\/v2\/media?parent=113845"}],"wp:term":[{"taxonomy":"category","embeddable":true,"href":"https:\/\/www.hoymercedes.com.ar\/principal\/wp-json\/wp\/v2\/categories?post=113845"},{"taxonomy":"post_tag","embeddable":true,"href":"https:\/\/www.hoymercedes.com.ar\/principal\/wp-json\/wp\/v2\/tags?post=113845"}],"curies":[{"name":"wp","href":"https:\/\/api.w.org\/{rel}","templated":true}]}}