{"id":113856,"date":"2020-07-19T22:06:00","date_gmt":"2020-07-20T01:06:00","guid":{"rendered":"http:\/\/www.hoymercedes.com.ar\/principal\/?p=113856"},"modified":"2020-07-20T22:02:30","modified_gmt":"2020-07-21T01:02:30","slug":"coronavirus-informe-local-del-dia-domingo-19","status":"publish","type":"post","link":"https:\/\/www.hoymercedes.com.ar\/principal\/2020\/07\/19\/coronavirus-informe-local-del-dia-domingo-19\/","title":{"rendered":"Coronavirus: informe local del d\u00eda domingo 19"},"content":{"rendered":"\n<p>Pasadas las diez de la noche de este domingo, desde el Municipio de Mercedes y el Hospital Dubarry se inform\u00f3 que \u00abno hay resultados de laboratorio\u00bb. <\/p>\n\n\n\n<p>\u00abSe efectuaron 40 test cuyos cierres se conocer\u00e1 durante la jornada del lunes. Los mismos corresponden a b\u00fasquedas activas sobre focos identificados y en estudio constante. Otros 2 pacientes obtuvieron el alta m\u00e9dica tras recuperarse del virus arribando a 124 recuperados. De esta manera arribamos a 178 casos activos y 305 desde iniciada la pandemia\u00bb resaltan en el informe.<\/p>\n\n\n\n<p>Finalmente, informan que los residentes del Hogar Villa Abrille se encuentran en buen estado de salud, siendo monitoreados y acompa\u00f1ados las 24hs por personal profesional conviviendo con ellos.<\/p>\n\n\n\n<p>\u00abPor otra parte, m\u00e1s de 40 operadores del centro de teleseguiminto municipal contin\u00faan asistiendo, conteniendo, informando y formando a 988 vecinos y vecinas\u00bb, agregan.<\/p>\n\n\n\n<p>\u00abRecord\u00e1: el pr\u00f3ximo 20 de julio se conmemora el d\u00eda del amigo. Las reuniones y encuentros son el principal foco de contagio y distribuci\u00f3n del virus. Respetemos las normas\u00bb, concluyen en cierre del d\u00eda en cuanto a la situaci\u00f3n epidemiol\u00f3gica.<\/p>\n\n\n\n<figure class=\"wp-block-image size-large\"><img loading=\"lazy\" decoding=\"async\" width=\"900\" height=\"970\" data-attachment-id=\"113859\" data-permalink=\"https:\/\/www.hoymercedes.com.ar\/principal\/2020\/07\/19\/coronavirus-informe-local-del-dia-domingo-19\/img-20200719-wa0019\/#main\" data-orig-file=\"https:\/\/www.hoymercedes.com.ar\/principal\/wp-content\/uploads\/2020\/07\/IMG-20200719-WA0019.jpg\" data-orig-size=\"900,970\" data-comments-opened=\"0\" data-image-meta=\"{&quot;aperture&quot;:&quot;0&quot;,&quot;credit&quot;:&quot;&quot;,&quot;camera&quot;:&quot;&quot;,&quot;caption&quot;:&quot;&quot;,&quot;created_timestamp&quot;:&quot;0&quot;,&quot;copyright&quot;:&quot;&quot;,&quot;focal_length&quot;:&quot;0&quot;,&quot;iso&quot;:&quot;0&quot;,&quot;shutter_speed&quot;:&quot;0&quot;,&quot;title&quot;:&quot;&quot;,&quot;orientation&quot;:&quot;0&quot;}\" data-image-title=\"IMG-20200719-WA0019\" data-image-description=\"\" data-image-caption=\"\" data-large-file=\"https:\/\/www.hoymercedes.com.ar\/principal\/wp-content\/uploads\/2020\/07\/IMG-20200719-WA0019.jpg\" src=\"https:\/\/www.hoymercedes.com.ar\/principal\/wp-content\/uploads\/2020\/07\/IMG-20200719-WA0019.jpg\" alt=\"\" class=\"wp-image-113859\"\/><\/figure>\n\n\n\n<p><strong>Informe nacional<\/strong><\/p>\n\n\n\n<p>Por su parte, el informe nacional de este domingo confirm\u00f3 4.231 nuevos casos de COVID-19. Con estos registros, suman 126.755 positivos en el pa\u00eds. Del total del d\u00eda, 2761 son de la provincia de Buenos Aires, en tanto, 1115 son pacientes de la ciudad de Buenos Aires. El resto de los pacientes confirmados el domingo se distribuyen en: Catamarca 3; Chaco 48; Chubut 3; C\u00f3rdoba 67; Entre R\u00edos 16; Jujuy 6; La Rioja 4; Mendoza 41; Neuqu\u00e9n 33; R\u00edo Negro 23; Salta 23; Santa Cruz 59; S0nta Fe 23; Santiago del Estero 1; y Tierra del Fuego 5. <\/p>\n\n\n\n<p>Del total de esos casos, 1.095 (0,9%) son importados, 40.138 (31,7%) son contactos estrechos de casos confirmados, 63.648 (50,2%) son casos de circulaci\u00f3n comunitaria y el resto se encuentra en investigaci\u00f3n epidemiol\u00f3gica.<\/p>\n\n\n\n<p>En las \u00faltimas 24 horas, se inform\u00f3 que 40 personas fallecieron por el covid-19. Las primeras 26 fueron informadas en la ma\u00f1ana de este domingo: 16 hombres (cuatro de 54, 78, 85 y 91 a\u00f1os, residentes en la provincia de Buenos Aires; diez de 64, 73, 74, 77, 82, 83, 86, 83, 89 y 91 a\u00f1os, residentes en la Ciudad de Buenos Aires; uno de 91 a\u00f1os, residente en la provincia de C\u00f3rdoba; y uno de 74 a\u00f1os, residente en la provincia de Santa F\u00e9) y 10 mujeres (seis de 62, 66, 68, 77, 84 y 98 a\u00f1os, residentes en la provincia de Buenos Aires; tres de 74, 91 y 85 a\u00f1os, residentes en la Ciudad de Buenos Aires; y una de 73 a\u00f1os, residente en la<br>provincia de Mendoza)<\/p>\n\n\n\n<p>En tanto, en el informe vespertino se conocieron los catorce fallcimientos restantes: 8 hombres (cinco de 87, 78, 81, 93 y 76 a\u00f1os, residentes en la provincia de Buenos Aires; uno de 83 a\u00f1os, residente en la Ciudad de Buenos Aires; uno de 83 a\u00f1os, residente en la provincia de Chaco; y uno de 70 a\u00f1os, residente en la provincia de Corrientes) y 6 mujeres de 87, 89, 85, 70, 75 y 76 a\u00f1os, residentes en la provincia de Buenos Aires. Al momento la cantidad de personas fallecidas es 2.260.<\/p>\n","protected":false},"excerpt":{"rendered":"<p>Pasadas las diez de la noche de este domingo, desde el Municipio de Mercedes y el Hospital Dubarry se inform\u00f3 &#8230; <a title=\"Coronavirus: informe local del d\u00eda domingo 19\" class=\"read-more\" href=\"https:\/\/www.hoymercedes.com.ar\/principal\/2020\/07\/19\/coronavirus-informe-local-del-dia-domingo-19\/\" aria-label=\"Leer m\u00e1s sobre Coronavirus: informe local del d\u00eda domingo 19\">Leer m\u00e1s<\/a><\/p>\n","protected":false},"author":1,"featured_media":113859,"comment_status":"closed","ping_status":"open","sticky":false,"template":"","format":"standard","meta":{"_monsterinsights_skip_tracking":false,"_monsterinsights_sitenote_active":false,"_monsterinsights_sitenote_note":"","_monsterinsights_sitenote_category":0,"jetpack_post_was_ever_published":false,"_jetpack_newsletter_access":"","_jetpack_dont_email_post_to_subs":false,"_jetpack_newsletter_tier_id":0,"_jetpack_memberships_contains_paywalled_content":false,"_jetpack_memberships_contains_paid_content":false,"footnotes":"","jetpack_publicize_message":"","jetpack_publicize_feature_enabled":true,"jetpack_social_post_already_shared":true,"jetpack_social_options":{"image_generator_settings":{"template":"highway","default_image_id":0,"font":"","enabled":false},"version":2},"_wpas_customize_per_network":false},"categories":[8],"tags":[16561,16175,16313,16854],"class_list":["post-113856","post","type-post","status-publish","format-standard","has-post-thumbnail","hentry","category-sociedad","tag-cierre-del-dia","tag-coronavirus","tag-covid-19","tag-informe-local","generate-columns","tablet-grid-50","mobile-grid-100","grid-parent","grid-50"],"jetpack_publicize_connections":[],"jetpack_featured_media_url":"https:\/\/www.hoymercedes.com.ar\/principal\/wp-content\/uploads\/2020\/07\/IMG-20200719-WA0019.jpg","wps_subtitle":"Cierre del d\u00eda","jetpack_sharing_enabled":true,"_links":{"self":[{"href":"https:\/\/www.hoymercedes.com.ar\/principal\/wp-json\/wp\/v2\/posts\/113856","targetHints":{"allow":["GET"]}}],"collection":[{"href":"https:\/\/www.hoymercedes.com.ar\/principal\/wp-json\/wp\/v2\/posts"}],"about":[{"href":"https:\/\/www.hoymercedes.com.ar\/principal\/wp-json\/wp\/v2\/types\/post"}],"author":[{"embeddable":true,"href":"https:\/\/www.hoymercedes.com.ar\/principal\/wp-json\/wp\/v2\/users\/1"}],"replies":[{"embeddable":true,"href":"https:\/\/www.hoymercedes.com.ar\/principal\/wp-json\/wp\/v2\/comments?post=113856"}],"version-history":[{"count":0,"href":"https:\/\/www.hoymercedes.com.ar\/principal\/wp-json\/wp\/v2\/posts\/113856\/revisions"}],"wp:featuredmedia":[{"embeddable":true,"href":"https:\/\/www.hoymercedes.com.ar\/principal\/wp-json\/wp\/v2\/media\/113859"}],"wp:attachment":[{"href":"https:\/\/www.hoymercedes.com.ar\/principal\/wp-json\/wp\/v2\/media?parent=113856"}],"wp:term":[{"taxonomy":"category","embeddable":true,"href":"https:\/\/www.hoymercedes.com.ar\/principal\/wp-json\/wp\/v2\/categories?post=113856"},{"taxonomy":"post_tag","embeddable":true,"href":"https:\/\/www.hoymercedes.com.ar\/principal\/wp-json\/wp\/v2\/tags?post=113856"}],"curies":[{"name":"wp","href":"https:\/\/api.w.org\/{rel}","templated":true}]}}