{"id":113881,"date":"2020-07-20T19:55:18","date_gmt":"2020-07-20T22:55:18","guid":{"rendered":"http:\/\/www.hoymercedes.com.ar\/principal\/?p=113881"},"modified":"2020-07-20T19:55:22","modified_gmt":"2020-07-20T22:55:22","slug":"capacitan-a-operadores-para-el-seguimiento-y-rastreo-de-covid-19","status":"publish","type":"post","link":"https:\/\/www.hoymercedes.com.ar\/principal\/2020\/07\/20\/capacitan-a-operadores-para-el-seguimiento-y-rastreo-de-covid-19\/","title":{"rendered":"Capacitan a operadores para el seguimiento y rastreo de covid-19"},"content":{"rendered":"\n<p>Se realiz\u00f3 la segunda capacitaci\u00f3n para operadores de seguimiento y rastreo en el teatro argentino \u201cJulio C\u00e9sar Gioscio\u201d. La necesidad constante de sostener los rastreos y estudios epidemiol\u00f2gicos y contar con saberes en esta din\u00e1mica realidad que nos impone la pandemia. All\u00ed, se convocaron a quienes est\u00e1n trabajando en esta nueva herramienta de salud, como as\u00ed tambi\u00e9n, al C.O.E (Comit\u00e9 Operativo de Emergencia) y a las \u00e1reas municipales que se articulan en esta importante tarea.<\/p>\n\n\n\n<p>La Lic. Marianela Arenillas, directora del C.I.C y una de las representantes de este programa se\u00f1al\u00f3 \u201cla tarea que se realiza a trav\u00e9s de este mecanismo de rastreo y seguimiento de personas con COVID-19 es muy importante\u201d y agreg\u00f3 \u201cla idea, c\u00f3mo siempre dice el intendente Ustarroz, es poder detectar los casos y as\u00ed llevar adelante el cerramiento de ese posible foco de contagio y realizar la investigaci\u00f3n epidemiol\u00f3gica correspondiente\u201d.<\/p>\n\n\n\n<p>\u201cEstamos muy contentos con todos los voluntarios que se han sumado a este operativo de seguimiento\u201d apunt\u00f3 Arenilla y cont\u00f3 \u201ceste trabajo se hace desde el CDI (Centro de Diagn\u00f3stico por Im\u00e1genes) un lugar amplio -donde hacemos diferentes turnos- que respetan las medidas de distanciamiento y seguridad sanitaria\u201d.<\/p>\n\n\n\n<p>Asimismo, Arenillas se\u00f1al\u00f3 \u201cel intendente Ustarroz ha dispuesto todos los recursos municipales, como as\u00ed tambi\u00e9n lo ha hecho el Hospital Blas L. Dubarry, la cl\u00ednica Nueva Cruz Azul, para que acompa\u00f1en al SAME y al operativo de rastreo en esta intervenci\u00f3n y seguimiento bien aceitado que se est\u00e1 ejecutando en la ciudad\u201d.&nbsp;&nbsp;&nbsp;<\/p>\n\n\n\n<p>De esta manera, y gracias a la articulaci\u00f3n y trabajo en conjunto de las diferentes acciones dispuestas en la ciudad, la intensidad de los contagios y la propagaci\u00f3n del COVID-19 se puede ver contenido, brindando, adem\u00e1s, apoyo y seguimiento a los vecinos que desgraciadamente se ven afectados por esta enfermedad.\u00a0\u00a0<\/p>\n\n\n\n<p>Fuente: Prensa Municipal<\/p>\n","protected":false},"excerpt":{"rendered":"<p>Se realiz\u00f3 la segunda capacitaci\u00f3n para operadores de seguimiento y rastreo en el teatro argentino \u201cJulio C\u00e9sar Gioscio\u201d. La necesidad &#8230; <a title=\"Capacitan a operadores para el seguimiento y rastreo de covid-19\" class=\"read-more\" href=\"https:\/\/www.hoymercedes.com.ar\/principal\/2020\/07\/20\/capacitan-a-operadores-para-el-seguimiento-y-rastreo-de-covid-19\/\" aria-label=\"Leer m\u00e1s sobre Capacitan a operadores para el seguimiento y rastreo de covid-19\">Leer m\u00e1s<\/a><\/p>\n","protected":false},"author":1,"featured_media":113882,"comment_status":"closed","ping_status":"open","sticky":false,"template":"","format":"standard","meta":{"_monsterinsights_skip_tracking":false,"_monsterinsights_sitenote_active":false,"_monsterinsights_sitenote_note":"","_monsterinsights_sitenote_category":0,"jetpack_post_was_ever_published":false,"_jetpack_newsletter_access":"","_jetpack_dont_email_post_to_subs":false,"_jetpack_newsletter_tier_id":0,"_jetpack_memberships_contains_paywalled_content":false,"_jetpack_memberships_contains_paid_content":false,"footnotes":"","jetpack_publicize_message":"","jetpack_publicize_feature_enabled":true,"jetpack_social_post_already_shared":true,"jetpack_social_options":{"image_generator_settings":{"template":"highway","default_image_id":0,"font":"","enabled":false},"version":2},"_wpas_customize_per_network":false},"categories":[30],"tags":[],"class_list":["post-113881","post","type-post","status-publish","format-standard","has-post-thumbnail","hentry","category-municipio","generate-columns","tablet-grid-50","mobile-grid-100","grid-parent","grid-50"],"jetpack_publicize_connections":[],"jetpack_featured_media_url":"https:\/\/www.hoymercedes.com.ar\/principal\/wp-content\/uploads\/2020\/07\/Capacitacion.2.jpg","wps_subtitle":"","jetpack_sharing_enabled":true,"_links":{"self":[{"href":"https:\/\/www.hoymercedes.com.ar\/principal\/wp-json\/wp\/v2\/posts\/113881","targetHints":{"allow":["GET"]}}],"collection":[{"href":"https:\/\/www.hoymercedes.com.ar\/principal\/wp-json\/wp\/v2\/posts"}],"about":[{"href":"https:\/\/www.hoymercedes.com.ar\/principal\/wp-json\/wp\/v2\/types\/post"}],"author":[{"embeddable":true,"href":"https:\/\/www.hoymercedes.com.ar\/principal\/wp-json\/wp\/v2\/users\/1"}],"replies":[{"embeddable":true,"href":"https:\/\/www.hoymercedes.com.ar\/principal\/wp-json\/wp\/v2\/comments?post=113881"}],"version-history":[{"count":0,"href":"https:\/\/www.hoymercedes.com.ar\/principal\/wp-json\/wp\/v2\/posts\/113881\/revisions"}],"wp:featuredmedia":[{"embeddable":true,"href":"https:\/\/www.hoymercedes.com.ar\/principal\/wp-json\/wp\/v2\/media\/113882"}],"wp:attachment":[{"href":"https:\/\/www.hoymercedes.com.ar\/principal\/wp-json\/wp\/v2\/media?parent=113881"}],"wp:term":[{"taxonomy":"category","embeddable":true,"href":"https:\/\/www.hoymercedes.com.ar\/principal\/wp-json\/wp\/v2\/categories?post=113881"},{"taxonomy":"post_tag","embeddable":true,"href":"https:\/\/www.hoymercedes.com.ar\/principal\/wp-json\/wp\/v2\/tags?post=113881"}],"curies":[{"name":"wp","href":"https:\/\/api.w.org\/{rel}","templated":true}]}}