{"id":113891,"date":"2020-07-20T21:39:45","date_gmt":"2020-07-21T00:39:45","guid":{"rendered":"http:\/\/www.hoymercedes.com.ar\/principal\/?p=113891"},"modified":"2020-07-20T21:58:09","modified_gmt":"2020-07-21T00:58:09","slug":"reparan-y-cambian-canos-de-agua","status":"publish","type":"post","link":"https:\/\/www.hoymercedes.com.ar\/principal\/2020\/07\/20\/reparan-y-cambian-canos-de-agua\/","title":{"rendered":"Reparan y cambian ca\u00f1os de agua"},"content":{"rendered":"\n<p>El Municipio de Mercedes, a trav\u00e9s del \u00e1rea Servicios P\u00fablicos, contin\u00faa con la tarea de la reparaci\u00f3n de ca\u00f1er\u00eda de agua obsoleta de la ciudad. Por estos d\u00edas, trabajaron en las ca\u00f1er\u00edas de las calles  54 y 23 y de la 107 y 102. <\/p>\n\n\n\n<div class=\"wp-block-image\"><figure class=\"aligncenter size-large\"><img loading=\"lazy\" decoding=\"async\" width=\"800\" height=\"800\" data-attachment-id=\"113889\" data-permalink=\"https:\/\/www.hoymercedes.com.ar\/principal\/2020\/07\/21\/ustarroz-participo-del-lanzamiento-del-programa-comunidades-sin-violencias\/20-muni-cloacas\/#main\" data-orig-file=\"https:\/\/www.hoymercedes.com.ar\/principal\/wp-content\/uploads\/2020\/07\/20-muni-cloacas.jpg\" data-orig-size=\"800,800\" data-comments-opened=\"0\" data-image-meta=\"{&quot;aperture&quot;:&quot;0&quot;,&quot;credit&quot;:&quot;&quot;,&quot;camera&quot;:&quot;&quot;,&quot;caption&quot;:&quot;&quot;,&quot;created_timestamp&quot;:&quot;0&quot;,&quot;copyright&quot;:&quot;&quot;,&quot;focal_length&quot;:&quot;0&quot;,&quot;iso&quot;:&quot;0&quot;,&quot;shutter_speed&quot;:&quot;0&quot;,&quot;title&quot;:&quot;&quot;,&quot;orientation&quot;:&quot;0&quot;}\" data-image-title=\"20 muni cloacas\" data-image-description=\"\" data-image-caption=\"\" data-large-file=\"https:\/\/www.hoymercedes.com.ar\/principal\/wp-content\/uploads\/2020\/07\/20-muni-cloacas.jpg\" src=\"https:\/\/www.hoymercedes.com.ar\/principal\/wp-content\/uploads\/2020\/07\/20-muni-cloacas.jpg\" alt=\"\" class=\"wp-image-113889\"\/><\/figure><\/div>\n\n\n\n<p>El subsecretario de Obras P\u00fablicas, Lu\u00eds Ponce, manifest\u00f3 \u201cel d\u00eda viernes 17 de julio se estuvo reparando una gran p\u00e9rdida que se encontraba en un ca\u00f1o maestro ubicado en la calle 54 y 23\u201d y agreg\u00f3 \u201cluego de un llamado de un vecino al 147, un equipo de aguas corrientes se hizo presente, mismo que descubri\u00f3 esta gran p\u00e9rdida\u201d.<\/p>\n\n\n\n<p>\u201cInmediatamente se comenzaron los trabajos correspondientes para poder subsanar el problema en beneficio de todos los vecinos\u201d destac\u00f3 Ponce y a\u00f1adi\u00f3 \u201cvenimos trabajando constantemente en todo lo que tiene que ver con reparaci\u00f3n y mejoramiento del servicio en la ciudad\u201d.&nbsp;<\/p>\n\n\n\n<p>A su vez, el subsecretario de Obras P\u00fablicas expres\u00f3 \u201cestamos trabajando fuertemente en un ca\u00f1o maestro ubicado en la calle 107 y 102 siempre con el objetivo de subsanar las distintas p\u00e9rdidas que se producen debido, en su gran mayor\u00eda, a la antig\u00fcedad de las ca\u00f1er\u00edas que existen a trav\u00e9s de toda la traza de la ciudad\u201d y resalt\u00f3 \u201ces as\u00ed que venimos identificando los problemas y avanzamos en la recuperaci\u00f3n y reparaci\u00f3n de los ca\u00f1os\u201d.<\/p>\n\n\n\n<p>Es importante destacar gran porcentaje de la red -tanto de agua como cloacal- data de muchos a\u00f1os, por lo cual, la labor es relativamente intensa en cuanto a esta problem\u00e1tica.&nbsp;<\/p>\n\n\n\n<p>Asimismo, es importante destacar que hace pocos d\u00edas el intendente Juan Ignacio Ustarroz firm\u00f3 un importante convenio con el Ministro de Infraestructura, Gabriel Katopodis, el cual tiene como objetivo la realizaci\u00f3n de obras para el mejoramiento de la presi\u00f3n de agua, como as\u00ed tambi\u00e9n, en la red cloacal.<\/p>\n\n\n\n<p>En este sentido, Luis Ponce se\u00f1al\u00f3 \u201ca trav\u00e9s del \u00e1rea de Servicios P\u00fablicos y gracias a este convenio con el Ente Nacional de Obras H\u00eddricas de Saneamiento (ENOHSA) estamos construyendo dos bombas, y los pozos correspondientes, que nos permitir\u00e1n llegar al verano con mayor caudal de agua y m\u00e1s presi\u00f3n\u201d y apunt\u00f3 \u201cadem\u00e1s, se est\u00e1n haciendo dos conexiones nuevas, todo con mano de obra municipal\u201d.&nbsp;&nbsp;<\/p>\n","protected":false},"excerpt":{"rendered":"<p>El Municipio de Mercedes, a trav\u00e9s del \u00e1rea Servicios P\u00fablicos, contin\u00faa con la tarea de la reparaci\u00f3n de ca\u00f1er\u00eda de &#8230; <a title=\"Reparan y cambian ca\u00f1os de agua\" class=\"read-more\" href=\"https:\/\/www.hoymercedes.com.ar\/principal\/2020\/07\/20\/reparan-y-cambian-canos-de-agua\/\" aria-label=\"Leer m\u00e1s sobre Reparan y cambian ca\u00f1os de agua\">Leer m\u00e1s<\/a><\/p>\n","protected":false},"author":1,"featured_media":113889,"comment_status":"closed","ping_status":"open","sticky":false,"template":"","format":"standard","meta":{"_monsterinsights_skip_tracking":false,"_monsterinsights_sitenote_active":false,"_monsterinsights_sitenote_note":"","_monsterinsights_sitenote_category":0,"jetpack_post_was_ever_published":false,"_jetpack_newsletter_access":"","_jetpack_dont_email_post_to_subs":false,"_jetpack_newsletter_tier_id":0,"_jetpack_memberships_contains_paywalled_content":false,"_jetpack_memberships_contains_paid_content":false,"footnotes":"","jetpack_publicize_message":"","jetpack_publicize_feature_enabled":true,"jetpack_social_post_already_shared":true,"jetpack_social_options":{"image_generator_settings":{"template":"highway","default_image_id":0,"font":"","enabled":false},"version":2},"_wpas_customize_per_network":false},"categories":[30],"tags":[16848,244,8628],"class_list":["post-113891","post","type-post","status-publish","format-standard","has-post-thumbnail","hentry","category-municipio","tag-caneria-de-agua","tag-municipio-2","tag-servicios-publicos","generate-columns","tablet-grid-50","mobile-grid-100","grid-parent","grid-50"],"jetpack_publicize_connections":[],"jetpack_featured_media_url":"https:\/\/www.hoymercedes.com.ar\/principal\/wp-content\/uploads\/2020\/07\/20-muni-cloacas.jpg","wps_subtitle":"Servicios p\u00fablicos","jetpack_sharing_enabled":true,"_links":{"self":[{"href":"https:\/\/www.hoymercedes.com.ar\/principal\/wp-json\/wp\/v2\/posts\/113891","targetHints":{"allow":["GET"]}}],"collection":[{"href":"https:\/\/www.hoymercedes.com.ar\/principal\/wp-json\/wp\/v2\/posts"}],"about":[{"href":"https:\/\/www.hoymercedes.com.ar\/principal\/wp-json\/wp\/v2\/types\/post"}],"author":[{"embeddable":true,"href":"https:\/\/www.hoymercedes.com.ar\/principal\/wp-json\/wp\/v2\/users\/1"}],"replies":[{"embeddable":true,"href":"https:\/\/www.hoymercedes.com.ar\/principal\/wp-json\/wp\/v2\/comments?post=113891"}],"version-history":[{"count":0,"href":"https:\/\/www.hoymercedes.com.ar\/principal\/wp-json\/wp\/v2\/posts\/113891\/revisions"}],"wp:featuredmedia":[{"embeddable":true,"href":"https:\/\/www.hoymercedes.com.ar\/principal\/wp-json\/wp\/v2\/media\/113889"}],"wp:attachment":[{"href":"https:\/\/www.hoymercedes.com.ar\/principal\/wp-json\/wp\/v2\/media?parent=113891"}],"wp:term":[{"taxonomy":"category","embeddable":true,"href":"https:\/\/www.hoymercedes.com.ar\/principal\/wp-json\/wp\/v2\/categories?post=113891"},{"taxonomy":"post_tag","embeddable":true,"href":"https:\/\/www.hoymercedes.com.ar\/principal\/wp-json\/wp\/v2\/tags?post=113891"}],"curies":[{"name":"wp","href":"https:\/\/api.w.org\/{rel}","templated":true}]}}