{"id":113893,"date":"2020-07-20T22:00:00","date_gmt":"2020-07-21T01:00:00","guid":{"rendered":"http:\/\/www.hoymercedes.com.ar\/principal\/?p=113893"},"modified":"2020-07-20T22:03:34","modified_gmt":"2020-07-21T01:03:34","slug":"coronavirus-en-mercedes-mas-positivos-entre-las-fuerzas-de-seguridad","status":"publish","type":"post","link":"https:\/\/www.hoymercedes.com.ar\/principal\/2020\/07\/20\/coronavirus-en-mercedes-mas-positivos-entre-las-fuerzas-de-seguridad\/","title":{"rendered":"Coronavirus en Mercedes: M\u00e1s positivos entre las fuerzas de seguridad"},"content":{"rendered":"\n<p>Iniciada la noche de este lunes, se dio a conocer el informe local con la situaci\u00f3n epidemiol\u00f3gica de Mercedes. Se detectaron 39 nuevos casos de covid-19, de los cuales 23 son pacientes vincultados a las fuerzas de seguridad y 16 son convivientes o contactos estrechos de personas en seguimiento y rastreo de potenciales contagios. Asimismo comunicaron que 12 pacientes lograron el alta m\u00e9dica. <\/p>\n\n\n\n<div class=\"wp-block-image\"><figure class=\"aligncenter size-large\"><img loading=\"lazy\" decoding=\"async\" width=\"900\" height=\"970\" data-attachment-id=\"113899\" data-permalink=\"https:\/\/www.hoymercedes.com.ar\/principal\/2020\/07\/20\/coronavirus-en-mercedes-mas-positivos-entre-las-fuerzas-de-seguridad\/whatsapp-image-2020-07-20-at-21-46-18\/#main\" data-orig-file=\"https:\/\/www.hoymercedes.com.ar\/principal\/wp-content\/uploads\/2020\/07\/WhatsApp-Image-2020-07-20-at-21.46.18.jpeg\" data-orig-size=\"900,970\" data-comments-opened=\"0\" data-image-meta=\"{&quot;aperture&quot;:&quot;0&quot;,&quot;credit&quot;:&quot;&quot;,&quot;camera&quot;:&quot;&quot;,&quot;caption&quot;:&quot;&quot;,&quot;created_timestamp&quot;:&quot;0&quot;,&quot;copyright&quot;:&quot;&quot;,&quot;focal_length&quot;:&quot;0&quot;,&quot;iso&quot;:&quot;0&quot;,&quot;shutter_speed&quot;:&quot;0&quot;,&quot;title&quot;:&quot;&quot;,&quot;orientation&quot;:&quot;0&quot;}\" data-image-title=\"WhatsApp Image 2020-07-20 at 21.46.18\" data-image-description=\"\" data-image-caption=\"\" data-large-file=\"https:\/\/www.hoymercedes.com.ar\/principal\/wp-content\/uploads\/2020\/07\/WhatsApp-Image-2020-07-20-at-21.46.18.jpeg\" src=\"https:\/\/www.hoymercedes.com.ar\/principal\/wp-content\/uploads\/2020\/07\/WhatsApp-Image-2020-07-20-at-21.46.18.jpeg\" alt=\"\" class=\"wp-image-113899\"\/><\/figure><\/div>\n\n\n\n<p>El informe enviado por la Municipalidad de Mercedes y el Hospital Blas L. Dubarry expresa: <br>\u00abEn el d\u00eda de la fecha tras los estudios efectuados por el Laboratorio de Virolog\u00eda Molecular Municipal con una extensa joranda de doble turno se detectaron 39 nuevos casos para covid-19.<br>Los mismos se distribuyen de la siguiente manera: 23 vinculados a las fuerzas de seguridad y 16 son convivientes o contactos estrechos de vecinos y vecinas en seguimiento y rastreo de las b\u00fasquedas activas del Centro de Teleseguimiento.<br>A su vez recibimos la buena noticia de que 12 pacientes lograron el alta m\u00e9dica tras recuperarse del virus arribando a 136.<br>De esta manera llegamos a 205 casos activos y 344 desde iniciada la pandemia.<br>Los residentes del Hogar Villa Abrille se encuentran en buen estado de salud, siendo monitoreados y acompa\u00f1ados las 24hs por personal profesional conviviendo con ellos.<br>Por otra parte, hoy se concret\u00f3 una nueva capacitaci\u00f3n para los operadores socio sanitarios del centro de teleseguimiento siendo 42 agentes al servicio de la contenci\u00f3n, asistencia, formaci\u00f3n e informaci\u00f3n de los mercedinos\u00bb.<\/p>\n\n\n\n<p><strong>Informe Nacional<\/strong><br>En el informe brindado por el Ministerio de Salud de Naci\u00f3n, este lunes se confirmaron 3.937 nuevos casos de COVID-19. Con estos registros, suman 130.774 positivos en el pa\u00eds desde que lleg\u00f3 la pandemia. En los datos de este lunes, 2556 casos positivos pertenecen a la provinca de Buenos Aires y 1090 de la ciudad de Buenos Aires. El resto de los casos positivos del d\u00eda son de Chaco 30; Chubut 4; C\u00f3rdoba 39; Entre R\u00edos 18; Jujuy 84; Mendoza 25; Neuqu\u00e9n 17; R\u00edo Negro 21; Salta 1; San Luis 1; Santa Cruz 24; y Santa Fe 27. <\/p>\n\n\n\n<p>En las \u00faltimas 24 horas, la cantidad de personas fallecidas por covid-19 super\u00f3 los n\u00fameros hasta el momento: 113 personas fallecieron. En la ma\u00f1ana informaron de las primeras 21: diecisiete hombres (seis de 61, 74, 86, 80, 51 y 70 a\u00f1os, residentes en la provincia de Buenos Aires; nueve de 86, 78, 78, 89, 61, 51, 83, 85 y 62 a\u00f1os, residentes en la Ciudad de Buenos Aires; uno de 82 a\u00f1os, residente en la provincia de Chaco; y uno de 87 a\u00f1os, residente en la provincia de R\u00edo Negro) y 4 mujeres de 74, 61, 64 y 67 a\u00f1os, residentes en la provincia de Buenos Aires.<\/p>\n\n\n\n<p>En el informe vespertino notificaron los 92 fallecidos: 46 hombres (treinta residentes en la provincia de Buenos Aires; catorce residentes en la Ciudad de Buenos Aires; y dos residentes R\u00edo Negro) y 46 mujeres (diecisiete residentes en la provincia de Buenos Aires; veintisiete residentes en la Ciudad de Buenos Aires; uno residente en la provincia de Mendoza; y uno residente en la provincia de R\u00edo Negro. Al momento la cantidad de personas fallecidas es 2.373.<\/p>\n","protected":false},"excerpt":{"rendered":"<p>Iniciada la noche de este lunes, se dio a conocer el informe local con la situaci\u00f3n epidemiol\u00f3gica de Mercedes. Se &#8230; <a title=\"Coronavirus en Mercedes: M\u00e1s positivos entre las fuerzas de seguridad\" class=\"read-more\" href=\"https:\/\/www.hoymercedes.com.ar\/principal\/2020\/07\/20\/coronavirus-en-mercedes-mas-positivos-entre-las-fuerzas-de-seguridad\/\" aria-label=\"Leer m\u00e1s sobre Coronavirus en Mercedes: M\u00e1s positivos entre las fuerzas de seguridad\">Leer m\u00e1s<\/a><\/p>\n","protected":false},"author":1,"featured_media":113899,"comment_status":"closed","ping_status":"open","sticky":false,"template":"","format":"standard","meta":{"_monsterinsights_skip_tracking":false,"_monsterinsights_sitenote_active":false,"_monsterinsights_sitenote_note":"","_monsterinsights_sitenote_category":0,"jetpack_post_was_ever_published":false,"_jetpack_newsletter_access":"","_jetpack_dont_email_post_to_subs":false,"_jetpack_newsletter_tier_id":0,"_jetpack_memberships_contains_paywalled_content":false,"_jetpack_memberships_contains_paid_content":false,"footnotes":"","jetpack_publicize_message":"","jetpack_publicize_feature_enabled":true,"jetpack_social_post_already_shared":false,"jetpack_social_options":{"image_generator_settings":{"template":"highway","default_image_id":0,"font":"","enabled":false},"version":2},"_wpas_customize_per_network":false},"categories":[8],"tags":[16428,16561,16175,16313],"class_list":["post-113893","post","type-post","status-publish","format-standard","has-post-thumbnail","hentry","category-sociedad","tag-casos-positivos","tag-cierre-del-dia","tag-coronavirus","tag-covid-19","generate-columns","tablet-grid-50","mobile-grid-100","grid-parent","grid-50"],"jetpack_publicize_connections":[],"jetpack_featured_media_url":"https:\/\/www.hoymercedes.com.ar\/principal\/wp-content\/uploads\/2020\/07\/WhatsApp-Image-2020-07-20-at-21.46.18.jpeg","wps_subtitle":"Cierre del d\u00eda","jetpack_sharing_enabled":true,"_links":{"self":[{"href":"https:\/\/www.hoymercedes.com.ar\/principal\/wp-json\/wp\/v2\/posts\/113893","targetHints":{"allow":["GET"]}}],"collection":[{"href":"https:\/\/www.hoymercedes.com.ar\/principal\/wp-json\/wp\/v2\/posts"}],"about":[{"href":"https:\/\/www.hoymercedes.com.ar\/principal\/wp-json\/wp\/v2\/types\/post"}],"author":[{"embeddable":true,"href":"https:\/\/www.hoymercedes.com.ar\/principal\/wp-json\/wp\/v2\/users\/1"}],"replies":[{"embeddable":true,"href":"https:\/\/www.hoymercedes.com.ar\/principal\/wp-json\/wp\/v2\/comments?post=113893"}],"version-history":[{"count":0,"href":"https:\/\/www.hoymercedes.com.ar\/principal\/wp-json\/wp\/v2\/posts\/113893\/revisions"}],"wp:featuredmedia":[{"embeddable":true,"href":"https:\/\/www.hoymercedes.com.ar\/principal\/wp-json\/wp\/v2\/media\/113899"}],"wp:attachment":[{"href":"https:\/\/www.hoymercedes.com.ar\/principal\/wp-json\/wp\/v2\/media?parent=113893"}],"wp:term":[{"taxonomy":"category","embeddable":true,"href":"https:\/\/www.hoymercedes.com.ar\/principal\/wp-json\/wp\/v2\/categories?post=113893"},{"taxonomy":"post_tag","embeddable":true,"href":"https:\/\/www.hoymercedes.com.ar\/principal\/wp-json\/wp\/v2\/tags?post=113893"}],"curies":[{"name":"wp","href":"https:\/\/api.w.org\/{rel}","templated":true}]}}