{"id":113904,"date":"2020-07-21T09:35:50","date_gmt":"2020-07-21T12:35:50","guid":{"rendered":"http:\/\/www.hoymercedes.com.ar\/principal\/?p=113904"},"modified":"2020-07-21T09:35:53","modified_gmt":"2020-07-21T12:35:53","slug":"el-milan-de-lucas-biglia-juega-hoy-ante-sassuolo-con-la-mision-de-sumar-para-ingresar-a-la-europa-league","status":"publish","type":"post","link":"https:\/\/www.hoymercedes.com.ar\/principal\/2020\/07\/21\/el-milan-de-lucas-biglia-juega-hoy-ante-sassuolo-con-la-mision-de-sumar-para-ingresar-a-la-europa-league\/","title":{"rendered":"El Milan de Lucas Biglia juega hoy ante Sassuolo con la misi\u00f3n de sumar para ingresar a la Europa League"},"content":{"rendered":"\n<p>Lucas Biglia disfruta de sus \u00faltimas semanas en el AC Milan. El Rossonero juega hoy desde las 16.45 ante Sassuolo (televisa ESPN), su inmediato perseguidor, con la firme misi\u00f3n de obtener un triunfo que lo deje clasificado a la Europa League tras estar dos a\u00f1os sin competencias internacionales.<\/p>\n\n\n\n<figure class=\"wp-block-image size-large\"><img loading=\"lazy\" decoding=\"async\" width=\"1020\" height=\"560\" data-attachment-id=\"78896\" data-permalink=\"https:\/\/www.hoymercedes.com.ar\/principal\/2018\/07\/22\/el-tas-resolvio-a-favor-del-milan-y-lucas-biglia-podra-jugara-por-la-copa-de-europa\/lucas-biglia-festejo-milan\/#main\" data-orig-file=\"https:\/\/www.hoymercedes.com.ar\/principal\/wp-content\/uploads\/2018\/07\/Lucas-Biglia-Festejo-Milan.jpg\" data-orig-size=\"1020,560\" data-comments-opened=\"0\" data-image-meta=\"{&quot;aperture&quot;:&quot;0&quot;,&quot;credit&quot;:&quot;&quot;,&quot;camera&quot;:&quot;&quot;,&quot;caption&quot;:&quot;&quot;,&quot;created_timestamp&quot;:&quot;0&quot;,&quot;copyright&quot;:&quot;&quot;,&quot;focal_length&quot;:&quot;0&quot;,&quot;iso&quot;:&quot;0&quot;,&quot;shutter_speed&quot;:&quot;0&quot;,&quot;title&quot;:&quot;&quot;,&quot;orientation&quot;:&quot;0&quot;}\" data-image-title=\"Lucas Biglia Festejo Milan\" data-image-description=\"\" data-image-caption=\"\" data-large-file=\"https:\/\/www.hoymercedes.com.ar\/principal\/wp-content\/uploads\/2018\/07\/Lucas-Biglia-Festejo-Milan.jpg\" src=\"https:\/\/www.hoymercedes.com.ar\/principal\/wp-content\/uploads\/2018\/07\/Lucas-Biglia-Festejo-Milan.jpg\" alt=\"\" class=\"wp-image-78896\" srcset=\"https:\/\/www.hoymercedes.com.ar\/principal\/wp-content\/uploads\/2018\/07\/Lucas-Biglia-Festejo-Milan.jpg 1020w, https:\/\/www.hoymercedes.com.ar\/principal\/wp-content\/uploads\/2018\/07\/Lucas-Biglia-Festejo-Milan-150x82.jpg 150w, https:\/\/www.hoymercedes.com.ar\/principal\/wp-content\/uploads\/2018\/07\/Lucas-Biglia-Festejo-Milan-630x346.jpg 630w\" sizes=\"auto, (max-width: 1020px) 100vw, 1020px\" \/><\/figure>\n\n\n\n<p>El volante mercedino, quien perdi\u00f3 la titularidad en el equipo, en las \u00faltimas fechas logr\u00f3 sumar minutos, incluso jugando un encuentro desde el inicio ante Parma en la victoria por 3 a 1. Luego, en la goleada por 5 a 1 ante Bologna, el ex Argentinos Juniors e Independiente, ingres\u00f3 en el segundo tiempo.<\/p>\n\n\n\n<p>Lo cierto es que, con el de hoy, a Milan le quedan tres partidos en la Serie A para culminar la temporada y que con muy poco clasificar\u00e1 a Europa League y, para Biglia, ser\u00e1n los encuentros finales antes de emigrar, tal vez, hacia el Anderlecht de B\u00e9lgica.<\/p>\n","protected":false},"excerpt":{"rendered":"<p>Lucas Biglia disfruta de sus \u00faltimas semanas en el AC Milan. El Rossonero juega hoy desde las 16.45 ante Sassuolo &#8230; <a title=\"El Milan de Lucas Biglia juega hoy ante Sassuolo con la misi\u00f3n de sumar para ingresar a la Europa League\" class=\"read-more\" href=\"https:\/\/www.hoymercedes.com.ar\/principal\/2020\/07\/21\/el-milan-de-lucas-biglia-juega-hoy-ante-sassuolo-con-la-mision-de-sumar-para-ingresar-a-la-europa-league\/\" aria-label=\"Leer m\u00e1s sobre El Milan de Lucas Biglia juega hoy ante Sassuolo con la misi\u00f3n de sumar para ingresar a la Europa League\">Leer m\u00e1s<\/a><\/p>\n","protected":false},"author":1,"featured_media":82590,"comment_status":"closed","ping_status":"open","sticky":false,"template":"","format":"standard","meta":{"_monsterinsights_skip_tracking":false,"_monsterinsights_sitenote_active":false,"_monsterinsights_sitenote_note":"","_monsterinsights_sitenote_category":0,"jetpack_post_was_ever_published":false,"_jetpack_newsletter_access":"","_jetpack_dont_email_post_to_subs":false,"_jetpack_newsletter_tier_id":0,"_jetpack_memberships_contains_paywalled_content":false,"_jetpack_memberships_contains_paid_content":false,"footnotes":"","jetpack_publicize_message":"","jetpack_publicize_feature_enabled":true,"jetpack_social_post_already_shared":true,"jetpack_social_options":{"image_generator_settings":{"template":"highway","default_image_id":0,"font":"","enabled":false},"version":2},"_wpas_customize_per_network":false},"categories":[21],"tags":[14624,305,10728],"class_list":["post-113904","post","type-post","status-publish","format-standard","has-post-thumbnail","hentry","category-deportes","tag-ac-milan","tag-lucas-biglia","tag-serie-a","generate-columns","tablet-grid-50","mobile-grid-100","grid-parent","grid-50"],"jetpack_publicize_connections":[],"jetpack_featured_media_url":"https:\/\/www.hoymercedes.com.ar\/principal\/wp-content\/uploads\/2018\/10\/Lucas-Biglia-Festejo-Milan.jpg","wps_subtitle":"La Legi\u00f3n","jetpack_sharing_enabled":true,"_links":{"self":[{"href":"https:\/\/www.hoymercedes.com.ar\/principal\/wp-json\/wp\/v2\/posts\/113904","targetHints":{"allow":["GET"]}}],"collection":[{"href":"https:\/\/www.hoymercedes.com.ar\/principal\/wp-json\/wp\/v2\/posts"}],"about":[{"href":"https:\/\/www.hoymercedes.com.ar\/principal\/wp-json\/wp\/v2\/types\/post"}],"author":[{"embeddable":true,"href":"https:\/\/www.hoymercedes.com.ar\/principal\/wp-json\/wp\/v2\/users\/1"}],"replies":[{"embeddable":true,"href":"https:\/\/www.hoymercedes.com.ar\/principal\/wp-json\/wp\/v2\/comments?post=113904"}],"version-history":[{"count":0,"href":"https:\/\/www.hoymercedes.com.ar\/principal\/wp-json\/wp\/v2\/posts\/113904\/revisions"}],"wp:featuredmedia":[{"embeddable":true,"href":"https:\/\/www.hoymercedes.com.ar\/principal\/wp-json\/wp\/v2\/media\/82590"}],"wp:attachment":[{"href":"https:\/\/www.hoymercedes.com.ar\/principal\/wp-json\/wp\/v2\/media?parent=113904"}],"wp:term":[{"taxonomy":"category","embeddable":true,"href":"https:\/\/www.hoymercedes.com.ar\/principal\/wp-json\/wp\/v2\/categories?post=113904"},{"taxonomy":"post_tag","embeddable":true,"href":"https:\/\/www.hoymercedes.com.ar\/principal\/wp-json\/wp\/v2\/tags?post=113904"}],"curies":[{"name":"wp","href":"https:\/\/api.w.org\/{rel}","templated":true}]}}