{"id":113907,"date":"2020-07-21T12:36:02","date_gmt":"2020-07-21T15:36:02","guid":{"rendered":"http:\/\/www.hoymercedes.com.ar\/principal\/?p=113907"},"modified":"2020-07-21T09:59:31","modified_gmt":"2020-07-21T12:59:31","slug":"francisco-viola-campeon-del-torneo-virtual-de-la-universidad-de-lomas-de-zamora","status":"publish","type":"post","link":"https:\/\/www.hoymercedes.com.ar\/principal\/2020\/07\/21\/francisco-viola-campeon-del-torneo-virtual-de-la-universidad-de-lomas-de-zamora\/","title":{"rendered":"Francisco Viola, campe\u00f3n del torneo virtual de la Universidad de Lomas de Zamora"},"content":{"rendered":"\n<p>Finalmente el ajedrecista mercedino Francisco Viola se coron\u00f3 campe\u00f3n del torneo organizado por la Universidad Nacional de Lomas de Zamora a una fecha del final. Aunque no logr\u00f3 quedarse con la fecha, como en casi todo el certamen, los puntos sumados m\u00e1s la distancia que ya hab\u00eda cosechado, hicieron que se quede con el t\u00edtulo.<\/p>\n\n\n\n<div class=\"wp-block-image\"><figure class=\"aligncenter size-large\"><img loading=\"lazy\" decoding=\"async\" width=\"712\" height=\"890\" data-attachment-id=\"113912\" data-permalink=\"https:\/\/www.hoymercedes.com.ar\/principal\/2020\/07\/21\/francisco-viola-campeon-del-torneo-virtual-de-la-universidad-de-lomas-de-zamora\/francisco-viola-ajedrez\/#main\" data-orig-file=\"https:\/\/www.hoymercedes.com.ar\/principal\/wp-content\/uploads\/2020\/07\/Francisco-Viola-Ajedrez.jpg\" data-orig-size=\"712,890\" data-comments-opened=\"0\" data-image-meta=\"{&quot;aperture&quot;:&quot;0&quot;,&quot;credit&quot;:&quot;&quot;,&quot;camera&quot;:&quot;&quot;,&quot;caption&quot;:&quot;&quot;,&quot;created_timestamp&quot;:&quot;0&quot;,&quot;copyright&quot;:&quot;&quot;,&quot;focal_length&quot;:&quot;0&quot;,&quot;iso&quot;:&quot;0&quot;,&quot;shutter_speed&quot;:&quot;0&quot;,&quot;title&quot;:&quot;&quot;,&quot;orientation&quot;:&quot;0&quot;}\" data-image-title=\"Francisco-Viola-Ajedrez\" data-image-description=\"\" data-image-caption=\"\" data-large-file=\"https:\/\/www.hoymercedes.com.ar\/principal\/wp-content\/uploads\/2020\/07\/Francisco-Viola-Ajedrez.jpg\" src=\"https:\/\/www.hoymercedes.com.ar\/principal\/wp-content\/uploads\/2020\/07\/Francisco-Viola-Ajedrez.jpg\" alt=\"\" class=\"wp-image-113912\"\/><\/figure><\/div>\n\n\n\n<p>Entre 16 participantes Viola culmin\u00f3 tercero con 4,5 puntos, obteniendo 6 el ganador y 5,5 el segundo puesto. Llegando a los 70 puntos Francisco Viola ya es campe\u00f3n de la UNLZ, su inmediato perseguidor ya no podr\u00e1 alcanzarlo al estar s\u00f3lo 7 unidades en disputa, es Fr\u00edas con 55 puntos.<\/p>\n\n\n\n<p>Por otra parte, Viola particip\u00f3 de un torneo organizado por la Universidad del Centro de Buenos Aires, donde 7 instituciones educativas tomaron parte de la misma en lo que fue un campeonato por equipos, con un m\u00ednimo de 7 jugadores y un m\u00e1ximo de 12 por cada uno de ellos. El torneo se jug\u00f3 con Sistema Arena, dispuntando 11 partidas de 90 minutos de duraci\u00f3n. <\/p>\n\n\n\n<p>Viola, gan\u00f3 seis partidas, empat\u00f3 3 y perdi\u00f3 2 y junto a sus compa\u00f1eros cosech\u00f3 163 puntos, colocando a la Universidad de Lomas de Zamora en la segunda posici\u00f3n, detras de la de Tres de Febrero, que sum\u00f3 181. Tercero qued\u00f3 la del Centro con 136.<\/p>\n","protected":false},"excerpt":{"rendered":"<p>Finalmente el ajedrecista mercedino Francisco Viola se coron\u00f3 campe\u00f3n del torneo organizado por la Universidad Nacional de Lomas de Zamora &#8230; <a title=\"Francisco Viola, campe\u00f3n del torneo virtual de la Universidad de Lomas de Zamora\" class=\"read-more\" href=\"https:\/\/www.hoymercedes.com.ar\/principal\/2020\/07\/21\/francisco-viola-campeon-del-torneo-virtual-de-la-universidad-de-lomas-de-zamora\/\" aria-label=\"Leer m\u00e1s sobre Francisco Viola, campe\u00f3n del torneo virtual de la Universidad de Lomas de Zamora\">Leer m\u00e1s<\/a><\/p>\n","protected":false},"author":1,"featured_media":113912,"comment_status":"closed","ping_status":"open","sticky":false,"template":"","format":"standard","meta":{"_monsterinsights_skip_tracking":false,"_monsterinsights_sitenote_active":false,"_monsterinsights_sitenote_note":"","_monsterinsights_sitenote_category":0,"jetpack_post_was_ever_published":false,"_jetpack_newsletter_access":"","_jetpack_dont_email_post_to_subs":false,"_jetpack_newsletter_tier_id":0,"_jetpack_memberships_contains_paywalled_content":false,"_jetpack_memberships_contains_paid_content":false,"footnotes":"","jetpack_publicize_message":"","jetpack_publicize_feature_enabled":true,"jetpack_social_post_already_shared":true,"jetpack_social_options":{"image_generator_settings":{"template":"highway","default_image_id":0,"font":"","enabled":false},"version":2},"_wpas_customize_per_network":false},"categories":[21],"tags":[9871,15550,16855,10172],"class_list":["post-113907","post","type-post","status-publish","format-standard","has-post-thumbnail","hentry","category-deportes","tag-ajedrez","tag-francisco-viola","tag-universidad-del-centro","tag-universidad-lomas-de-zamora","generate-columns","tablet-grid-50","mobile-grid-100","grid-parent","grid-50"],"jetpack_publicize_connections":[],"jetpack_featured_media_url":"https:\/\/www.hoymercedes.com.ar\/principal\/wp-content\/uploads\/2020\/07\/Francisco-Viola-Ajedrez.jpg","wps_subtitle":"Ajedrez","jetpack_sharing_enabled":true,"jetpack-related-posts":[{"id":111248,"url":"https:\/\/www.hoymercedes.com.ar\/principal\/2020\/05\/27\/francisco-viola-nuevamente-campeon-en-la-universidad-de-lomas\/","url_meta":{"origin":113907,"position":0},"title":"Francisco Viola, nuevamente campe\u00f3n en la Universidad de Lomas","author":"hoymercedes","date":"27 mayo, 2020","format":false,"excerpt":"El ajedrecista Francisco Viola fue parte de la cuarta fecha del torneo de ajedrez virtual que organiza la Universidad Nacional de Lomas de Zamora. Fueron 16 los participantes y en esta oportunidad hubo un triple empate en el primer puesto, ya que el mercedino obtuvo 5 triunfos y 2 derrotas\u2026","rel":"","context":"En \u00abDeportes\u00bb","block_context":{"text":"Deportes","link":"https:\/\/www.hoymercedes.com.ar\/principal\/category\/deportes\/"},"img":{"alt_text":"","src":"https:\/\/i0.wp.com\/www.hoymercedes.com.ar\/principal\/wp-content\/uploads\/2020\/05\/Francisco-Viola-4.jpg?resize=350%2C200&ssl=1","width":350,"height":200,"srcset":"https:\/\/i0.wp.com\/www.hoymercedes.com.ar\/principal\/wp-content\/uploads\/2020\/05\/Francisco-Viola-4.jpg?resize=350%2C200&ssl=1 1x, https:\/\/i0.wp.com\/www.hoymercedes.com.ar\/principal\/wp-content\/uploads\/2020\/05\/Francisco-Viola-4.jpg?resize=525%2C300&ssl=1 1.5x, https:\/\/i0.wp.com\/www.hoymercedes.com.ar\/principal\/wp-content\/uploads\/2020\/05\/Francisco-Viola-4.jpg?resize=700%2C400&ssl=1 2x"},"classes":[]},{"id":111854,"url":"https:\/\/www.hoymercedes.com.ar\/principal\/2020\/06\/08\/francisco-viola-mantiene-el-invicto-en-el-torneo-de-lomas-de-zamora\/","url_meta":{"origin":113907,"position":1},"title":"Francisco Viola mantiene el invicto en el torneo de Lomas de Zamora","author":"hoymercedes","date":"8 junio, 2020","format":false,"excerpt":"La s\u00e9ptima fecha del circuito de ajedrez virtual del torneo que organiza la Universidad de Lomas de Zamora se llev\u00f3 a cabo este s\u00e1bado, en una de las pocas actividades deportivas que se encuentra en funcionamiento durante la cuarentena. Francisco Viola volvi\u00f3 a tener una buena performance, ganando 5 de\u2026","rel":"","context":"En \u00abDeportes\u00bb","block_context":{"text":"Deportes","link":"https:\/\/www.hoymercedes.com.ar\/principal\/category\/deportes\/"},"img":{"alt_text":"","src":"https:\/\/i0.wp.com\/www.hoymercedes.com.ar\/principal\/wp-content\/uploads\/2020\/06\/Francisco-Viola-Fecha-7-UNLZ-1.jpg?resize=350%2C200&ssl=1","width":350,"height":200,"srcset":"https:\/\/i0.wp.com\/www.hoymercedes.com.ar\/principal\/wp-content\/uploads\/2020\/06\/Francisco-Viola-Fecha-7-UNLZ-1.jpg?resize=350%2C200&ssl=1 1x, https:\/\/i0.wp.com\/www.hoymercedes.com.ar\/principal\/wp-content\/uploads\/2020\/06\/Francisco-Viola-Fecha-7-UNLZ-1.jpg?resize=525%2C300&ssl=1 1.5x, https:\/\/i0.wp.com\/www.hoymercedes.com.ar\/principal\/wp-content\/uploads\/2020\/06\/Francisco-Viola-Fecha-7-UNLZ-1.jpg?resize=700%2C400&ssl=1 2x"},"classes":[]},{"id":110881,"url":"https:\/\/www.hoymercedes.com.ar\/principal\/2020\/05\/19\/francisco-viola-se-quedo-con-la-tercera-fecha-de-la-universidad-de-lomas\/","url_meta":{"origin":113907,"position":2},"title":"Francisco Viola se qued\u00f3 con la tercera fecha de la Universidad de Lomas","author":"hoymercedes","date":"19 mayo, 2020","format":false,"excerpt":"El ajedrecista Francisco Viola contin\u00faa jugando el torneo virtual del deporte ciencia organizado por la Universidad de Lomas de Zamora y en esta fecha se consagr\u00f3 campe\u00f3n. Este s\u00e1bado se realiz\u00f3 la tercera jornada y el mercedino gan\u00f3 las siete partidas que disput\u00f3. De un total de 22 participantes, Viola\u2026","rel":"","context":"En \u00abDeportes\u00bb","block_context":{"text":"Deportes","link":"https:\/\/www.hoymercedes.com.ar\/principal\/category\/deportes\/"},"img":{"alt_text":"","src":"https:\/\/i0.wp.com\/www.hoymercedes.com.ar\/principal\/wp-content\/uploads\/2020\/05\/Francisco-Viola-3-1.jpg?resize=350%2C200&ssl=1","width":350,"height":200,"srcset":"https:\/\/i0.wp.com\/www.hoymercedes.com.ar\/principal\/wp-content\/uploads\/2020\/05\/Francisco-Viola-3-1.jpg?resize=350%2C200&ssl=1 1x, https:\/\/i0.wp.com\/www.hoymercedes.com.ar\/principal\/wp-content\/uploads\/2020\/05\/Francisco-Viola-3-1.jpg?resize=525%2C300&ssl=1 1.5x, https:\/\/i0.wp.com\/www.hoymercedes.com.ar\/principal\/wp-content\/uploads\/2020\/05\/Francisco-Viola-3-1.jpg?resize=700%2C400&ssl=1 2x"},"classes":[]},{"id":114979,"url":"https:\/\/www.hoymercedes.com.ar\/principal\/2020\/08\/12\/francisco-viola-participo-de-un-amistoso-con-la-universidad-de-lomas-de-zamora\/","url_meta":{"origin":113907,"position":3},"title":"Francisco Viola particip\u00f3 de un amistoso con la Universidad de Lomas de Zamora","author":"hoymercedes","date":"12 agosto, 2020","format":false,"excerpt":"El equipo de ajedrez de la Universidad de Lomas de Zamora disput\u00f3 un amistoso este s\u00e1bado 6 ante la Universidad de Ezeiza y el mercedino Francisco Viola fue parte de ese encuentro jugando para UNLZ. Junto a \u00e9l estuvieron los 8 mejores del Circuito en el que Viola fue campe\u00f3n\u2026","rel":"","context":"En \u00abDeportes\u00bb","block_context":{"text":"Deportes","link":"https:\/\/www.hoymercedes.com.ar\/principal\/category\/deportes\/"},"img":{"alt_text":"","src":"https:\/\/i0.wp.com\/www.hoymercedes.com.ar\/principal\/wp-content\/uploads\/2020\/08\/Francisco-Viola-Universidad-de-Lomas-de-Zamora-Ajedrez.jpg?resize=350%2C200&ssl=1","width":350,"height":200,"srcset":"https:\/\/i0.wp.com\/www.hoymercedes.com.ar\/principal\/wp-content\/uploads\/2020\/08\/Francisco-Viola-Universidad-de-Lomas-de-Zamora-Ajedrez.jpg?resize=350%2C200&ssl=1 1x, https:\/\/i0.wp.com\/www.hoymercedes.com.ar\/principal\/wp-content\/uploads\/2020\/08\/Francisco-Viola-Universidad-de-Lomas-de-Zamora-Ajedrez.jpg?resize=525%2C300&ssl=1 1.5x, https:\/\/i0.wp.com\/www.hoymercedes.com.ar\/principal\/wp-content\/uploads\/2020\/08\/Francisco-Viola-Universidad-de-Lomas-de-Zamora-Ajedrez.jpg?resize=700%2C400&ssl=1 2x"},"classes":[]},{"id":112221,"url":"https:\/\/www.hoymercedes.com.ar\/principal\/2020\/06\/16\/se-corto-la-racha-para-francisco-viola-en-la-unlz\/","url_meta":{"origin":113907,"position":4},"title":"Se cort\u00f3 la racha para Francisco Viola en la UNLZ","author":"hoymercedes","date":"16 junio, 2020","format":false,"excerpt":"Luego de campeonar durante cuatro jornadas al hilo, Francisco Viola qued\u00f3 segundo este s\u00e1bado en el torneo de ajedrez virtual que se organiza la Universidad Nacional de Lomas de Zamora. El mercedino hab\u00eda ganado la primera fecha y luego las jornadas tres a seis, mientras que en la s\u00e9ptima, qued\u00f3\u2026","rel":"","context":"En \u00abDeportes\u00bb","block_context":{"text":"Deportes","link":"https:\/\/www.hoymercedes.com.ar\/principal\/category\/deportes\/"},"img":{"alt_text":"","src":"https:\/\/i0.wp.com\/www.hoymercedes.com.ar\/principal\/wp-content\/uploads\/2020\/06\/Francisco-Viola-4.jpg?resize=350%2C200&ssl=1","width":350,"height":200,"srcset":"https:\/\/i0.wp.com\/www.hoymercedes.com.ar\/principal\/wp-content\/uploads\/2020\/06\/Francisco-Viola-4.jpg?resize=350%2C200&ssl=1 1x, https:\/\/i0.wp.com\/www.hoymercedes.com.ar\/principal\/wp-content\/uploads\/2020\/06\/Francisco-Viola-4.jpg?resize=525%2C300&ssl=1 1.5x, https:\/\/i0.wp.com\/www.hoymercedes.com.ar\/principal\/wp-content\/uploads\/2020\/06\/Francisco-Viola-4.jpg?resize=700%2C400&ssl=1 2x"},"classes":[]},{"id":111453,"url":"https:\/\/www.hoymercedes.com.ar\/principal\/2020\/05\/31\/francisco-viola-se-quedo-con-la-quinta-fecha-en-la-universidad-de-lomas\/","url_meta":{"origin":113907,"position":5},"title":"Francisco Viola se qued\u00f3 con la quinta fecha en la Universidad de Lomas","author":"hoymercedes","date":"31 mayo, 2020","format":false,"excerpt":"La jornada del s\u00e1bado tuvo a Francisco Viola una vez m\u00e1s como el mejor de la fecha. El ajedrecista forma parte del torneo virtual organizado por la Universidad de Lomas de Zamora. Sobre siete partidas gan\u00f3 seis y empat\u00f3 la restante, por lo que se hizo inalcanzable para sus inmediatos\u2026","rel":"","context":"En \u00abDeportes\u00bb","block_context":{"text":"Deportes","link":"https:\/\/www.hoymercedes.com.ar\/principal\/category\/deportes\/"},"img":{"alt_text":"","src":"https:\/\/i0.wp.com\/www.hoymercedes.com.ar\/principal\/wp-content\/uploads\/2020\/05\/Francisco-Viola-5.jpg?resize=350%2C200&ssl=1","width":350,"height":200,"srcset":"https:\/\/i0.wp.com\/www.hoymercedes.com.ar\/principal\/wp-content\/uploads\/2020\/05\/Francisco-Viola-5.jpg?resize=350%2C200&ssl=1 1x, https:\/\/i0.wp.com\/www.hoymercedes.com.ar\/principal\/wp-content\/uploads\/2020\/05\/Francisco-Viola-5.jpg?resize=525%2C300&ssl=1 1.5x, https:\/\/i0.wp.com\/www.hoymercedes.com.ar\/principal\/wp-content\/uploads\/2020\/05\/Francisco-Viola-5.jpg?resize=700%2C400&ssl=1 2x"},"classes":[]}],"_links":{"self":[{"href":"https:\/\/www.hoymercedes.com.ar\/principal\/wp-json\/wp\/v2\/posts\/113907","targetHints":{"allow":["GET"]}}],"collection":[{"href":"https:\/\/www.hoymercedes.com.ar\/principal\/wp-json\/wp\/v2\/posts"}],"about":[{"href":"https:\/\/www.hoymercedes.com.ar\/principal\/wp-json\/wp\/v2\/types\/post"}],"author":[{"embeddable":true,"href":"https:\/\/www.hoymercedes.com.ar\/principal\/wp-json\/wp\/v2\/users\/1"}],"replies":[{"embeddable":true,"href":"https:\/\/www.hoymercedes.com.ar\/principal\/wp-json\/wp\/v2\/comments?post=113907"}],"version-history":[{"count":0,"href":"https:\/\/www.hoymercedes.com.ar\/principal\/wp-json\/wp\/v2\/posts\/113907\/revisions"}],"wp:featuredmedia":[{"embeddable":true,"href":"https:\/\/www.hoymercedes.com.ar\/principal\/wp-json\/wp\/v2\/media\/113912"}],"wp:attachment":[{"href":"https:\/\/www.hoymercedes.com.ar\/principal\/wp-json\/wp\/v2\/media?parent=113907"}],"wp:term":[{"taxonomy":"category","embeddable":true,"href":"https:\/\/www.hoymercedes.com.ar\/principal\/wp-json\/wp\/v2\/categories?post=113907"},{"taxonomy":"post_tag","embeddable":true,"href":"https:\/\/www.hoymercedes.com.ar\/principal\/wp-json\/wp\/v2\/tags?post=113907"}],"curies":[{"name":"wp","href":"https:\/\/api.w.org\/{rel}","templated":true}]}}