{"id":113939,"date":"2020-07-21T18:04:49","date_gmt":"2020-07-21T21:04:49","guid":{"rendered":"http:\/\/www.hoymercedes.com.ar\/principal\/?p=113939"},"modified":"2020-07-21T18:57:04","modified_gmt":"2020-07-21T21:57:04","slug":"un-aprehendido-por-robo-agravado-en-verduleria","status":"publish","type":"post","link":"https:\/\/www.hoymercedes.com.ar\/principal\/2020\/07\/21\/un-aprehendido-por-robo-agravado-en-verduleria\/","title":{"rendered":"Un aprehendido por robo agravado en verduler\u00eda"},"content":{"rendered":"\n<p>El 19 de julio del corriente, en horas de la ma\u00f1ana, una vecina de la localidad de Luj\u00e1n se encontraba abriendo un comercio del rubro verduler\u00eda cuando fue sorprendido por un sujeto con guantes, que la intimid\u00f3 con un arma de fuego de tipo rev\u00f3lver. En la ocasi\u00f3n le sustrajo un parlante, un celular y dinero en efectivo.<\/p>\n\n\n\n<p>La damnificada realiz\u00f3 la denuncia correspondiente que recay\u00f3 en la Unidad Funcional de Instrucci\u00f3n N\u00ba 10 \u2013 a cargo de la Dra. Laura Cordiviola \u2013 y se iniciaron las tareas investigativas correspondientes.<\/p>\n\n\n\n<p>En horas de la madrugada del d\u00eda siguiente, personal policial de Comando de Patrullas Luj\u00e1n cuando realizaba recorrida por calle Colectora Norte y Puente B de la localidad advirtieron la presencia de un hombre con id\u00e9nticas caracter\u00edsticas a quien hab\u00eda perpetrado el il\u00edcito. Lo interceptaron y condujeron a la seccional policial, donde en la requisa encontraron un par de guantes, un parlante inal\u00e1mbrico de similares caracter\u00edsticas al sustra\u00eddo, una Tablet, chips y tarjetas de memorias de celular y dinero en efectivo. Varios elementos as\u00ed como las vestimentas fueron reconocidos posteriormente por la v\u00edctima.<\/p>\n\n\n\n<p>En tanto, desde la UFI la fiscal orden\u00f3 un allanamiento en la urgencia- en el marco de las facultades que le son propias \u2013 en dos domicilios en barrio Ameghino y barrio Juan XXIII de la misma localidad a fin de hallar elementos vinculados con el il\u00edcito, la cual fue concedida y llevada a cabo en la misma jornada del lunes. En uno de los domicilios se logr\u00f3 secuestrar un arma de fuego de similares caracter\u00edsticas a las aportadas por la v\u00edctima. Posteriormente, el procedimiento fue avalado por el Juzgado de Garant\u00edas N\u00b0 3.<\/p>\n\n\n\n<p>Por el delito de \u201cRobo agravado por el uso de arma de fuego apta para el disparo\u201d, compareci\u00f3 ante la fiscal a cargo en el marco de la audiencia de declaraci\u00f3n en los t\u00e9rminos del art. 308 del C\u00f3digo Procesal Penal en la jornada de este martes.<\/p>\n\n\n\n<p>Fuente: Ministerio P\u00fablico Fiscal &#8211; Depto. Judicial Mercedes<\/p>\n","protected":false},"excerpt":{"rendered":"<p>El 19 de julio del corriente, en horas de la ma\u00f1ana, una vecina de la localidad de Luj\u00e1n se encontraba &#8230; <a title=\"Un aprehendido por robo agravado en verduler\u00eda\" class=\"read-more\" href=\"https:\/\/www.hoymercedes.com.ar\/principal\/2020\/07\/21\/un-aprehendido-por-robo-agravado-en-verduleria\/\" aria-label=\"Leer m\u00e1s sobre Un aprehendido por robo agravado en verduler\u00eda\">Leer m\u00e1s<\/a><\/p>\n","protected":false},"author":1,"featured_media":99825,"comment_status":"closed","ping_status":"open","sticky":false,"template":"","format":"standard","meta":{"_monsterinsights_skip_tracking":false,"_monsterinsights_sitenote_active":false,"_monsterinsights_sitenote_note":"","_monsterinsights_sitenote_category":0,"jetpack_post_was_ever_published":false,"_jetpack_newsletter_access":"","_jetpack_dont_email_post_to_subs":false,"_jetpack_newsletter_tier_id":0,"_jetpack_memberships_contains_paywalled_content":false,"_jetpack_memberships_contains_paid_content":false,"footnotes":"","jetpack_publicize_message":"","jetpack_publicize_feature_enabled":true,"jetpack_social_post_already_shared":true,"jetpack_social_options":{"image_generator_settings":{"template":"highway","default_image_id":0,"font":"","enabled":false},"version":2},"_wpas_customize_per_network":false},"categories":[85],"tags":[86,96,1057],"class_list":["post-113939","post","type-post","status-publish","format-standard","has-post-thumbnail","hentry","category-policial","tag-lujan","tag-policial-2","tag-regional","generate-columns","tablet-grid-50","mobile-grid-100","grid-parent","grid-50"],"jetpack_publicize_connections":[],"jetpack_featured_media_url":"https:\/\/www.hoymercedes.com.ar\/principal\/wp-content\/uploads\/2019\/09\/14-policial-lujan.jpg","wps_subtitle":"En Luj\u00e1n","jetpack_sharing_enabled":true,"_links":{"self":[{"href":"https:\/\/www.hoymercedes.com.ar\/principal\/wp-json\/wp\/v2\/posts\/113939","targetHints":{"allow":["GET"]}}],"collection":[{"href":"https:\/\/www.hoymercedes.com.ar\/principal\/wp-json\/wp\/v2\/posts"}],"about":[{"href":"https:\/\/www.hoymercedes.com.ar\/principal\/wp-json\/wp\/v2\/types\/post"}],"author":[{"embeddable":true,"href":"https:\/\/www.hoymercedes.com.ar\/principal\/wp-json\/wp\/v2\/users\/1"}],"replies":[{"embeddable":true,"href":"https:\/\/www.hoymercedes.com.ar\/principal\/wp-json\/wp\/v2\/comments?post=113939"}],"version-history":[{"count":0,"href":"https:\/\/www.hoymercedes.com.ar\/principal\/wp-json\/wp\/v2\/posts\/113939\/revisions"}],"wp:featuredmedia":[{"embeddable":true,"href":"https:\/\/www.hoymercedes.com.ar\/principal\/wp-json\/wp\/v2\/media\/99825"}],"wp:attachment":[{"href":"https:\/\/www.hoymercedes.com.ar\/principal\/wp-json\/wp\/v2\/media?parent=113939"}],"wp:term":[{"taxonomy":"category","embeddable":true,"href":"https:\/\/www.hoymercedes.com.ar\/principal\/wp-json\/wp\/v2\/categories?post=113939"},{"taxonomy":"post_tag","embeddable":true,"href":"https:\/\/www.hoymercedes.com.ar\/principal\/wp-json\/wp\/v2\/tags?post=113939"}],"curies":[{"name":"wp","href":"https:\/\/api.w.org\/{rel}","templated":true}]}}